{"id":141313,"date":"2026-01-13T16:45:07","date_gmt":"2026-01-13T16:45:07","guid":{"rendered":"https:\/\/www.europesays.com\/fi\/141313\/"},"modified":"2026-01-13T16:45:07","modified_gmt":"2026-01-13T16:45:07","slug":"sudenmetsastys-lauhanvuoren-alueella-paattyi-saaliiksi-saatiin-kuusi-sutta-etela-pohjanmaa","status":"publish","type":"post","link":"https:\/\/www.europesays.com\/fi\/141313\/","title":{"rendered":"Sudenmets\u00e4stys Lauhanvuoren alueella p\u00e4\u00e4ttyi \u2013 saaliiksi saatiin kuusi sutta | Etel\u00e4-Pohjanmaa"},"content":{"rendered":"<p class=\"aw-1gybjub aw-5vja16 kEtdKx kmuxyA yle__article__paragraph\">Riistakeskuksen mukaan suden mets\u00e4stys on lopetettava alueella v\u00e4litt\u00f6m\u00e4sti. Saaliiksi saaduista el\u00e4imist\u00e4 tutkitaan, ovatko ne susia vai koirasusia.<\/p>\n<p><img decoding=\"async\" alt=\"Susi katsoo kameraa.\" src=\"https:\/\/www.europesays.com\/fi\/wp-content\/uploads\/2026\/01\/1767343688_324_39-8714936176cfe4c86d8.jpeg\" class=\"aw-1l9m598 hKVVvP\"\/><\/p>\n<p>Avaa kuvien katselu<\/p>\n<p>Riistakeskuksen mukaan suden pyynti kohdennettiin Lauhanvuoren kiinti\u00f6alueelle erityisesti mets\u00e4peurakannan suojelemiseksi sek\u00e4 alueella tapahtuneiden kotiel\u00e4invahinkojen vuoksi. Kuvituskuva. Kuva: Ismo Pekkarinen\/All Over Press<\/p>\n<p class=\"aw-1gybjub aw-1p7kakr kEtdKx cEmitX yle__article__paragraph\">Suden mets\u00e4stys Lauhanvuoren alueella on p\u00e4\u00e4ttynyt t\u00e4n\u00e4\u00e4n tiistaina, kertoo Suomen riistakeskus.<\/p>\n<p class=\"aw-1gybjub aw-1p7kakr kEtdKx cEmitX yle__article__paragraph\">Lauhanvuoren kiinti\u00f6alueella saatiin riistakeskuksen mukaan saaliiksi kuusi el\u00e4int\u00e4, joista kaksi naarasta ja nelj\u00e4 urosta. Kaikista saaliiksi saaduista el\u00e4imist\u00e4 tutkitaan ovatko ne susia vai koirasusia.<\/p>\n<p class=\"aw-1gybjub aw-1p7kakr kEtdKx cEmitX yle__article__paragraph\">Suden mets\u00e4stys on lopetettava alueella v\u00e4litt\u00f6m\u00e4sti, riistakeskus toteaa tiedotteessaan.<\/p>\n<p class=\"aw-1gybjub aw-1p7kakr kEtdKx cEmitX yle__article__paragraph\">Suden kiinti\u00f6mets\u00e4stys on toteutettu 16 alueellisen kiinti\u00f6n puitteissa. Riistakeskuksen mukaan reviirikohtaiset kiinti\u00f6t on pyritty mitoittamaan siten, ett\u00e4 alueelta voidaan poistaa kaikki sudet.<\/p>\n<p class=\"aw-1gybjub aw-1p7kakr kEtdKx cEmitX yle__article__paragraph\">Kiinti\u00f6mets\u00e4stys on p\u00e4\u00e4ttynyt jo kymmenell\u00e4 alueista.<\/p>\n<p class=\"aw-1gybjub aw-1p7kakr kEtdKx cEmitX yle__article__paragraph\">Riistakeskuksen mukaan suden pyynti kohdennettiin Lauhanvuoren kiinti\u00f6alueelle erityisesti mets\u00e4peurakannan suojelemiseksi sek\u00e4 alueella tapahtuneiden kotiel\u00e4invahinkojen vuoksi.<\/p>\n","protected":false},"excerpt":{"rendered":"Riistakeskuksen mukaan suden mets\u00e4stys on lopetettava alueella v\u00e4litt\u00f6m\u00e4sti. Saaliiksi saaduista el\u00e4imist\u00e4 tutkitaan, ovatko ne susia vai koirasusia. Avaa&hellip;\n","protected":false},"author":2,"featured_media":131051,"comment_status":"","ping_status":"","sticky":false,"template":"","format":"standard","meta":{"footnotes":""},"categories":[117],"tags":[1377,33,31,30,11778,72,479,476,118,2938,32,4237,119,477,796],"class_list":{"0":"post-141313","1":"post","2":"type-post","3":"status-publish","4":"format-standard","5":"has-post-thumbnail","7":"category-luonto","8":"tag-etela-pohjanmaa","9":"tag-fi","10":"tag-finland","11":"tag-finnish","12":"tag-koirasusi","13":"tag-luonto","14":"tag-metsastys","15":"tag-nature","16":"tag-science","17":"tag-suomen-riistakeskus","18":"tag-suomi","19":"tag-susi","20":"tag-tiede","21":"tag-wildlife","22":"tag-yhteiskunta"},"share_on_mastodon":{"url":"https:\/\/pubeurope.com\/@fi\/115888804493506394","error":""},"_links":{"self":[{"href":"https:\/\/www.europesays.com\/fi\/wp-json\/wp\/v2\/posts\/141313","targetHints":{"allow":["GET"]}}],"collection":[{"href":"https:\/\/www.europesays.com\/fi\/wp-json\/wp\/v2\/posts"}],"about":[{"href":"https:\/\/www.europesays.com\/fi\/wp-json\/wp\/v2\/types\/post"}],"author":[{"embeddable":true,"href":"https:\/\/www.europesays.com\/fi\/wp-json\/wp\/v2\/users\/2"}],"replies":[{"embeddable":true,"href":"https:\/\/www.europesays.com\/fi\/wp-json\/wp\/v2\/comments?post=141313"}],"version-history":[{"count":0,"href":"https:\/\/www.europesays.com\/fi\/wp-json\/wp\/v2\/posts\/141313\/revisions"}],"wp:featuredmedia":[{"embeddable":true,"href":"https:\/\/www.europesays.com\/fi\/wp-json\/wp\/v2\/media\/131051"}],"wp:attachment":[{"href":"https:\/\/www.europesays.com\/fi\/wp-json\/wp\/v2\/media?parent=141313"}],"wp:term":[{"taxonomy":"category","embeddable":true,"href":"https:\/\/www.europesays.com\/fi\/wp-json\/wp\/v2\/categories?post=141313"},{"taxonomy":"post_tag","embeddable":true,"href":"https:\/\/www.europesays.com\/fi\/wp-json\/wp\/v2\/tags?post=141313"}],"curies":[{"name":"wp","href":"https:\/\/api.w.org\/{rel}","templated":true}]}}