{"id":141320,"date":"2026-01-13T17:04:06","date_gmt":"2026-01-13T17:04:06","guid":{"rendered":"https:\/\/www.europesays.com\/fi\/141320\/"},"modified":"2026-01-13T17:04:06","modified_gmt":"2026-01-13T17:04:06","slug":"the-voice-of-finlandin-uudella-kaudella-on-mukana-yksi-kouvolalainen-laulaja-paikalliset","status":"publish","type":"post","link":"https:\/\/www.europesays.com\/fi\/141320\/","title":{"rendered":"The Voice of Finlandin uudella kaudella on mukana yksi kouvolalainen laulaja | Paikalliset"},"content":{"rendered":"<p>Laulukilpailu The Voice of Finlandin uudella tuotantokaudella on mukana yksi kouvolalaislaulaja.<\/p>\n<p>Menestyst\u00e4 hakee 39-vuotias <strong>Jussi Mattsson<\/strong>.<\/p>\n<p>Rokkileipurinakin tunnettu Mattsson on pitk\u00e4n linjan musiikkiharrastaja, joka tekee soolouraa nimell\u00e4 Julian Rock.<\/p>\n<p>Julian Rockin tempauksiin kuuluu muun muassa yritys soittaa tuhat keikkaa sadan p\u00e4iv\u00e4n aikana vuonna 2011. Sopivien keikkapaikkojen v\u00e4hyyden vuoksi ylsi lopulta 600\u2013700 keikkaan.<\/p>\n<p>Televisiotuotannoissa Mattsson on ollut mukana vuonna 2022 osallistuttuaan Syksyn s\u00e4veleen ja Koko Suomi leipoo -ohjelmaan vuonna 2019.<\/p>\n<p><strong class=\"diks-storyline__impact\">Voicen <\/strong>uusi kausi alkaa 23.1.<\/p>\n<p>Alkavalla kaudella valmentajina toimivat <strong>Jenni Vartiainen<\/strong>,<strong> Elastinen<\/strong>, <strong>Sanni <\/strong>ja <strong>Arttu Wiskari.<\/strong><\/p>\n<p>Tunnetuin uuden kauden kilpailijoista lienee 45-vuotias <strong>Kristian Meurman<\/strong>, joka oli mukana Idolsissa vuonna 2007. Mukana on my\u00f6s Supernormaalia-sarjassa n\u00e4ytellyt 16-vuotias <strong>Emmi Kallio<\/strong>.<\/p>\n","protected":false},"excerpt":{"rendered":"Laulukilpailu The Voice of Finlandin uudella tuotantokaudella on mukana yksi kouvolalaislaulaja. Menestyst\u00e4 hakee 39-vuotias Jussi Mattsson. Rokkileipurinakin tunnettu&hellip;\n","protected":false},"author":2,"featured_media":141321,"comment_status":"","ping_status":"","sticky":false,"template":"","format":"standard","meta":{"footnotes":""},"categories":[130],"tags":[138,137,33,31,30,47,141,1999,32,3626,484,139,109],"class_list":{"0":"post-141320","1":"post","2":"type-post","3":"status-publish","4":"format-standard","5":"has-post-thumbnail","7":"category-viihde","8":"tag-audio","9":"tag-entertainment","10":"tag-fi","11":"tag-finland","12":"tag-finnish","13":"tag-musiikki","14":"tag-muusikot-bandit","15":"tag-suomalaiset-tv-ohjelmat","16":"tag-suomi","17":"tag-syksyn-savel","18":"tag-taiteellinen-ilmaisu-ja-mediat","19":"tag-tv-ohjelmat","20":"tag-viihde"},"share_on_mastodon":{"url":"https:\/\/pubeurope.com\/@fi\/115888879173150418","error":""},"_links":{"self":[{"href":"https:\/\/www.europesays.com\/fi\/wp-json\/wp\/v2\/posts\/141320","targetHints":{"allow":["GET"]}}],"collection":[{"href":"https:\/\/www.europesays.com\/fi\/wp-json\/wp\/v2\/posts"}],"about":[{"href":"https:\/\/www.europesays.com\/fi\/wp-json\/wp\/v2\/types\/post"}],"author":[{"embeddable":true,"href":"https:\/\/www.europesays.com\/fi\/wp-json\/wp\/v2\/users\/2"}],"replies":[{"embeddable":true,"href":"https:\/\/www.europesays.com\/fi\/wp-json\/wp\/v2\/comments?post=141320"}],"version-history":[{"count":0,"href":"https:\/\/www.europesays.com\/fi\/wp-json\/wp\/v2\/posts\/141320\/revisions"}],"wp:featuredmedia":[{"embeddable":true,"href":"https:\/\/www.europesays.com\/fi\/wp-json\/wp\/v2\/media\/141321"}],"wp:attachment":[{"href":"https:\/\/www.europesays.com\/fi\/wp-json\/wp\/v2\/media?parent=141320"}],"wp:term":[{"taxonomy":"category","embeddable":true,"href":"https:\/\/www.europesays.com\/fi\/wp-json\/wp\/v2\/categories?post=141320"},{"taxonomy":"post_tag","embeddable":true,"href":"https:\/\/www.europesays.com\/fi\/wp-json\/wp\/v2\/tags?post=141320"}],"curies":[{"name":"wp","href":"https:\/\/api.w.org\/{rel}","templated":true}]}}