{"id":141324,"date":"2026-01-13T17:08:08","date_gmt":"2026-01-13T17:08:08","guid":{"rendered":"https:\/\/www.europesays.com\/fi\/141324\/"},"modified":"2026-01-13T17:08:08","modified_gmt":"2026-01-13T17:08:08","slug":"roskavyory-filippiineilla-ainakin-11-kuollut","status":"publish","type":"post","link":"https:\/\/www.europesays.com\/fi\/141324\/","title":{"rendered":"Roskavy\u00f6ry Filippiineill\u00e4 \u2013 ainakin 11 kuollut"},"content":{"rendered":"<p>Paikallinen asukas kertoi n\u00e4hneens\u00e4, kuinka roskat lensiv\u00e4t ja ihmiset pakenivat.<\/p>\n<p class=\"article-body mb-nof-24 px-nof-16\">Ainakin 11 ihmist\u00e4 kuoli, kun valtava roskakasa romahti viime viikolla Filippiineill\u00e4, kertoo <a class=\"underline underline-offset-[0.12em] [text-decoration-thickness:var(--generic-link-underline-thickness)] [text-decoration-color:var(--generic-link-underline-color)] [text-decoration-skip-ink:var(--generic-link-underline-skip-ink)] break-words\" href=\"https:\/\/www.bbc.com\/news\/articles\/c9wxg4e09jzo\" rel=\"nofollow noopener\" target=\"_blank\">BBC<\/a>.<\/p>\n<p class=\"article-body mb-nof-24 px-nof-16\">Torstaina kymmenet ty\u00f6ntekij\u00e4t hautautuivat j\u00e4tekasan alle Binaliwin kaatopaikalla Cebun kaupungissa.<\/p>\n<p class=\"article-body mb-nof-24 px-nof-16\">Viranomaisten mukaan tapahtumien aikaan paikalla oli yli 100 kaatopaikan ty\u00f6ntekij\u00e4\u00e4.<\/p>\n<p class=\"article-body mb-nof-24 px-nof-16\">12 ihmist\u00e4 onnistuttiin pelastamaan j\u00e4tteiden seasta. Yli 20 ihmist\u00e4 on yh\u00e4 kateissa.<\/p>\n<p class=\"article-body mb-nof-24 px-nof-16\">Kaatopaikan l\u00e4hell\u00e4 asuva <a class=\"font-bold underline-offset-[0.12em] [text-decoration:var(--person-link-text-decoration)] ![text-decoration-color:var(--person-link-text-decoration-color)]\" href=\"https:\/\/www.is.fi\/haku\/?query=Bienvinido%20Ranido\" rel=\"nofollow noopener\" target=\"_blank\">Bienvinido Ranido<\/a> kertoi Reutersille n\u00e4hneens\u00e4, kuinka ihmiset pakenivat ja \u201droskat r\u00e4j\u00e4htiv\u00e4t\u201d.<\/p>\n<p class=\"article-body mb-nof-24 px-nof-16\">\u2013 Otin nopeasti moottoripy\u00f6r\u00e4ni ja kiiruhdin kaatopaikalle. Kun p\u00e4\u00e4sin perille, n\u00e4in romahtaneen rakennuksen, joka oli roskien peitossa. Min\u00e4 vain huusin, kertoi Ranido.<\/p>\n<p class=\"article-body mb-nof-24 px-nof-16\">Ranidon vaimo ty\u00f6skenteli kyseisell\u00e4 kaatopaikalla. Seuraavana p\u00e4iv\u00e4n\u00e4 pelastajat l\u00f6ysiv\u00e4t vaimon ruumiin.<\/p>\n<p><img decoding=\"async\" src=\"https:\/\/www.europesays.com\/fi\/wp-content\/uploads\/2026\/01\/1768324087_899_468.jpg\" alt=\"Pelastajat ty\u00f6skentelem\u00e4ss\u00e4 kaatopaikalla sunnuntaina 11. tammikuuta.\" class=\"_Img_1rerz_1\" style=\"aspect-ratio:1.5\" loading=\"eager\"\/><\/p>\n<p class=\"article-picture-caption\">Pelastajat ty\u00f6skentelem\u00e4ss\u00e4 kaatopaikalla sunnuntaina 11. tammikuuta. Kuva:\u00a0Lisa Marie David \/ Reuters<\/p>\n<p><img decoding=\"async\" src=\"https:\/\/www.europesays.com\/fi\/wp-content\/uploads\/2026\/01\/1768324088_71_468.jpg\" alt=\"Kyseess\u00e4 on yksityinen kaatopaikka, jossa k\u00e4sitell\u00e4\u00e4n vajaan miljoonan asukkaan j\u00e4tteet.\" class=\"_Img_1rerz_1\" style=\"aspect-ratio:1.7777777777777777\" loading=\"eager\"\/><\/p>\n<p class=\"article-picture-caption\">Kyseess\u00e4 on yksityinen kaatopaikka, jossa k\u00e4sitell\u00e4\u00e4n vajaan miljoonan asukkaan j\u00e4tteet. Kuva:\u00a0Bureau of Fire Protection &#8211; Cebu City Fire Station \/ Reuters<\/p>\n<p class=\"article-body mb-nof-24 px-nof-16\">BBC:n mukaan paikallinen palomestari kertoi ranskalaiselle uutistoimisto AFP:lle, ett\u00e4 ihmisten p\u00e4\u00e4lle romahti tonneittain romua.<\/p>\n<p class=\"article-body mb-nof-24 px-nof-16\"><a class=\"underline underline-offset-[0.12em] [text-decoration-thickness:var(--generic-link-underline-thickness)] [text-decoration-color:var(--generic-link-underline-color)] [text-decoration-skip-ink:var(--generic-link-underline-skip-ink)] break-words\" href=\"https:\/\/yle.fi\/a\/74-20203620\" rel=\"nofollow noopener\" target=\"_blank\">Yle<\/a> uutisoi AFP:n tietoihin viitaten, ett\u00e4 j\u00e4tevuori kohosi per\u00e4ti 20-kerroksisen talon korkeuteen.<\/p>\n<p class=\"article-body mb-nof-24 px-nof-16\">Ymp\u00e4rist\u00f6viranomaiset m\u00e4\u00e4r\u00e4siv\u00e4t tapahtuneen j\u00e4lkeen kaatopaikkaa py\u00f6ritt\u00e4v\u00e4n yhti\u00f6n keskeytt\u00e4m\u00e4\u00e4n toimintansa alueella. Viranomaiset my\u00f6s ilmoittivat aloittavansa tutkinnan romahduksen syyst\u00e4.<\/p>\n<p class=\"article-body mb-nof-24 px-nof-16\">Syyksi on ep\u00e4ilty ainakin viime viikkojen runsaita sateita, jotka ovat lis\u00e4nneet j\u00e4tteiden painoa.<\/p>\n","protected":false},"excerpt":{"rendered":"Paikallinen asukas kertoi n\u00e4hneens\u00e4, kuinka roskat lensiv\u00e4t ja ihmiset pakenivat. Ainakin 11 ihmist\u00e4 kuoli, kun valtava roskakasa romahti&hellip;\n","protected":false},"author":2,"featured_media":141325,"comment_status":"","ping_status":"","sticky":false,"template":"","format":"standard","meta":{"footnotes":""},"categories":[14],"tags":[22,23,26,27,33,31,30,17,34,24,25,28,29,15,18,21,32,19,20,56,16,59,60,61],"class_list":{"0":"post-141324","1":"post","2":"type-post","3":"status-publish","4":"format-standard","5":"has-post-thumbnail","7":"category-ulkomaat","8":"tag-breaking-news","9":"tag-breakingnews","10":"tag-featured-news","11":"tag-featurednews","12":"tag-fi","13":"tag-finland","14":"tag-finnish","15":"tag-headlines","16":"tag-ilta-sanomat","17":"tag-latest-news","18":"tag-latestnews","19":"tag-main-news","20":"tag-mainnews","21":"tag-news","22":"tag-otsikot","23":"tag-paauutiset","24":"tag-suomi","25":"tag-top-stories","26":"tag-topstories","27":"tag-ulkomaat","28":"tag-uutiset","29":"tag-world","30":"tag-world-news","31":"tag-worldnews"},"share_on_mastodon":{"url":"https:\/\/pubeurope.com\/@fi\/115888895104652975","error":""},"_links":{"self":[{"href":"https:\/\/www.europesays.com\/fi\/wp-json\/wp\/v2\/posts\/141324","targetHints":{"allow":["GET"]}}],"collection":[{"href":"https:\/\/www.europesays.com\/fi\/wp-json\/wp\/v2\/posts"}],"about":[{"href":"https:\/\/www.europesays.com\/fi\/wp-json\/wp\/v2\/types\/post"}],"author":[{"embeddable":true,"href":"https:\/\/www.europesays.com\/fi\/wp-json\/wp\/v2\/users\/2"}],"replies":[{"embeddable":true,"href":"https:\/\/www.europesays.com\/fi\/wp-json\/wp\/v2\/comments?post=141324"}],"version-history":[{"count":0,"href":"https:\/\/www.europesays.com\/fi\/wp-json\/wp\/v2\/posts\/141324\/revisions"}],"wp:featuredmedia":[{"embeddable":true,"href":"https:\/\/www.europesays.com\/fi\/wp-json\/wp\/v2\/media\/141325"}],"wp:attachment":[{"href":"https:\/\/www.europesays.com\/fi\/wp-json\/wp\/v2\/media?parent=141324"}],"wp:term":[{"taxonomy":"category","embeddable":true,"href":"https:\/\/www.europesays.com\/fi\/wp-json\/wp\/v2\/categories?post=141324"},{"taxonomy":"post_tag","embeddable":true,"href":"https:\/\/www.europesays.com\/fi\/wp-json\/wp\/v2\/tags?post=141324"}],"curies":[{"name":"wp","href":"https:\/\/api.w.org\/{rel}","templated":true}]}}