{"id":141326,"date":"2026-01-13T17:09:07","date_gmt":"2026-01-13T17:09:07","guid":{"rendered":"https:\/\/www.europesays.com\/fi\/141326\/"},"modified":"2026-01-13T17:09:07","modified_gmt":"2026-01-13T17:09:07","slug":"tiina-raudaskosken-romaani-valkopesee-jouko-turkkaa-ehka-vahingossa","status":"publish","type":"post","link":"https:\/\/www.europesays.com\/fi\/141326\/","title":{"rendered":"Tiina Raudaskosken romaani valkopesee Jouko Turkkaa ehk\u00e4 vahingossa"},"content":{"rendered":"<p>SiteWide ContentPlaceholder<\/p>\n<p>Main ContentPlaceholder<\/p>\n<p class=\"hs-section-removal article-ingress--medium\">Kirja-arvio|Assistentti ylitt\u00e4\u00e4 h\u00e4pe\u00e4n kynnyksen ajatuksia viritt\u00e4v\u00e4ss\u00e4 teoksessa, joka kuvaa ansiokkaasti Jouko Turkan ristiriitaista persoonaa.<\/p>\n<p><img decoding=\"async\" src=\"https:\/\/www.europesays.com\/fi\/wp-content\/uploads\/2026\/01\/1768324147_651_468.jpg\" alt=\"Tiina Raudaskoski kotonaan Ranskassa vuonna 2022.\" class=\"_Img_1rerz_1\" style=\"aspect-ratio:1.3617021276595744\" loading=\"eager\"\/><\/p>\n<p class=\"article-picture-caption\">Tiina Raudaskoski kotonaan Ranskassa vuonna 2022. Kuva:\u00a0Nikolai Jakobsen<\/p>\n<p><a href=\"https:\/\/www.hs.fi\/haku\/?query=Maria+S%C3%A4k%C3%B6\" rel=\"nofollow noopener\" target=\"_blank\"><\/p>\n<p>Maria S\u00e4k\u00f6<\/p>\n<p><\/a><\/p>\n<p>18:00<\/p>\n<p class=\"article-body mb-nof-24 px-nof-16\">Romaani<\/p>\n<p class=\"article-body mb-nof-24 px-nof-16\">Tiina Raudaskoski: Ilmiantaja. WSOY. 429 s.<\/p>\n<p class=\"article-body mb-nof-24 px-nof-16\">Viime syksyn\u00e4 sek\u00e4 <a class=\"font-bold underline-offset-[0.12em] [text-decoration:var(--person-link-text-decoration)] ![text-decoration-color:var(--person-link-text-decoration-color)]\" href=\"https:\/\/www.hs.fi\/haku\/?query=Hannu%20Harju\" rel=\"nofollow noopener\" target=\"_blank\">Hannu Harju<\/a> ett\u00e4 <a class=\"font-bold underline-offset-[0.12em] [text-decoration:var(--person-link-text-decoration)] ![text-decoration-color:var(--person-link-text-decoration-color)]\" href=\"https:\/\/www.hs.fi\/haku\/?query=Kai%20H%C3%A4ggman\" rel=\"nofollow noopener\" target=\"_blank\">Kai H\u00e4ggman<\/a> julkaisivat tietokirjan teatteriohjaaja <a class=\"font-bold underline-offset-[0.12em] [text-decoration:var(--person-link-text-decoration)] ![text-decoration-color:var(--person-link-text-decoration-color)]\" href=\"https:\/\/www.hs.fi\/haku\/?query=Jouko%20Turkasta\" rel=\"nofollow noopener\" target=\"_blank\">Jouko Turkasta<\/a> (1942\u20132016). Lis\u00e4ksi <a class=\"font-bold underline-offset-[0.12em] [text-decoration:var(--person-link-text-decoration)] ![text-decoration-color:var(--person-link-text-decoration-color)]\" href=\"https:\/\/www.hs.fi\/haku\/?query=Ruusu%20Haarla\" rel=\"nofollow noopener\" target=\"_blank\">Ruusu Haarla<\/a> on julkaissut Turkan ymp\u00e4rill\u00e4 olleita sosiaalisia rakenteita k\u00e4sittelev\u00e4n esseesarjan.<\/p>\n<p>KommentoiIlmoita asiavirheest\u00e4KommentoiIlmoita asiavirheest\u00e4<\/p>\n","protected":false},"excerpt":{"rendered":"SiteWide ContentPlaceholder Main ContentPlaceholder Kirja-arvio|Assistentti ylitt\u00e4\u00e4 h\u00e4pe\u00e4n kynnyksen ajatuksia viritt\u00e4v\u00e4ss\u00e4 teoksessa, joka kuvaa ansiokkaasti Jouko Turkan ristiriitaista persoonaa.&hellip;\n","protected":false},"author":2,"featured_media":141327,"comment_status":"","ping_status":"","sticky":false,"template":"","format":"standard","meta":{"footnotes":""},"categories":[12],"tags":[22,23,26,27,33,31,30,17,46,24,25,28,29,15,18,21,32,19,20,16],"class_list":{"0":"post-141326","1":"post","2":"type-post","3":"status-publish","4":"format-standard","5":"has-post-thumbnail","7":"category-suomi","8":"tag-breaking-news","9":"tag-breakingnews","10":"tag-featured-news","11":"tag-featurednews","12":"tag-fi","13":"tag-finland","14":"tag-finnish","15":"tag-headlines","16":"tag-helsingin-sanomat","17":"tag-latest-news","18":"tag-latestnews","19":"tag-main-news","20":"tag-mainnews","21":"tag-news","22":"tag-otsikot","23":"tag-paauutiset","24":"tag-suomi","25":"tag-top-stories","26":"tag-topstories","27":"tag-uutiset"},"share_on_mastodon":{"url":"https:\/\/pubeurope.com\/@fi\/115888899066131114","error":""},"_links":{"self":[{"href":"https:\/\/www.europesays.com\/fi\/wp-json\/wp\/v2\/posts\/141326","targetHints":{"allow":["GET"]}}],"collection":[{"href":"https:\/\/www.europesays.com\/fi\/wp-json\/wp\/v2\/posts"}],"about":[{"href":"https:\/\/www.europesays.com\/fi\/wp-json\/wp\/v2\/types\/post"}],"author":[{"embeddable":true,"href":"https:\/\/www.europesays.com\/fi\/wp-json\/wp\/v2\/users\/2"}],"replies":[{"embeddable":true,"href":"https:\/\/www.europesays.com\/fi\/wp-json\/wp\/v2\/comments?post=141326"}],"version-history":[{"count":0,"href":"https:\/\/www.europesays.com\/fi\/wp-json\/wp\/v2\/posts\/141326\/revisions"}],"wp:featuredmedia":[{"embeddable":true,"href":"https:\/\/www.europesays.com\/fi\/wp-json\/wp\/v2\/media\/141327"}],"wp:attachment":[{"href":"https:\/\/www.europesays.com\/fi\/wp-json\/wp\/v2\/media?parent=141326"}],"wp:term":[{"taxonomy":"category","embeddable":true,"href":"https:\/\/www.europesays.com\/fi\/wp-json\/wp\/v2\/categories?post=141326"},{"taxonomy":"post_tag","embeddable":true,"href":"https:\/\/www.europesays.com\/fi\/wp-json\/wp\/v2\/tags?post=141326"}],"curies":[{"name":"wp","href":"https:\/\/api.w.org\/{rel}","templated":true}]}}