{"id":141332,"date":"2026-01-13T17:22:09","date_gmt":"2026-01-13T17:22:09","guid":{"rendered":"https:\/\/www.europesays.com\/fi\/141332\/"},"modified":"2026-01-13T17:22:09","modified_gmt":"2026-01-13T17:22:09","slug":"heikki-paasonen-sai-palovammoja-amazing-racessa","status":"publish","type":"post","link":"https:\/\/www.europesays.com\/fi\/141332\/","title":{"rendered":"Heikki Paasonen sai palovammoja Amazing Racessa"},"content":{"rendered":"<p>Heikki Paasonen kokeili tulisilla hiilill\u00e4 k\u00e4vely\u00e4 osana Amazing Race -juontoa. H\u00e4nk\u00e4\u00e4n ei selvinnyt teht\u00e4v\u00e4st\u00e4 ilman haavereita.<\/p>\n<p>Heikki Paasonen kommentoi Amazing Racen kohauttanutta teht\u00e4v\u00e4\u00e4, jossa kilpailijat k\u00e4veliv\u00e4t tulisilla hiilill\u00e4.<\/p>\n<p class=\"article-body mb-nof-24 px-nof-16\">Juontaja <a class=\"font-bold underline-offset-[0.12em] [text-decoration:var(--person-link-text-decoration)] ![text-decoration-color:var(--person-link-text-decoration-color)]\" href=\"https:\/\/www.is.fi\/haku\/?query=Heikki%20Paasonen\" rel=\"nofollow noopener\" target=\"_blank\">Heikki Paasonen<\/a> palaa j\u00e4lleen The Voice of Finlandin pariin uudella kaudella. Nyt on alkamassa jo ohjelman 15. kausi, ja Paasonen on tullut itse mukaan kesken viidennen kauden.<\/p>\n<p class=\"article-body mb-nof-24 px-nof-16\">H\u00e4n palaa ohjelmaan aina mielell\u00e4\u00e4n.<\/p>\n<p class=\"article-body mb-nof-24 px-nof-16\">\u2013 T\u00e4m\u00e4 on minun syvint\u00e4 ydint\u00e4, t\u00e4llainen musan kanssa puljaaminen. Koska en ole tarpeeksi hyv\u00e4 muusikko itse, tyydyn siihen, ett\u00e4 saan edes hengata sellaisten kanssa. Rakastan musaa ja rakastan isoja suoria l\u00e4hetyksi\u00e4, niin en oikein parempaa ohjelmaa itselleni keksi, Paasonen sanoo ohjelman lehdist\u00f6tilaisuudessa.<\/p>\n<p class=\"article-body mb-nof-24 px-nof-16\">Ohjelmassa n\u00e4hd\u00e4\u00e4n tulevalla kaudella uudistus, sill\u00e4 <a class=\"font-bold underline-offset-[0.12em] [text-decoration:var(--person-link-text-decoration)] ![text-decoration-color:var(--person-link-text-decoration-color)]\" href=\"https:\/\/www.is.fi\/haku\/?query=Jenni%20Vartiainen\" rel=\"nofollow noopener\" target=\"_blank\">Jenni Vartiainen<\/a> tulee t\u00e4htivalmentajaksi <a class=\"font-bold underline-offset-[0.12em] [text-decoration:var(--person-link-text-decoration)] ![text-decoration-color:var(--person-link-text-decoration-color)]\" href=\"https:\/\/www.is.fi\/haku\/?query=Maija%20Vilkkumaan\" rel=\"nofollow noopener\" target=\"_blank\">Maija Vilkkumaan<\/a> tilalle. Paasonen kokee, ett\u00e4 t\u00e4m\u00e4 on muuttanut valmentajien dynamiikkaa.<\/p>\n<p class=\"article-body mb-nof-24 px-nof-16\">\u2013 Sill\u00e4kin on tosi paljon merkityst\u00e4, kenen koutsin tiimiin laulajat haluavat menn\u00e4. Jennih\u00e4n oli kuin nuotio koiperhosille, ett\u00e4 tosi monet halusivat Jennin tiimiin.<\/p>\n<p><img decoding=\"async\" src=\"https:\/\/www.europesays.com\/fi\/wp-content\/uploads\/2026\/01\/1768324928_263_468.jpg\" alt=\"Heikki Paasonen juontaa The Voice of Finlandia yhdess\u00e4 Jaana Pelkosen kanssa.\" class=\"_Img_1rerz_1\" style=\"aspect-ratio:0.6666666666666666\" loading=\"eager\"\/><\/p>\n<p class=\"article-picture-caption\">Heikki Paasonen juontaa The Voice of Finlandia yhdess\u00e4 Jaana Pelkosen kanssa. Kuva:\u00a0Aleksi Jalava \/ IS<\/p>\n<p class=\"article-body mb-nof-24 px-nof-16\">Paasonen n\u00e4hd\u00e4\u00e4n juontajana my\u00f6s Amazing Race Suomi -ohjelmassa. Ohjelmassa n\u00e4hty teht\u00e4v\u00e4 on her\u00e4tt\u00e4nyt paljon keskustelua viime aikoina, sill\u00e4 osa kilpailijoista sai teht\u00e4v\u00e4st\u00e4 pahoja palovammoja.<\/p>\n<p class=\"article-body mb-nof-24 px-nof-16\">Lue lis\u00e4\u00e4: <a class=\"underline underline-offset-[0.12em] [text-decoration-thickness:var(--generic-link-underline-thickness)] [text-decoration-color:var(--generic-link-underline-color)] [text-decoration-skip-ink:var(--generic-link-underline-skip-ink)] break-words\" href=\"https:\/\/www.is.fi\/tv-ja-elokuvat\/art-2000011733176.html\" rel=\"nofollow noopener\" target=\"_blank\">Amazing Race -kilpailijalle pahoja palovammoja teht\u00e4v\u00e4st\u00e4 \u2013 n\u00e4in tuotanto kommentoi HS:lle<\/a><\/p>\n<p class=\"article-body mb-nof-24 px-nof-16\">Ohjelmassa kilpailijat laitettiin k\u00e4velem\u00e4\u00e4n tulisten hiilien p\u00e4\u00e4ll\u00e4 Sri Lankassa. My\u00f6hemmin julkisuudessa on kerrottu, ett\u00e4 kilpailussa n\u00e4ht\u00e4v\u00e4t <a class=\"font-bold underline-offset-[0.12em] [text-decoration:var(--person-link-text-decoration)] ![text-decoration-color:var(--person-link-text-decoration-color)]\" href=\"https:\/\/www.is.fi\/haku\/?query=Sara\" rel=\"nofollow noopener\" target=\"_blank\">Sara<\/a> ja <a class=\"font-bold underline-offset-[0.12em] [text-decoration:var(--person-link-text-decoration)] ![text-decoration-color:var(--person-link-text-decoration-color)]\" href=\"https:\/\/www.is.fi\/haku\/?query=Artturi%20Sieppi\" rel=\"nofollow noopener\" target=\"_blank\">Artturi Sieppi<\/a> sek\u00e4 <a class=\"font-bold underline-offset-[0.12em] [text-decoration:var(--person-link-text-decoration)] ![text-decoration-color:var(--person-link-text-decoration-color)]\" href=\"https:\/\/www.is.fi\/haku\/?query=Karoliina%20Tuominen\" rel=\"nofollow noopener\" target=\"_blank\">Karoliina Tuominen<\/a> saivat tulik\u00e4velyteht\u00e4v\u00e4st\u00e4 palovammoja.<\/p>\n<p class=\"article-body mb-nof-24 px-nof-16\">Paasonen itsekin kokeili teht\u00e4v\u00e4\u00e4 kuvauksissa. H\u00e4n juonsi kyseisen teht\u00e4v\u00e4n s\u00e4\u00e4nt\u00f6j\u00e4 ja sen yhteydess\u00e4 k\u00e4veli my\u00f6s itse hiilien p\u00e4\u00e4ll\u00e4. Jaksossa n\u00e4htiin, miten Paasonen askelsi rivakasti hiilikujan l\u00e4pi osana juontoaan.<\/p>\n<p class=\"article-body mb-nof-24 px-nof-16\">My\u00f6s Paasoselle tuli seurauksia polttavasta teht\u00e4v\u00e4st\u00e4. H\u00e4nkin kertoo saaneensa palovammoja.<\/p>\n<p class=\"article-body mb-nof-24 px-nof-16\">\u2013 Itse jouduin tekem\u00e4\u00e4n sen kolme kertaa, kun kuvat eiv\u00e4t onnistuneet ekalla. Siit\u00e4 tuli vesirakkuloita, Paasonen kertoo.<\/p>\n<p class=\"article-body mb-nof-24 px-nof-16\">\u2013 Minulla v\u00e4h\u00e4n paloi jalat siin\u00e4 ensimm\u00e4isess\u00e4, ja kaksi seuraavaa kertaa tuntuivat v\u00e4h\u00e4n inhottavilta.<\/p>\n<p class=\"article-body mb-nof-24 px-nof-16\">H\u00e4nen palaneet jalkapohjansa saatiin hoidettua nopeasti. Vammat eiv\u00e4t aiheuttaneet h\u00e4nelle pitk\u00e4kestoista haittaa.<\/p>\n<p class=\"article-body mb-nof-24 px-nof-16\">\u2013 Meill\u00e4 oli siell\u00e4 aika hyv\u00e4t tropit, ja vesirakkulat saatiin kyll\u00e4 parannettua jo seuraavaksi p\u00e4iv\u00e4ksi, Paasonen kertoo.<\/p>\n<p><img decoding=\"async\" src=\"https:\/\/www.europesays.com\/fi\/wp-content\/uploads\/2026\/01\/1768120867_335_468.jpg\" alt=\"Muun muassa Sara ja Artturi Sieppi k\u00e4rsiv\u00e4t palovammoja Amazing Race Suomen teht\u00e4v\u00e4ss\u00e4.\" class=\"_Img_1rerz_1\" style=\"aspect-ratio:1.5011727912431587\" loading=\"eager\"\/><\/p>\n<p class=\"article-picture-caption\">Muun muassa Sara ja Artturi Sieppi k\u00e4rsiv\u00e4t palovammoja Amazing Race Suomen teht\u00e4v\u00e4ss\u00e4. Kuva:\u00a0Tharinda Elvitigala \/ Nelonen<\/p>\n<p class=\"article-body mb-nof-24 px-nof-16\">H\u00e4n uskoo, ett\u00e4 osalla kilpailijoista hiilet ovat olleet kuumempia kuin toisilla.<\/p>\n<p class=\"article-body mb-nof-24 px-nof-16\">\u2013 Tein sen kolme kertaa ja selvisin siit\u00e4 hengiss\u00e4. Nuo ovat juttuja, mitk\u00e4 monet kokevat eri tavalla. Kyll\u00e4h\u00e4n palovammat tuntuvat inhottavilta. Seh\u00e4n on p\u00e4iv\u00e4nselv\u00e4\u00e4.<\/p>\n<p class=\"article-body mb-nof-24 px-nof-16\">Amazing Racessa kilpailevat radiojuontajat Karoliina Tuominen ja <a class=\"font-bold underline-offset-[0.12em] [text-decoration:var(--person-link-text-decoration)] ![text-decoration-color:var(--person-link-text-decoration-color)]\" href=\"https:\/\/www.is.fi\/haku\/?query=Mia%20%E2%80%9DMillu%E2%80%9D%20Haataja\" rel=\"nofollow noopener\" target=\"_blank\">Mia \u201dMillu\u201d Haataja<\/a> kertoivat teht\u00e4v\u00e4\u00e4n liittyvist\u00e4 kokemuksistaan ohjelmaa k\u00e4sittelev\u00e4ss\u00e4 <a class=\"underline underline-offset-[0.12em] [text-decoration-thickness:var(--generic-link-underline-thickness)] [text-decoration-color:var(--generic-link-underline-color)] [text-decoration-skip-ink:var(--generic-link-underline-skip-ink)] break-words\" href=\"https:\/\/www.supla.fi\/episode\/eb1ac065-6664-4bba-b197-d6dd47e0c7c2\" rel=\"nofollow noopener\" target=\"_blank\">Amazing-podcastissa<\/a>. Tuominen kuvaili saamiaan vammoja rajulla otteella.<\/p>\n<p class=\"article-body mb-nof-24 px-nof-16\">\u2013 Miten t\u00e4t\u00e4 pystyy edes selitt\u00e4m\u00e4\u00e4n? Siin\u00e4 oli siis koko pottuvarpaan kokoinen hiiltynyt reik\u00e4, Tuominen sanoi.<\/p>\n<p class=\"article-body mb-nof-24 px-nof-16\">\u2013 Jos m\u00e4 en ihan v\u00e4\u00e4rin muista, m\u00e4 n\u00e4in luuta ja sen ymp\u00e4rill\u00e4 palanutta tuhkaa. Tuhka oli syntynyt siit\u00e4 sun nahkasta ja sitten siin\u00e4 oli vereslihaa my\u00f6s ymp\u00e4rill\u00e4, Haataja kuvaili.<\/p>\n<p class=\"article-body mb-nof-24 px-nof-16\">Paasonen rohkenee ep\u00e4ill\u00e4, ovatko vammat olleet tosiasiassa noin vakavia.<\/p>\n<p class=\"article-body mb-nof-24 px-nof-16\">\u2013 Kyll\u00e4 minua v\u00e4h\u00e4n hymyilytti, kun luin jostain, ett\u00e4 joku oli mielest\u00e4\u00e4n n\u00e4hnyt jo luuta sielt\u00e4 t\u00f6rr\u00f6tt\u00e4v\u00e4n, Paasonen naurahtaa.<\/p>\n<p class=\"article-body mb-nof-24 px-nof-16\">\u2013 Aika pitk\u00e4ksi aikaa saa j\u00e4\u00e4d\u00e4 seisomaan, jos meinaa varpaansa irrottaa tai luun saada n\u00e4kyviin, h\u00e4n arvioi.<\/p>\n<p class=\"article-body mb-nof-24 px-nof-16\">Paasonen uskoo, ett\u00e4 suomalaisille hiilik\u00e4vely voi olla kovempi paikka kuin paikallisille srilankalaisille.<\/p>\n<p class=\"article-body mb-nof-24 px-nof-16\">\u2013 Varmaan tuollainen srilankalainen jalkapohja saattaa olla pikkuisen kest\u00e4v\u00e4mp\u00e4\u00e4 sorttia kuin t\u00e4llainen pohjoismaalainen koko talven keng\u00e4ss\u00e4 talvehtinut pehme\u00e4 jalka. Voi olla, ett\u00e4 n\u00e4it\u00e4 palovammoja siit\u00e4 syyst\u00e4 tuli.<\/p>\n<p class=\"article-body mb-nof-24 px-nof-16\">Aiemmin Amazing Racen vastaava tuottaja, Moskito Televisionin <a class=\"font-bold underline-offset-[0.12em] [text-decoration:var(--person-link-text-decoration)] ![text-decoration-color:var(--person-link-text-decoration-color)]\" href=\"https:\/\/www.is.fi\/haku\/?query=Pauliina%20Koutala\" rel=\"nofollow noopener\" target=\"_blank\">Pauliina Koutala<\/a> kommentoi kiistanalaista teht\u00e4v\u00e4\u00e4 <a class=\"underline underline-offset-[0.12em] [text-decoration-thickness:var(--generic-link-underline-thickness)] [text-decoration-color:var(--generic-link-underline-color)] [text-decoration-skip-ink:var(--generic-link-underline-skip-ink)] break-words\" href=\"https:\/\/www.hs.fi\/kulttuuri\/art-2000011730901.html\" rel=\"nofollow noopener\" target=\"_blank\">Helsingin Sanomille.<\/a> H\u00e4nen mukaansa kyseess\u00e4 oli hyvin testattu ja aiemminkin toteutettu teht\u00e4v\u00e4.<\/p>\n<p class=\"article-body mb-nof-24 px-nof-16\">\u2013 Varmuudella emme pysty sanomaan mit\u00e4\u00e4n, mutta on ilmiselv\u00e4\u00e4, ett\u00e4 n\u00e4iden kahden parin (Siepit sek\u00e4 Tuominen ja Haataja) kohdalla hiilet ovat olleet liian kuumia, Koutala sanoi lehdelle.<\/p>\n<p class=\"article-body mb-nof-24 px-nof-16\">Koutalan mukaan jokaisella teht\u00e4v\u00e4paikalla on aina suomalainen tuotannon j\u00e4sen, joka vastaa paitsi teht\u00e4v\u00e4n sujumisesta sovitun mukaisesti my\u00f6s tuomaroinnista.<\/p>\n<p class=\"article-body nof-ui-body-medium mb-nof-24 px-nof-16\">The Voice of Finland alkaa Nelosella ja Ruudussa perjantaina 23.1. Jaksot perjantaisin ja sunnuntaisin. Kauden avausjakso n\u00e4hd\u00e4\u00e4n poikkeuksellisesti klo 19.30. Ilta-Sanomat, Nelonen, Ruutu ja Supla kuuluvat Sanoma-konserniin.<\/p>\n","protected":false},"excerpt":{"rendered":"Heikki Paasonen kokeili tulisilla hiilill\u00e4 k\u00e4vely\u00e4 osana Amazing Race -juontoa. H\u00e4nk\u00e4\u00e4n ei selvinnyt teht\u00e4v\u00e4st\u00e4 ilman haavereita. Heikki Paasonen&hellip;\n","protected":false},"author":2,"featured_media":141333,"comment_status":"","ping_status":"","sticky":false,"template":"","format":"standard","meta":{"footnotes":""},"categories":[136],"tags":[407,137,33,31,30,34,408,32,109],"class_list":{"0":"post-141332","1":"post","2":"type-post","3":"status-publish","4":"format-standard","5":"has-post-thumbnail","7":"category-julkkikset","8":"tag-celebrities","9":"tag-entertainment","10":"tag-fi","11":"tag-finland","12":"tag-finnish","13":"tag-ilta-sanomat","14":"tag-julkkikset","15":"tag-suomi","16":"tag-viihde"},"share_on_mastodon":{"url":"https:\/\/pubeurope.com\/@fi\/115888950006075866","error":""},"_links":{"self":[{"href":"https:\/\/www.europesays.com\/fi\/wp-json\/wp\/v2\/posts\/141332","targetHints":{"allow":["GET"]}}],"collection":[{"href":"https:\/\/www.europesays.com\/fi\/wp-json\/wp\/v2\/posts"}],"about":[{"href":"https:\/\/www.europesays.com\/fi\/wp-json\/wp\/v2\/types\/post"}],"author":[{"embeddable":true,"href":"https:\/\/www.europesays.com\/fi\/wp-json\/wp\/v2\/users\/2"}],"replies":[{"embeddable":true,"href":"https:\/\/www.europesays.com\/fi\/wp-json\/wp\/v2\/comments?post=141332"}],"version-history":[{"count":0,"href":"https:\/\/www.europesays.com\/fi\/wp-json\/wp\/v2\/posts\/141332\/revisions"}],"wp:featuredmedia":[{"embeddable":true,"href":"https:\/\/www.europesays.com\/fi\/wp-json\/wp\/v2\/media\/141333"}],"wp:attachment":[{"href":"https:\/\/www.europesays.com\/fi\/wp-json\/wp\/v2\/media?parent=141332"}],"wp:term":[{"taxonomy":"category","embeddable":true,"href":"https:\/\/www.europesays.com\/fi\/wp-json\/wp\/v2\/categories?post=141332"},{"taxonomy":"post_tag","embeddable":true,"href":"https:\/\/www.europesays.com\/fi\/wp-json\/wp\/v2\/tags?post=141332"}],"curies":[{"name":"wp","href":"https:\/\/api.w.org\/{rel}","templated":true}]}}