{"id":141334,"date":"2026-01-13T17:25:08","date_gmt":"2026-01-13T17:25:08","guid":{"rendered":"https:\/\/www.europesays.com\/fi\/141334\/"},"modified":"2026-01-13T17:25:08","modified_gmt":"2026-01-13T17:25:08","slug":"taajuusmuutostyot-aiheuttavat-lahetyskatkoksia-varsinais-suomessa-toimi-nain-jos-kanavat-eivat-nay-oikein","status":"publish","type":"post","link":"https:\/\/www.europesays.com\/fi\/141334\/","title":{"rendered":"Taajuusmuutosty\u00f6t aiheuttavat l\u00e4hetyskatkoksia Varsinais-Suomessa\u2009\u2013\u2009toimi n\u00e4in, jos kanavat eiv\u00e4t n\u00e4y oikein"},"content":{"rendered":"<p class=\"teksti\">Digita tekee C-kanavanipun taajuusmuutost\u00f6it\u00e4 Turun radio- ja tv-asemalla tiistaina 20. tammikuuta kello 9\u201316 v\u00e4lisen\u00e4 aikana. <\/p>\n<p class=\"teksti\">Muutoksista aiheutuu noin tunnin katkos kanaville TV5 HD, Kutonen HD, TLC HD, STAR Channel HD, Frii HD, National Geographic HD ja Viaplay TV HD. Turun radio- ja tv-aseman lis\u00e4ksi my\u00f6s Kustavin t\u00e4ytel\u00e4hetinaseman taajuus muuttuu. Molempien uusi taajuus on 594 MHz.<\/p>\n<p class=\"teksti\">Katkokset vaikuttavat Digitan tiedotteen mukaan laajasti Varsinais-Suomen ja Turun saariston alueella. My\u00f6s Korppoon, Kustavin (Viherlahti), Loimaan, Paraisten (Houtskari) ja Uudenkaupungin (Orivo) t\u00e4ytel\u00e4hetinasemien tv-l\u00e4hetyksiin tulee katkos. <\/p>\n<p class=\"teksti\">Muutost\u00f6iden varap\u00e4iv\u00e4 on 21. tammikuuta.<\/p>\n<p class=\"teksti\">Muutost\u00f6iden j\u00e4lkeen useimmat vastaanottimet etsiv\u00e4t kanavat automaattisesti. Antenni-tv-kotitalouksissa tulee kuitenkin tehd\u00e4 kanavahaku, jos vastaanotossa on haasteita muutost\u00f6iden j\u00e4lkeen. <\/p>\n<p>Jatkuu mainoksen j\u00e4lkeen <\/p>\n<p> Mainos p\u00e4\u00e4ttyy<\/p>\n<p class=\"teksti\">Mik\u00e4li yhteisantennikiinteist\u00f6ss\u00e4 ei saada kanavia n\u00e4kyviin kanavahaulla, vinkkaa Digita tarkistamaan antennij\u00e4rjestelm\u00e4n toimivuuden is\u00e4nn\u00f6itsij\u00e4lt\u00e4. <\/p>\n<p class=\"teksti\">Jotkin vanhemmista vastaanottimista saattavat Digitan mukaan vaatia my\u00f6s tehdasasetusten palauttamisen ennen kanavahaun tekemist\u00e4. Ohjeet kanavien viritykseen l\u00f6ytyv\u00e4t laitteen k\u00e4ytt\u00f6oppaasta sek\u00e4 <a href=\"https:\/\/www.digita.fi\/antennitv\/vapaat-kanavat-ja-vastaanotto\/hyodyllista-tietoa-tvsta\/tv-kanavahaku\/\" target=\"_blank\" rel=\"noopener nofollow\">Digitan verkkosivuilta<\/a>. My\u00f6s Digitan kuluttajapalvelun Digita infon tekniset asiantuntijat auttavat antenni-tv-vastaanottoon liittyviss\u00e4 kysymyksiss\u00e4 puhelimitse numerossa 020 411 7676 tai info@digita.fi.<\/p>\n<p class=\"teksti\">Digita tiedottaa, kun muutosty\u00f6t ovat p\u00e4\u00e4ttyneet ja kanavahaun voi tehd\u00e4. <\/p>\n","protected":false},"excerpt":{"rendered":"Digita tekee C-kanavanipun taajuusmuutost\u00f6it\u00e4 Turun radio- ja tv-asemalla tiistaina 20. tammikuuta kello 9\u201316 v\u00e4lisen\u00e4 aikana. Muutoksista aiheutuu noin&hellip;\n","protected":false},"author":2,"featured_media":141335,"comment_status":"","ping_status":"","sticky":false,"template":"","format":"standard","meta":{"footnotes":""},"categories":[133],"tags":[137,33,31,30,32,206,156,109],"class_list":{"0":"post-141334","1":"post","2":"type-post","3":"status-publish","4":"format-standard","5":"has-post-thumbnail","7":"category-televisiot","8":"tag-entertainment","9":"tag-fi","10":"tag-finland","11":"tag-finnish","12":"tag-suomi","13":"tag-televisiot","14":"tag-tv","15":"tag-viihde"},"share_on_mastodon":{"url":"https:\/\/pubeurope.com\/@fi\/115888961973602497","error":""},"_links":{"self":[{"href":"https:\/\/www.europesays.com\/fi\/wp-json\/wp\/v2\/posts\/141334","targetHints":{"allow":["GET"]}}],"collection":[{"href":"https:\/\/www.europesays.com\/fi\/wp-json\/wp\/v2\/posts"}],"about":[{"href":"https:\/\/www.europesays.com\/fi\/wp-json\/wp\/v2\/types\/post"}],"author":[{"embeddable":true,"href":"https:\/\/www.europesays.com\/fi\/wp-json\/wp\/v2\/users\/2"}],"replies":[{"embeddable":true,"href":"https:\/\/www.europesays.com\/fi\/wp-json\/wp\/v2\/comments?post=141334"}],"version-history":[{"count":0,"href":"https:\/\/www.europesays.com\/fi\/wp-json\/wp\/v2\/posts\/141334\/revisions"}],"wp:featuredmedia":[{"embeddable":true,"href":"https:\/\/www.europesays.com\/fi\/wp-json\/wp\/v2\/media\/141335"}],"wp:attachment":[{"href":"https:\/\/www.europesays.com\/fi\/wp-json\/wp\/v2\/media?parent=141334"}],"wp:term":[{"taxonomy":"category","embeddable":true,"href":"https:\/\/www.europesays.com\/fi\/wp-json\/wp\/v2\/categories?post=141334"},{"taxonomy":"post_tag","embeddable":true,"href":"https:\/\/www.europesays.com\/fi\/wp-json\/wp\/v2\/tags?post=141334"}],"curies":[{"name":"wp","href":"https:\/\/api.w.org\/{rel}","templated":true}]}}