{"id":141336,"date":"2026-01-13T17:26:07","date_gmt":"2026-01-13T17:26:07","guid":{"rendered":"https:\/\/www.europesays.com\/fi\/141336\/"},"modified":"2026-01-13T17:26:07","modified_gmt":"2026-01-13T17:26:07","slug":"tata-kappaletta-et-voinut-valttaa-vuonna-2025-kuunnellessasi-radiota","status":"publish","type":"post","link":"https:\/\/www.europesays.com\/fi\/141336\/","title":{"rendered":"T\u00e4t\u00e4 kappaletta et voinut v\u00e4ltt\u00e4\u00e4 vuonna 2025 kuunnellessasi radiota"},"content":{"rendered":"<p>Uuden musiikin kilpailusta noussut hittibiisi soi radiossa eniten vuonna 2025. <\/p>\n<p><img decoding=\"async\" class=\"image image-show image-preview\" src=\"https:\/\/www.europesays.com\/fi\/wp-content\/uploads\/2026\/01\/9d352d1c7df55a8ba6c5c735d65f02a5e8826ee6d28a47f9f657bb04f16d316d.jpg\" alt=\"\"\/><img decoding=\"async\" class=\"image image-show\" src=\"https:\/\/www.europesays.com\/fi\/wp-content\/uploads\/2026\/01\/1768325167_657_9d352d1c7df55a8ba6c5c735d65f02a5e8826ee6d28a47f9f657bb04f16d316d.jpg\" alt=\"\"\/><\/p>\n<p>Nelli Matulan kappale on soinut viime vuonna radiossa tuhansia, tuhansia kertoja. Roosa Br\u00f6ijer<\/p>\n<p class=\"paragraph\">Uuden musiikin kilpailussa jaetulle kolmannelle sijalle sijoittuneen <a href=\"https:\/\/www.iltalehti.fi\/henkilot\/Nelli Matula\" class=\"article-link-person-page\" rel=\"nofollow noopener\" target=\"_blank\">Nelli Matulan<\/a> kappale Hitaammin hautaan on vuoden 2025 soitetuin radiokappale.<\/p>\n<p class=\"paragraph\">Universal Musicin mukaan kappale tavoitti viime vuonna yli 170\u00a0miljoonaa kuulijaa ja se keikkui radiolistan ykk\u00f6ssijalla 14 viikkoa putkeen.<\/p>\n<p class=\"paragraph\">Hitaammin hautaan oli my\u00f6s kuukauden radiobiisi kolmen kuukauden ajan.<\/p>\n<p class=\"paragraph\">Kappaleen kirjoittajiin kuuluu itse Matulan lis\u00e4ksi <a href=\"https:\/\/www.iltalehti.fi\/henkilot\/Antti Riihim\u00e4ki\" class=\"article-link-person-page\" rel=\"nofollow noopener\" target=\"_blank\">Antti Riihim\u00e4ki<\/a>, <a href=\"https:\/\/www.iltalehti.fi\/henkilot\/Kaisa Korhonen\" class=\"article-link-person-page\" rel=\"nofollow noopener\" target=\"_blank\">Kaisa Korhonen<\/a> ja tuottajaduo LosRollos.<\/p>\n<p class=\"paragraph\">Matulan hittibiisi on my\u00f6s ehdolla Vuoden biisi -kategoriassa Emma-gaalassa.<\/p>\n<p class=\"paragraph\">Nelli Matula juhlii t\u00e4n\u00e4 vuonna 10-vuotisartistijuhlavuottaan. H\u00e4n kertoi <a href=\"https:\/\/www.iltalehti.fi\/musiikki\/196017c6-9cb8-439f-998e-666496698c22\" rel=\"nofollow noopener\" target=\"_blank\">viime vuonna Iltalehdelle Uuden musiikin kilpailun lehdist\u00f6tilaisuudessa<\/a> hakeneensa kilpailuun ensimm\u00e4ist\u00e4 kertaa.<\/p>\n<p class=\"paragraph\">Syy kilpailuun hakemiselle juuri vuonna 2025 oli Hitaammin hautaan -kappale.<\/p>\n<p class=\"paragraph\">\u2013 T\u00e4m\u00e4 on kerran el\u00e4m\u00e4ss\u00e4 -mahdollisuus. Siksi en ole aiemmin halunnut l\u00e4hte\u00e4 mukaan kilpailuun mill\u00e4 tahansa biisill\u00e4, Matula sanoi Iltalehdelle.<\/p>\n<p class=\"paragraph\">\u2013 Eli hain vasta nyt. Viimein syntyi kappale, joka sai minulle tunteen siit\u00e4, ett\u00e4 t\u00e4m\u00e4 voisi olla juuri se, mit\u00e4 olen etsinyt.<\/p>\n<p class=\"paragraph\">Ennen UMK:ta artisti oli pari vuotta keikkatauolla terveysongelmien takia. Matulan mukaan tauon aikana ei ollut varmuutta siit\u00e4, voisiko h\u00e4n koskaan palata keikkalavoille.<\/p>\n<p class=\"paragraph\">Matula sairastaa parantumatonta, geneettist\u00e4 immuunipuutostilaa eli CVI-tautia. Diagnoosin j\u00e4lkeen Matula on saanut hoitoa sairauteensa.<\/p>\n<p class=\"paragraph\">\u2013 Minulla todettiin monen vuoden kiihtyv\u00e4n sairastelukierteen p\u00e4\u00e4tteeksi parantumaton geneettinen immuunivaje (CVI-tauti). Se oli iso kriisi, pommi, johon ei ollut osannut varautua, Matula kertoi <a href=\"https:\/\/www.iltalehti.fi\/viihdeuutiset\/de17b0bb-ae45-464d-ae5c-641d21de4516\" rel=\"nofollow noopener\" target=\"_blank\">Iltalehden Viisupodin haastattelussa<\/a>.<\/p>\n<p class=\"paragraph\">\u2013 En ollut varma, pystynk\u00f6 en\u00e4\u00e4 ikin\u00e4 tekem\u00e4\u00e4n t\u00e4t\u00e4 ty\u00f6t\u00e4, Matula muisteli.<\/p>\n<p class=\"paragraph\">Diagnoosi laittoi laulajan el\u00e4m\u00e4n arvot uusiksi. Sairastumisen my\u00f6t\u00e4 Matula ymm\u00e4rsi oman kuolevaisuutensa.<\/p>\n<p class=\"paragraph\">\u2013 Se diagnoosi muutti minua perustavanlaatuisella tasolla paremmaksi ihmiseksi. Olen ollut suorittaja ja se on ollut ainoa tapa, miten osaan olla t\u00e4ss\u00e4 el\u00e4m\u00e4ss\u00e4 ja maailmassa, laulaja tuumasi.<\/p>\n","protected":false},"excerpt":{"rendered":"Uuden musiikin kilpailusta noussut hittibiisi soi radiossa eniten vuonna 2025. Nelli Matulan kappale on soinut viime vuonna radiossa&hellip;\n","protected":false},"author":2,"featured_media":141337,"comment_status":"","ping_status":"","sticky":false,"template":"","format":"standard","meta":{"footnotes":""},"categories":[132],"tags":[35,138,137,33,31,30,525,195,47,141,32,484,109],"class_list":{"0":"post-141336","1":"post","2":"type-post","3":"status-publish","4":"format-standard","5":"has-post-thumbnail","7":"category-musiikki","8":"tag-24h","9":"tag-audio","10":"tag-entertainment","11":"tag-fi","12":"tag-finland","13":"tag-finnish","14":"tag-laulaminen-ja-laulajat","15":"tag-music","16":"tag-musiikki","17":"tag-muusikot-bandit","18":"tag-suomi","19":"tag-taiteellinen-ilmaisu-ja-mediat","20":"tag-viihde"},"share_on_mastodon":{"url":"https:\/\/pubeurope.com\/@fi\/115888965760191611","error":""},"_links":{"self":[{"href":"https:\/\/www.europesays.com\/fi\/wp-json\/wp\/v2\/posts\/141336","targetHints":{"allow":["GET"]}}],"collection":[{"href":"https:\/\/www.europesays.com\/fi\/wp-json\/wp\/v2\/posts"}],"about":[{"href":"https:\/\/www.europesays.com\/fi\/wp-json\/wp\/v2\/types\/post"}],"author":[{"embeddable":true,"href":"https:\/\/www.europesays.com\/fi\/wp-json\/wp\/v2\/users\/2"}],"replies":[{"embeddable":true,"href":"https:\/\/www.europesays.com\/fi\/wp-json\/wp\/v2\/comments?post=141336"}],"version-history":[{"count":0,"href":"https:\/\/www.europesays.com\/fi\/wp-json\/wp\/v2\/posts\/141336\/revisions"}],"wp:featuredmedia":[{"embeddable":true,"href":"https:\/\/www.europesays.com\/fi\/wp-json\/wp\/v2\/media\/141337"}],"wp:attachment":[{"href":"https:\/\/www.europesays.com\/fi\/wp-json\/wp\/v2\/media?parent=141336"}],"wp:term":[{"taxonomy":"category","embeddable":true,"href":"https:\/\/www.europesays.com\/fi\/wp-json\/wp\/v2\/categories?post=141336"},{"taxonomy":"post_tag","embeddable":true,"href":"https:\/\/www.europesays.com\/fi\/wp-json\/wp\/v2\/tags?post=141336"}],"curies":[{"name":"wp","href":"https:\/\/api.w.org\/{rel}","templated":true}]}}