{"id":141338,"date":"2026-01-13T17:29:06","date_gmt":"2026-01-13T17:29:06","guid":{"rendered":"https:\/\/www.europesays.com\/fi\/141338\/"},"modified":"2026-01-13T17:29:06","modified_gmt":"2026-01-13T17:29:06","slug":"urheilutahti-teki-u-kaannoksen-kymmenien-miljoonien-tappiot","status":"publish","type":"post","link":"https:\/\/www.europesays.com\/fi\/141338\/","title":{"rendered":"Urheilut\u00e4hti teki U-k\u00e4\u00e4nn\u00f6ksen \u2013 Kymmenien miljoonien tappiot"},"content":{"rendered":"<p>Brooks Koepka ymm\u00e4rt\u00e4\u00e4 rangaistuksensa. <\/p>\n<p class=\"paragraph\"><strong>Brooks Koepka<\/strong>, 35, kertoi maanantaina tekev\u00e4ns\u00e4 paluun PGA-kiertueelle.<\/p>\n<p class=\"paragraph\">Yhdysvaltalaispelaaja siirtyi vajaa kolme vuotta sitten kilpailevaan LIV-organisaatioon, eik\u00e4 loikkaa otettu hyvin vastaan.<\/p>\n<p class=\"paragraph\">Koepka sai porttikiellon PGA:han ja tyly\u00e4 palautetta pelikavereiltaan.<\/p>\n<p class=\"paragraph\">Paluusta ei ole tehty helppoa, sill\u00e4 siit\u00e4 koituu suuria taloudellisia tappioita viisinkertaiselle major-voittajalle.<\/p>\n<p class=\"paragraph\">Koepkasta tehtiin esimerkkitapaus samasta liikkeest\u00e4 haaveileville. H\u00e4n menett\u00e4\u00e4 menestyksest\u00e4\u00e4n riippuen arviolta 50\u201385 miljoonaa dollaria PGA:ssa.<\/p>\n<p class=\"paragraph\">Isoimmaksi rahalliseksi tappioksi lasketaan se, ett\u00e4 h\u00e4n j\u00e4\u00e4 viiden vuoden ajan ilman PGA:n Player Equity Program -omistusohjelman palkkioita.<\/p>\n<p class=\"paragraph\">\u2013 Se on ankara rangaistus taloudellisesti. Ymm\u00e4rr\u00e4n, miksi Tour teki sen \u2013 tarkoitus on satuttaa. Mutta l\u00e4ht\u00f6ni satutti monia, Koepka <a href=\"https:\/\/www.golfchannel.com\/pga-tour\/news\/brooks-koepka-speaks-ive-got-a-lot-of-work-to-do-with-some-of-the-players\" target=\"_blank\" rel=\"noopener nofollow\">j\u00e4rkeili<\/a> Golf Channelin haastattelussa.<\/p>\n<p class=\"paragraph\">\u2013 Jos joku on tuohtunut, minun t\u00e4ytyy rakentaa nuo suhteet uudelleen.<\/p>\n<p class=\"paragraph\">Lajin t\u00e4hti LIV-kiertueelle rahan per\u00e4ss\u00e4. Paluussa vaakakupissa painavat erilaiset asiat.<\/p>\n<p class=\"paragraph\">\u2013 Erityisen merkityksellist\u00e4 on, ett\u00e4 p\u00e4\u00e4sen l\u00e4hemm\u00e4ksi kotia ja saan viett\u00e4\u00e4 enemm\u00e4n aikaa perheeni kanssa, Koepka sanoo.<\/p>\n<p class=\"paragraph\">Koepka suunnittelee palaavansa kentille San Diegon Torrey Pinesissa kuun lopussa.<\/p>\n","protected":false},"excerpt":{"rendered":"Brooks Koepka ymm\u00e4rt\u00e4\u00e4 rangaistuksensa. Brooks Koepka, 35, kertoi maanantaina tekev\u00e4ns\u00e4 paluun PGA-kiertueelle. Yhdysvaltalaispelaaja siirtyi vajaa kolme vuotta sitten&hellip;\n","protected":false},"author":2,"featured_media":141339,"comment_status":"","ping_status":"","sticky":false,"template":"","format":"standard","meta":{"footnotes":""},"categories":[158],"tags":[35,722,33,31,30,720,41,103,159,32,78,860,160],"class_list":{"0":"post-141338","1":"post","2":"type-post","3":"status-publish","4":"format-standard","5":"has-post-thumbnail","7":"category-urheilu","8":"tag-24h","9":"tag-amerikka","10":"tag-fi","11":"tag-finland","12":"tag-finnish","13":"tag-liiketoiminta-ja-rahoitus","14":"tag-liikunta-ja-urheilu","15":"tag-sosiaalikysymykset","16":"tag-sports","17":"tag-suomi","18":"tag-talous","19":"tag-tyoelama","20":"tag-urheilu"},"share_on_mastodon":{"url":"https:\/\/pubeurope.com\/@fi\/115888977632343404","error":""},"_links":{"self":[{"href":"https:\/\/www.europesays.com\/fi\/wp-json\/wp\/v2\/posts\/141338","targetHints":{"allow":["GET"]}}],"collection":[{"href":"https:\/\/www.europesays.com\/fi\/wp-json\/wp\/v2\/posts"}],"about":[{"href":"https:\/\/www.europesays.com\/fi\/wp-json\/wp\/v2\/types\/post"}],"author":[{"embeddable":true,"href":"https:\/\/www.europesays.com\/fi\/wp-json\/wp\/v2\/users\/2"}],"replies":[{"embeddable":true,"href":"https:\/\/www.europesays.com\/fi\/wp-json\/wp\/v2\/comments?post=141338"}],"version-history":[{"count":0,"href":"https:\/\/www.europesays.com\/fi\/wp-json\/wp\/v2\/posts\/141338\/revisions"}],"wp:featuredmedia":[{"embeddable":true,"href":"https:\/\/www.europesays.com\/fi\/wp-json\/wp\/v2\/media\/141339"}],"wp:attachment":[{"href":"https:\/\/www.europesays.com\/fi\/wp-json\/wp\/v2\/media?parent=141338"}],"wp:term":[{"taxonomy":"category","embeddable":true,"href":"https:\/\/www.europesays.com\/fi\/wp-json\/wp\/v2\/categories?post=141338"},{"taxonomy":"post_tag","embeddable":true,"href":"https:\/\/www.europesays.com\/fi\/wp-json\/wp\/v2\/tags?post=141338"}],"curies":[{"name":"wp","href":"https:\/\/api.w.org\/{rel}","templated":true}]}}