{"id":141340,"date":"2026-01-13T17:30:09","date_gmt":"2026-01-13T17:30:09","guid":{"rendered":"https:\/\/www.europesays.com\/fi\/141340\/"},"modified":"2026-01-13T17:30:09","modified_gmt":"2026-01-13T17:30:09","slug":"laiva-tanssi-ja-soi-oulunsalon-nuorisoseura-toi-folklandialle-uudistunutta-tanssi-ilmaisua","status":"publish","type":"post","link":"https:\/\/www.europesays.com\/fi\/141340\/","title":{"rendered":"Laiva tanssi ja soi \u2013\u202fOulunsalon Nuorisoseura toi Folklandialle uudistunutta tanssi-ilmaisua"},"content":{"rendered":"<p>\n      Laiva seilasi Turun ja Tukholman v\u00e4li\u00e4 ja soi taukoamatta. Ehk\u00e4 vain parin aamuy\u00f6n tunnin ajaksi soiton syke vaikeni.\n    <\/p>\n<p>\n      Vuorokauden mittainen Folklandia-festivaali t\u00e4yttyi viikonloppuna kansanmusiikin ja \u00a0-tanssin yst\u00e4vist\u00e4. 30. juhlaristeily veti noin 1\u202f400 henke\u00e4, jonkin verran viime vuosia v\u00e4hemm\u00e4n. P\u00e4\u00e4j\u00e4rjest\u00e4j\u00e4 oli Suomen Nuorisoseurat.\n    <\/p>\n<p class=\"article__paragraph\">\n      Laivan isot ja pienet ravintolat palvelivat keikkapaikkoina. Pelimannihengess\u00e4 my\u00f6s k\u00e4yt\u00e4vill\u00e4 ja portaikossa soitettiin ja tanssittiin.\n    <\/p>\n<p class=\"article__paragraph\">\n      Artisteja ja ryhmi\u00e4 esiintyi liki 110, ammattilaisia ja harrastajia. Suosikeiksi nousivat muun muassa yhtyeet Frigg ja Hostikka, duo Kreeta-Maria Kentala &amp; Timo Alakotila sek\u00e4 tunteikkaan Eino Leino -konsertin t\u00e4hdet Antti Heikkinen, Timo Rautiainen, Tapio Liinoja ja Nyht\u00f6pelimanni.\n    <\/p>\n<p class=\"article__paragraph\">\n      Aallot keinuttivat paikoin vankkaa Baltic Princess -alusta. Miten sait tanssin askeleesi osumaan, oulunsalolainen Amanda Lyttinen?\n    <\/p>\n<p class=\"article__paragraph\">\n      \u2013 Vaati enemm\u00e4n keskittymist\u00e4. Etuk\u00e4teenh\u00e4n tuollaista ei voi oikein harjoitella, h\u00e4n naurahti keikan ja aplodien j\u00e4lkeen.\n    <\/p>\n<p class=\"article__paragraph\">\n      Lyttinen tanssii Oulunsalon Nuorisoseuran Railo-ryhm\u00e4ss\u00e4 yhdess\u00e4 kuuden muun 17\u201320-vuotiaan naisen kanssa.\n    <\/p>\n<p class=\"article__paragraph\">\n      Ryhm\u00e4lle on t\u00e4rke\u00e4\u00e4 p\u00e4\u00e4st\u00e4 omaa maakuntaa kauemmas valtakunnallisille estradeille.\n    <\/p>\n<p class=\"article__paragraph\">\n      \u2013 Ohjelmaa t\u00e4\u00e4ll\u00e4 on ymp\u00e4ri vuorokauden. Saa oikein kulttuuripl\u00e4j\u00e4yksen, Lyttinen sanoi.\n    <\/p>\n<p>    <img decoding=\"async\" class=\"responsive-image article__image-image lozad\"   src=\"https:\/\/www.europesays.com\/fi\/wp-content\/uploads\/2026\/01\/5mi0IZcNAux3pTVTHS9kJ3v7wuYAoY_fhwfZlzEW3Ae14ji0Flgr_STes6KVSHGUroyjgInMx63Z72__pVbxS-GV9SzJNBeH0zV2.jpeg\" alt=\"Amanda Lyttinen iloitsee, ett\u00e4 tanssin ansiosta h\u00e4n on p\u00e4\u00e4ssyt moniin erilaisiin tapahtumiin.\"\/><\/p>\n<p>\n                Amanda Lyttinen iloitsee, ett\u00e4 tanssin ansiosta h\u00e4n on p\u00e4\u00e4ssyt moniin erilaisiin tapahtumiin.\n              <\/p>\n<p>\n                Kuva: Henna Kemppainen\n              <\/p>\n<p class=\"article__paragraph\">\n      Railolaiset n\u00e4yttiv\u00e4t uutta teknist\u00e4 taituruuttaan ja teatteri-ilmaisua.\n    <\/p>\n<p class=\"article__paragraph\">\n      Toinen ohjaajista, tanssinopettaja Tatu Aspelund kertoi, ett\u00e4 ryhm\u00e4n j\u00e4senet ovat nyt vaiheessa, jolloin voi laajentaa omaa tanssijuuttaan. Ei siis en\u00e4\u00e4 vain musiikkia ja liikett\u00e4 vaan my\u00f6s puhetta ja teatteria.\n    <\/p>\n<p class=\"article__paragraph\">\n      \u2013 Aluksi se vaati kulmakarvojen kipristely\u00e4, kun ei ollutkaan tuttua ja turvallista. Mutta uusi on otettu hyvin vastaan.\n    <\/p>\n<p>    <img decoding=\"async\" class=\"responsive-image article__image-image lozad\"   src=\"https:\/\/www.europesays.com\/fi\/wp-content\/uploads\/2026\/01\/WhmisnxZ28hmyfv0jKjDRl1i01TqMnI5UqsFr8JihcobtABmhtMgfs2Nghdhgx-hIT5MiqX6oGvLzFCfL7BnbTMeXbznseuVhwmo.jpeg\" alt=\"Oulunsalon Nuorisoseuran Raito toi lavalle ilmastonmuutoksen ja tanssijoillekin kasvoi rusakonkorvat.\"\/><\/p>\n<p>\n                Oulunsalon Nuorisoseuran Raito toi lavalle ilmastonmuutoksen ja tanssijoillekin kasvoi rusakonkorvat.\n              <\/p>\n<p>\n                Kuva: Matti Siippainen\n              <\/p>\n<p class=\"article__paragraph\">\n      Tanssijat ovat uudistaneet my\u00f6s liikekielt\u00e4\u00e4n, esimerkiksi k\u00e4det on nostettu aiempaa suurempaan rooliin.\n    <\/p>\n<p class=\"article__paragraph\">\n      Lyttinen vakuutti, ett\u00e4 puheilmaisu on mieluista. Itsens\u00e4 saa haastaa uudella tavalla. Tanssitekniikkaan panostus on tuonut lis\u00e4\u00e4 itsevarmuutta.\n    <\/p>\n<p class=\"article__paragraph\">\n      Railoa h\u00e4n kuvaa tosi tiiviiksi ryhm\u00e4ksi, ja uskoo jatkavansa siin\u00e4 niin pitk\u00e4\u00e4n kuin mahdollista.\n    <\/p>\n<p class=\"article__paragraph\">\n      \u2013 Liikkumisen ja musiikin yhdistelm\u00e4, Amanda Lyttinen tiivist\u00e4\u00e4 sen, mik\u00e4 jo kolmivuotiaana alkaneessa harrastuksessa on aina vet\u00e4nyt.\n    <\/p>\n<p class=\"article__paragraph\">\n      Toinen Oulunsalon Nuorisoseuran ryhm\u00e4, pari-kolmekymppisten kuuden naisen ja kolmen miehen Raito, heitti rohkeasti laidan yli mielikuvan kansantanssista menneen maailman j\u00e4\u00e4nteen\u00e4.\n    <\/p>\n<p class=\"article__paragraph\">\n      Rap-artisti Asan kappaleen \u201dAlas virtaa Araratin\u201d riimit ja rytmi antoivat tuoretta vauhtia muutenkin yleis\u00f6\u00f6n menev\u00e4lle tanssille.\n    <\/p>\n<p class=\"article__paragraph\">\n      Esityksen ydint\u00e4 oli ilmastonmuutos ja se, miten ihminen haluaa kukkulan kuninkaaksi ymp\u00e4rist\u00f6n, lajien ja kulttuurien tuhoamisen hinnalla.\n    <\/p>\n<p class=\"article__paragraph\">\n      \u2013 Kantaaottavuus on ollut koreografioilleni ominaista, sanoi esityksen ohjannut Eeva-Maria Kauniskangas.\n    <\/p>\n<p class=\"article__paragraph\">\n      My\u00f6s Raiton harjoitteluun on liitetty puheilmaisua.\n    <\/p>\n<p class=\"article__paragraph\">\n      \u2013 \u00c4\u00e4nenk\u00e4ytt\u00f6\u00f6n ja lauluun on kiinnitetty huomiota. Mahtavaa, ett\u00e4 siihen on heitt\u00e4ydytty mukaan, kiitteli n\u00e4yttelij\u00e4n\u00e4kin tunnettu Kauniskangas.\n    <\/p>\n<p>    <img decoding=\"async\" class=\"responsive-image article__image-image lozad\"   src=\"https:\/\/www.europesays.com\/fi\/wp-content\/uploads\/2026\/01\/IRMDOJ2-1-6n-I6jivTx5mNaNgL45FVRVAbuwb77xOMyIC5SuN7nETXE0ZPeI-88Jp-J7h0icSKpuX4x4mNpgbl1SJjVWY4swDdt.jpeg\" alt=\"Folklandia on kansanmusiikin ja kansantanssin kansainv\u00e4linen 24 tunnin laivafestivaali, jossa n\u00e4htiin t\u00e4n\u00e4kin vuonna mukavasti osallistujia my\u00f6s lakeudelta. Kempelel\u00e4inen Marita Oja tanssi Raiton lis\u00e4ksi P\u00e4hi\u00f6iden v\u00e4reiss\u00e4.\"\/><\/p>\n<p>\n                Folklandia on kansanmusiikin ja kansantanssin kansainv\u00e4linen 24 tunnin laivafestivaali, jossa n\u00e4htiin t\u00e4n\u00e4kin vuonna mukavasti osallistujia my\u00f6s lakeudelta. Kempelel\u00e4inen Marita Oja tanssi Raiton lis\u00e4ksi P\u00e4hi\u00f6iden v\u00e4reiss\u00e4.\n              <\/p>\n<p>\n                Kuva: Ville Kurki\n              <\/p>\n<p class=\"article__paragraph\">\n      Kempelel\u00e4iselle Marita Ojalle festivaali oli lennokas l\u00e4ht\u00f6 uuteen tanssivuoteen.\n    <\/p>\n<p class=\"article__paragraph\">\n      \u2013 Laivalla on suuri samanhenkisten kokoontuminen. Tanssin ilon jakaminen on t\u00e4\u00e4ll\u00e4 isommassa mittakaavassa kuin arjessa.\n    <\/p>\n<p>&#8221;Laivalla on suuri samanhenkisten kokoontuminen. Tanssin ilon jakaminen on t\u00e4\u00e4ll\u00e4 isommassa mittakaavassa kuin arjessa.&#8221;<\/p>\n<p>\n                Marita Ojala\n              <\/p>\n<p>\n                  kempelel\u00e4inen harrastaja\n                <\/p>\n<p class=\"article__paragraph\">\n      T\u00e4ll\u00e4 kertaa risteily oli Ojalle erityisen merkitt\u00e4v\u00e4. H\u00e4n nimitt\u00e4in tanssii Raiton lis\u00e4ksi my\u00f6s oululaisessa P\u00e4hi\u00e4t-ryhm\u00e4ss\u00e4, jonka valinta Pispalan Sottiisin vuoden kansantanssiyhtyeeksi julkistettiin laivalla. Urheilussa vastaava titteli olisi joukkueen Suomen mestaruus.\n    <\/p>\n<p class=\"article__paragraph\">\n      \u2013 On se tosi iso tunnustus, iloitsi jo pikkulapsesta l\u00e4htien tanssinut Oja.\n    <\/p>\n<p class=\"article__paragraph\">\n      Harrastus on johtanut muun muassa ilmaisutaidon ohjaajan koulutukseen, ja h\u00e4n sanookin olevansa puoliammattilainen koreografi ja tanssija.\n    <\/p>\n<p class=\"article__paragraph\">\n      Kahden ryhm\u00e4n esitykset veiv\u00e4t Marita Ojaa laivalla paikasta toiseen, ja h\u00e4n kuului my\u00f6s legendaarisen SM-kisan eli tikkuristi-tanssin tuomaristoon.\n    <\/p>\n","protected":false},"excerpt":{"rendered":"Laiva seilasi Turun ja Tukholman v\u00e4li\u00e4 ja soi taukoamatta. Ehk\u00e4 vain parin aamuy\u00f6n tunnin ajaksi soiton syke vaikeni.&hellip;\n","protected":false},"author":2,"featured_media":141341,"comment_status":"","ping_status":"","sticky":false,"template":"","format":"standard","meta":{"footnotes":""},"categories":[130],"tags":[137,33,31,30,32,109],"class_list":{"0":"post-141340","1":"post","2":"type-post","3":"status-publish","4":"format-standard","5":"has-post-thumbnail","7":"category-viihde","8":"tag-entertainment","9":"tag-fi","10":"tag-finland","11":"tag-finnish","12":"tag-suomi","13":"tag-viihde"},"share_on_mastodon":{"url":"https:\/\/pubeurope.com\/@fi\/115888981466157239","error":""},"_links":{"self":[{"href":"https:\/\/www.europesays.com\/fi\/wp-json\/wp\/v2\/posts\/141340","targetHints":{"allow":["GET"]}}],"collection":[{"href":"https:\/\/www.europesays.com\/fi\/wp-json\/wp\/v2\/posts"}],"about":[{"href":"https:\/\/www.europesays.com\/fi\/wp-json\/wp\/v2\/types\/post"}],"author":[{"embeddable":true,"href":"https:\/\/www.europesays.com\/fi\/wp-json\/wp\/v2\/users\/2"}],"replies":[{"embeddable":true,"href":"https:\/\/www.europesays.com\/fi\/wp-json\/wp\/v2\/comments?post=141340"}],"version-history":[{"count":0,"href":"https:\/\/www.europesays.com\/fi\/wp-json\/wp\/v2\/posts\/141340\/revisions"}],"wp:featuredmedia":[{"embeddable":true,"href":"https:\/\/www.europesays.com\/fi\/wp-json\/wp\/v2\/media\/141341"}],"wp:attachment":[{"href":"https:\/\/www.europesays.com\/fi\/wp-json\/wp\/v2\/media?parent=141340"}],"wp:term":[{"taxonomy":"category","embeddable":true,"href":"https:\/\/www.europesays.com\/fi\/wp-json\/wp\/v2\/categories?post=141340"},{"taxonomy":"post_tag","embeddable":true,"href":"https:\/\/www.europesays.com\/fi\/wp-json\/wp\/v2\/tags?post=141340"}],"curies":[{"name":"wp","href":"https:\/\/api.w.org\/{rel}","templated":true}]}}