{"id":141342,"date":"2026-01-13T17:33:06","date_gmt":"2026-01-13T17:33:06","guid":{"rendered":"https:\/\/www.europesays.com\/fi\/141342\/"},"modified":"2026-01-13T17:33:06","modified_gmt":"2026-01-13T17:33:06","slug":"nimitystiedote-avesco-oy-mikko-aules-myyntijohtajaksi","status":"publish","type":"post","link":"https:\/\/www.europesays.com\/fi\/141342\/","title":{"rendered":"Nimitystiedote Avesco Oy &#8211; Mikko Aules myyntijohtajaksi"},"content":{"rendered":"<p><strong>Mikko Aules<\/strong> on nimitetty Avesco Oy:n Cat- ja Magni konemyynnin myyntijohtajaksi 1.1.2026 alkaen.<\/p>\n<p><strong>Mikko Aules<\/strong> on nimitetty Avesco Oy:n myyntijohtajaksi (Sales Director, Construction Sales) 1.1.2026 alkaen. Teht\u00e4v\u00e4\u00e4 aiemmin hoitanut Sami Sepp\u00e4l\u00e4 on p\u00e4\u00e4tt\u00e4nyt siirty\u00e4 talon ulkopuolisiin teht\u00e4viin. Aules raportoi teht\u00e4v\u00e4ss\u00e4\u00e4n Avesco Oy:n toimitusjohtajalle ja toimii johtokunnan j\u00e4senen\u00e4.<\/p>\n<p>Uudessa roolissaan Aules vastaa Cat- ja Magni-rakennuskoneiden myynnin johtamisesta ja kehitt\u00e4misest\u00e4 yhdess\u00e4 myyntitiimin kanssa. H\u00e4n on ty\u00f6skennellyt Avescolla vuodesta 2022 l\u00e4htien tuotep\u00e4\u00e4llikk\u00f6n\u00e4. Koulutukseltaan Aules on ajoneuvotekniikan insin\u00f6\u00f6ri.<\/p>\n<p>Ennen Avescolle siirtymist\u00e4\u00e4n Aules on toiminut Renault Trucksilla ja Volvo Trucksilla tuotep\u00e4\u00e4llikk\u00f6n\u00e4 sek\u00e4 liiketoimintayksik\u00f6n johtajana Putzmeister-j\u00e4lleenmyynniss\u00e4. Lis\u00e4ksi h\u00e4nell\u00e4 on vahvaa j\u00e4lkimarkkinaosaamista aiemmasta teht\u00e4v\u00e4st\u00e4\u00e4n linja-autokorjaamon korjaamop\u00e4\u00e4llikk\u00f6n\u00e4.<\/p>\n<p>Auleksen monipuolinen tausta, osaaminen sek\u00e4 motivaatio antavat vahvat l\u00e4ht\u00f6kohdat t\u00e4h\u00e4n Avescon liiketoiminnan kehitt\u00e4misen kannalta t\u00e4rke\u00e4\u00e4n teht\u00e4v\u00e4\u00e4n konemyynnin vet\u00e4j\u00e4n\u00e4. H\u00e4n n\u00e4kee roolinsa keskeisen\u00e4 osana asiakkaiden menestyksen tukemisen: \u201dHaluan, ett\u00e4 myyntimme tuottaa asiakkaille aitoa lis\u00e4arvoa ja tukee heid\u00e4n liiketoimintansa kasvua. Catin huippuluokan tuotteet sek\u00e4 Avescon eritt\u00e4in kattava huoltoverkosto tarjoavat t\u00e4h\u00e4n erinomaiset l\u00e4ht\u00f6kohdat.\u201d<\/p>\n<p>Aulekselle raportoivat konemyynnin tiimi sek\u00e4 markkinointi. \u201dCaterpillar on 100-vuotias legendaarinen ja johtava br\u00e4ndi, josta voi olla ylpe\u00e4. Odotan innolla, ett\u00e4 p\u00e4\u00e4semme yhdess\u00e4 avescolaisten kanssa jatkamaan liiketoiminnan kehitt\u00e4mist\u00e4, kasvattamaan Catin markkinaosuutta Suomessa ja olemaan asiakkaiden ykk\u00f6svalinta\u201d, Aules summaa.<\/p>\n<p>Mikko Auleksen tavoittaa:<\/p>\n<p>050 &#8211; 320 0647<\/p>\n<p><a href=\"https:\/\/www.epressi.com\/cdn-cgi\/l\/email-protection\" class=\"__cf_email__\" data-cfemail=\"610c080a0a0e4f00140d04122100170412020e4c0200154f0708\" rel=\"nofollow noopener\" target=\"_blank\">[email\u00a0protected]<\/a><\/p>\n<p>\t\t\t\t\tTietoa julkaisijasta<\/p>\n<p>Mikko Auleksen tavoittaa:<\/p>\n<p>050 &#8211; 320 0647<\/p>\n<p><a href=\"https:\/\/www.epressi.com\/cdn-cgi\/l\/email-protection\" class=\"__cf_email__\" data-cfemail=\"65080c0e0e0a4b04100900162504130016060a480604114b030c\" rel=\"nofollow noopener\" target=\"_blank\">[email\u00a0protected]<\/a><\/p>\n<p><a href=\"https:\/\/www.epressi.com\/cdn-cgi\/l\/email-protection\" class=\"__cf_email__\" data-cfemail=\"097d6c6c647c277b68607d607a49687f6c7a6a66246a687d276f60\" rel=\"nofollow noopener\" target=\"_blank\">[email\u00a0protected]<\/a> | +358 40 035 2334<\/p>\n<p>AVESCO OY<\/p>\n<p>Avesco Oy on Caterpillarin ja Magnin edustaja Suomessa ja tarjoaa markkinoiden edistyksellisimpi\u00e4, tuottavimpia ja luotettavimpia ty\u00f6koneita sek\u00e4 generaattoreita lukuisiin eri k\u00e4ytt\u00f6kohteisiin. Avesco Oy vastaa my\u00f6s Cat -koneiden varaosista ja huolloista sek\u00e4 tuotteiden lis\u00e4- ja elinkaaripalveluista kaikkialla Suomessa. Avesco Oy ty\u00f6llist\u00e4\u00e4 Suomessa 260 henkil\u00f6\u00e4 ja sen toimipaikat sijaitsevat Keravalla, Turussa, Tampereella, Kuopiossa, Vaasassa, Raahessa ja Oulussa. <a href=\"http:\/\/www.avesco-cat.fi\" rel=\"nofollow noopener\" target=\"_blank\">www.avesco-cat.fi<\/a><\/p>\n","protected":false},"excerpt":{"rendered":"Mikko Aules on nimitetty Avesco Oy:n Cat- ja Magni konemyynnin myyntijohtajaksi 1.1.2026 alkaen. Mikko Aules on nimitetty Avesco&hellip;\n","protected":false},"author":2,"featured_media":141343,"comment_status":"","ping_status":"","sticky":false,"template":"","format":"standard","meta":{"footnotes":""},"categories":[76],"tags":[79,77,33,31,30,32,78],"class_list":{"0":"post-141342","1":"post","2":"type-post","3":"status-publish","4":"format-standard","5":"has-post-thumbnail","7":"category-talous","8":"tag-business","9":"tag-economy","10":"tag-fi","11":"tag-finland","12":"tag-finnish","13":"tag-suomi","14":"tag-talous"},"share_on_mastodon":{"url":"https:\/\/pubeurope.com\/@fi\/115888993321272053","error":""},"_links":{"self":[{"href":"https:\/\/www.europesays.com\/fi\/wp-json\/wp\/v2\/posts\/141342","targetHints":{"allow":["GET"]}}],"collection":[{"href":"https:\/\/www.europesays.com\/fi\/wp-json\/wp\/v2\/posts"}],"about":[{"href":"https:\/\/www.europesays.com\/fi\/wp-json\/wp\/v2\/types\/post"}],"author":[{"embeddable":true,"href":"https:\/\/www.europesays.com\/fi\/wp-json\/wp\/v2\/users\/2"}],"replies":[{"embeddable":true,"href":"https:\/\/www.europesays.com\/fi\/wp-json\/wp\/v2\/comments?post=141342"}],"version-history":[{"count":0,"href":"https:\/\/www.europesays.com\/fi\/wp-json\/wp\/v2\/posts\/141342\/revisions"}],"wp:featuredmedia":[{"embeddable":true,"href":"https:\/\/www.europesays.com\/fi\/wp-json\/wp\/v2\/media\/141343"}],"wp:attachment":[{"href":"https:\/\/www.europesays.com\/fi\/wp-json\/wp\/v2\/media?parent=141342"}],"wp:term":[{"taxonomy":"category","embeddable":true,"href":"https:\/\/www.europesays.com\/fi\/wp-json\/wp\/v2\/categories?post=141342"},{"taxonomy":"post_tag","embeddable":true,"href":"https:\/\/www.europesays.com\/fi\/wp-json\/wp\/v2\/tags?post=141342"}],"curies":[{"name":"wp","href":"https:\/\/api.w.org\/{rel}","templated":true}]}}