{"id":141344,"date":"2026-01-13T17:34:07","date_gmt":"2026-01-13T17:34:07","guid":{"rendered":"https:\/\/www.europesays.com\/fi\/141344\/"},"modified":"2026-01-13T17:34:07","modified_gmt":"2026-01-13T17:34:07","slug":"20-vuotias-koripallolahjakkuus-andre-bell-ammuttiin-kuoliaaksi-yhdysvalloissa","status":"publish","type":"post","link":"https:\/\/www.europesays.com\/fi\/141344\/","title":{"rendered":"20-vuotias koripallolahjakkuus Andre Bell ammuttiin kuoliaaksi Yhdysvalloissa"},"content":{"rendered":"<p>V\u00e4likohtaus sattui liikennekahakan j\u00e4lkeen.<\/p>\n<p class=\"article-body mb-nof-24 px-nof-16\">20-vuotias <a class=\"font-bold underline-offset-[0.12em] [text-decoration:var(--person-link-text-decoration)] ![text-decoration-color:var(--person-link-text-decoration-color)]\" href=\"https:\/\/www.is.fi\/haku\/?query=Andre%20Bell\" rel=\"nofollow noopener\" target=\"_blank\">Andre Bell<\/a> ammuttiin kuoliaaksi Nashvilless\u00e4 Yhdysvalloissa sunnuntaina.<\/p>\n<p class=\"article-body mb-nof-24 px-nof-16\">Viranomaistietojen mukaan Bell oli palaamassa kahden yst\u00e4v\u00e4ns\u00e4 kanssa voimistelutapahtumasta. Bell ajoi autoa, kun sen rinnalle maantiell\u00e4 ajoi toinen auto. Matkustajat kertoivat poliisille, etteiv\u00e4t huomanneet aluksi tilanteessa mit\u00e4\u00e4n erityist\u00e4, sill\u00e4 he selasivat puhelimiaan samalla kun Bell ajoi autoa.<\/p>\n<p class=\"article-body mb-nof-24 px-nof-16\">Yht\u00e4kki\u00e4 toisesta autosta kuului kaksi laukausta, ja matkustajat huomasivat, ett\u00e4 luodit osuivat Belliin. Bellin auto hidasti, py\u00f6r\u00e4hti keskelle liikennett\u00e4 ja kolaroi toisen auton kanssa.<\/p>\n<p class=\"article-body mb-nof-24 px-nof-16\"><a class=\"underline underline-offset-[0.12em] [text-decoration-thickness:var(--generic-link-underline-thickness)] [text-decoration-color:var(--generic-link-underline-color)] [text-decoration-skip-ink:var(--generic-link-underline-skip-ink)] break-words\" href=\"https:\/\/www.dailymail.co.uk\/sport\/college-basketball\/article-15458985\/andre-bell-nashville-shooting-death.html\" rel=\"nofollow noopener\" target=\"_blank\">Daily Mailin <\/a>mukaan auto, josta luodit ammuttiin, poistui samalla tapahtumapaikalta.<\/p>\n<p class=\"article-body mb-nof-24 px-nof-16\">V\u00e4likohtauksessa luodit osuivat Bellin p\u00e4\u00e4h\u00e4n. H\u00e4net kiid\u00e4tettiin sairaalaan kriittisess\u00e4 tilassa, mutta h\u00e4n menehtyi maanantaina.<\/p>\n<p class=\"article-body mb-nof-24 px-nof-16\">Poliisin mukaan ammuskelulle ei tiedet\u00e4 motiivia. Bell opiskeli Fisk Universityss\u00e4 Nashvilless\u00e4. H\u00e4n pelasi siell\u00e4 koripalloa ja oli yksi joukkueen t\u00e4rkeimmist\u00e4 pelaajista.<\/p>\n<p class=\"article-body mb-nof-24 px-nof-16\">\u2013\u2009Olemme aivan j\u00e4rkyttyneit\u00e4, ett\u00e4 yksi omistamme on riistetty meilt\u00e4 t\u00e4llaisella j\u00e4rjett\u00f6m\u00e4ll\u00e4 v\u00e4kivallanteolla, yliopiston urheilujohtaja <a class=\"font-bold underline-offset-[0.12em] [text-decoration:var(--person-link-text-decoration)] ![text-decoration-color:var(--person-link-text-decoration-color)]\" href=\"https:\/\/www.is.fi\/haku\/?query=Valencia%20Jordan\" rel=\"nofollow noopener\" target=\"_blank\">Valencia Jordan<\/a> kertoi.<\/p>\n<p class=\"article-body mb-nof-24 px-nof-16\">\u2013\u2009Bell oli matkalla takaisin kampukselle oltuaan sit\u00e4 ennen auttamassa yliopistomme telinevoimistelujoukkuetta. Olemme h\u00e4nen perheens\u00e4 tukena, ja autamme heit\u00e4 kaikin mahdollisin tavoin. Olemme perhe, joka oppii, rakastaa, pelaa ja rukoilee yhdess\u00e4.<\/p>\n<p class=\"article-body mb-nof-24 px-nof-16\">Koripallojoukkueen p\u00e4\u00e4valmentaja <a class=\"font-bold underline-offset-[0.12em] [text-decoration:var(--person-link-text-decoration)] ![text-decoration-color:var(--person-link-text-decoration-color)]\" href=\"https:\/\/www.is.fi\/haku\/?query=Jeremiah%20Crutcher\" rel=\"nofollow noopener\" target=\"_blank\">Jeremiah Crutcher<\/a> oli my\u00f6s surun murtama.<\/p>\n<p class=\"article-body mb-nof-24 px-nof-16\">\u2013\u2009Menetimme t\u00e4n\u00e4\u00e4n ihmisen, joka oli johtaja kent\u00e4ll\u00e4 ja sen ulkopuolella. Andre oli nuori, fiksu, lahjakas ja herkk\u00e4 mies. H\u00e4net riistettiin ep\u00e4reilusti t\u00e4st\u00e4 maailmasta. H\u00e4n toi aina ilos ja l\u00e4mp\u00f6\u00e4 mukanaan.<\/p>\n","protected":false},"excerpt":{"rendered":"V\u00e4likohtaus sattui liikennekahakan j\u00e4lkeen. 20-vuotias Andre Bell ammuttiin kuoliaaksi Nashvilless\u00e4 Yhdysvalloissa sunnuntaina. Viranomaistietojen mukaan Bell oli palaamassa kahden&hellip;\n","protected":false},"author":2,"featured_media":141345,"comment_status":"","ping_status":"","sticky":false,"template":"","format":"standard","meta":{"footnotes":""},"categories":[14],"tags":[22,23,26,27,33,31,30,17,34,24,25,28,29,15,18,21,32,19,20,56,16,59,60,61],"class_list":{"0":"post-141344","1":"post","2":"type-post","3":"status-publish","4":"format-standard","5":"has-post-thumbnail","7":"category-ulkomaat","8":"tag-breaking-news","9":"tag-breakingnews","10":"tag-featured-news","11":"tag-featurednews","12":"tag-fi","13":"tag-finland","14":"tag-finnish","15":"tag-headlines","16":"tag-ilta-sanomat","17":"tag-latest-news","18":"tag-latestnews","19":"tag-main-news","20":"tag-mainnews","21":"tag-news","22":"tag-otsikot","23":"tag-paauutiset","24":"tag-suomi","25":"tag-top-stories","26":"tag-topstories","27":"tag-ulkomaat","28":"tag-uutiset","29":"tag-world","30":"tag-world-news","31":"tag-worldnews"},"share_on_mastodon":{"url":"https:\/\/pubeurope.com\/@fi\/115888997366996356","error":""},"_links":{"self":[{"href":"https:\/\/www.europesays.com\/fi\/wp-json\/wp\/v2\/posts\/141344","targetHints":{"allow":["GET"]}}],"collection":[{"href":"https:\/\/www.europesays.com\/fi\/wp-json\/wp\/v2\/posts"}],"about":[{"href":"https:\/\/www.europesays.com\/fi\/wp-json\/wp\/v2\/types\/post"}],"author":[{"embeddable":true,"href":"https:\/\/www.europesays.com\/fi\/wp-json\/wp\/v2\/users\/2"}],"replies":[{"embeddable":true,"href":"https:\/\/www.europesays.com\/fi\/wp-json\/wp\/v2\/comments?post=141344"}],"version-history":[{"count":0,"href":"https:\/\/www.europesays.com\/fi\/wp-json\/wp\/v2\/posts\/141344\/revisions"}],"wp:featuredmedia":[{"embeddable":true,"href":"https:\/\/www.europesays.com\/fi\/wp-json\/wp\/v2\/media\/141345"}],"wp:attachment":[{"href":"https:\/\/www.europesays.com\/fi\/wp-json\/wp\/v2\/media?parent=141344"}],"wp:term":[{"taxonomy":"category","embeddable":true,"href":"https:\/\/www.europesays.com\/fi\/wp-json\/wp\/v2\/categories?post=141344"},{"taxonomy":"post_tag","embeddable":true,"href":"https:\/\/www.europesays.com\/fi\/wp-json\/wp\/v2\/tags?post=141344"}],"curies":[{"name":"wp","href":"https:\/\/api.w.org\/{rel}","templated":true}]}}