{"id":141346,"date":"2026-01-13T17:35:09","date_gmt":"2026-01-13T17:35:09","guid":{"rendered":"https:\/\/www.europesays.com\/fi\/141346\/"},"modified":"2026-01-13T17:35:09","modified_gmt":"2026-01-13T17:35:09","slug":"milan-jaffin-pahoinpitelytuomio-jaa-voimaan","status":"publish","type":"post","link":"https:\/\/www.europesays.com\/fi\/141346\/","title":{"rendered":"Milan Jaffin pahoinpitelytuomio j\u00e4\u00e4 voimaan"},"content":{"rendered":"<p>Jaff tuomittiin tunnetun seksuaalirikollisen Mika Moringin pahoinpitelyst\u00e4.<\/p>\n<p>Pahoinpitely tallentui videolle.<\/p>\n<p class=\"article-body mb-nof-24 px-nof-16\">Turun hovioikeus ei my\u00f6nt\u00e4nyt <a class=\"font-bold underline-offset-[0.12em] [text-decoration:var(--person-link-text-decoration)] ![text-decoration-color:var(--person-link-text-decoration-color)]\" href=\"https:\/\/www.is.fi\/haku\/?query=Milan%20Jaffille\" rel=\"nofollow noopener\" target=\"_blank\">Milan Jaffille <\/a>jatkok\u00e4sittelylupaa, ja h\u00e4nen pahoinpitelytuomionsa j\u00e4\u00e4 voimaan.<\/p>\n<p class=\"article-body mb-nof-24 px-nof-16\">K\u00e4r\u00e4j\u00e4oikeus tuomitsi lokakuussa Jaffin, 25, naisten sarjasaalistajana tunnetun <a class=\"font-bold underline-offset-[0.12em] [text-decoration:var(--person-link-text-decoration)] ![text-decoration-color:var(--person-link-text-decoration-color)]\" href=\"https:\/\/www.is.fi\/haku\/?query=Mika%20Moringin\" rel=\"nofollow noopener\" target=\"_blank\">Mika Moringin<\/a>, 54, pahoinpitelyst\u00e4. Pahoinpitely tapahtui Turun vankilassa marraskuussa 2024.<\/p>\n<p class=\"article-body mb-nof-24 px-nof-16\">Moring sai samassa k\u00e4sittelyss\u00e4 tuomion laittomasta uhkauksesta.<\/p>\n<p class=\"article-body mb-nof-24 px-nof-16\">Jaffille m\u00e4\u00e4r\u00e4ttiin 60 p\u00e4iv\u00e4\u00e4 vankeutta, ja h\u00e4n joutui korvaamaan Moringille 600 euroa. Moringin tuomio oli 20 p\u00e4iv\u00e4\u00e4 vankeutta, ja h\u00e4n joutui korvaamaan Jaffille 300 euroa.<\/p>\n<p><img decoding=\"async\" src=\"https:\/\/www.europesays.com\/fi\/wp-content\/uploads\/2025\/10\/1760224452_957_468.jpg\" alt=\"Milan Jaff v\u00e4itti kuulusteluissa, ett\u00e4 pahoinpitelyss\u00e4 oli kyse h\u00e4t\u00e4varjelusta.\" class=\"_Img_1rerz_1\" style=\"aspect-ratio:1.5\" loading=\"eager\"\/><\/p>\n<p class=\"article-picture-caption\">Milan Jaff v\u00e4itti kuulusteluissa, ett\u00e4 pahoinpitelyss\u00e4 oli kyse h\u00e4t\u00e4varjelusta. Kuva:\u00a0Lassi Rinne<\/p>\n<p class=\"article-body mb-nof-24 px-nof-16\">Jaff valitti tuomiosta m\u00e4\u00e4r\u00e4ajassa hovioikeuteen. H\u00e4n vaati, ett\u00e4 syyksilukeminen lievennet\u00e4\u00e4n h\u00e4t\u00e4varjelun liioitteluna tehdyksi pahoinpitelyksi ja ett\u00e4 rangaistus joka tapauksessa lievennet\u00e4\u00e4n sakoksi tai ett\u00e4 sit\u00e4 ainakin alennetaan.<\/p>\n<p class=\"article-body mb-nof-24 px-nof-16\">V\u00e4likohtaus tapahtui vankilan keitti\u00f6ss\u00e4. Jaff heitti Moringin lehden p\u00f6yd\u00e4lt\u00e4 lattialle. Sit\u00e4 seurasi sanaharkka, jonka j\u00e4lkeen Jaff l\u00f6i yll\u00e4tt\u00e4en nyrkill\u00e4 Moringia. T\u00e4m\u00e4 kaatui lattialle mutta p\u00e4\u00e4si pian yl\u00f6s. Hieman tilanteen j\u00e4lkeen Jaff toi Moringille paperia ja siivoasi lehdet lattialta.<\/p>\n<p><img decoding=\"async\" src=\"https:\/\/www.europesays.com\/fi\/wp-content\/uploads\/2025\/10\/1760076128_135_468.jpg\" alt=\"Mika Moring Helsingin hovioikeudessa 15. syyskuuta kuvattuna.\" class=\"_Img_1rerz_1\" style=\"aspect-ratio:1.3305613305613306\" loading=\"eager\"\/><\/p>\n<p class=\"article-picture-caption\">Mika Moring Helsingin hovioikeudessa 15. syyskuuta kuvattuna. Kuva:\u00a0Lasse Kerkel\u00e4 HS<\/p>\n<p class=\"article-body mb-nof-24 px-nof-16\">Jengiyhteyksist\u00e4 ja lukuisista rikoksista tuomittu Jaff karkotettiin Suomesta Irakiin joulukuun puoliv\u00e4liss\u00e4.<\/p>\n<p class=\"article-body mb-nof-24 px-nof-16\">Maahanmuuttovirasto peruutti kes\u00e4ll\u00e4 Jaffin oleskeluluvan ja m\u00e4\u00e4r\u00e4si h\u00e4net karkotettavaksi Irakiin. Jaff valitti asiasta hallinto-oikeuteen, joka <a class=\"underline underline-offset-[0.12em] [text-decoration-thickness:var(--generic-link-underline-thickness)] [text-decoration-color:var(--generic-link-underline-color)] [text-decoration-skip-ink:var(--generic-link-underline-skip-ink)] break-words\" href=\"https:\/\/www.iltalehti.fi\/kotimaa\/a\/e161756e-4361-49b6-ae31-23a79251d147\" rel=\"nofollow noopener\" target=\"_blank\">Iltalehden<\/a> mukaan kaikessa hiljaisuudessa hylk\u00e4si valituksen. Korkein hallinto-oikeus hylk\u00e4si Jaffin valituksen vuoden lopussa.<\/p>\n<p class=\"article-body mb-nof-24 px-nof-16\">Moring sai viimeisimm\u00e4n tuomionsa joulukuussa, kun Helsingin hovioikeus tuomitsi h\u00e4net kuudeksi vuodeksi vankeuteen seksuaali- ja v\u00e4kivaltarikoksista.<\/p>\n","protected":false},"excerpt":{"rendered":"Jaff tuomittiin tunnetun seksuaalirikollisen Mika Moringin pahoinpitelyst\u00e4. Pahoinpitely tallentui videolle. Turun hovioikeus ei my\u00f6nt\u00e4nyt Milan Jaffille jatkok\u00e4sittelylupaa, ja&hellip;\n","protected":false},"author":2,"featured_media":141347,"comment_status":"","ping_status":"","sticky":false,"template":"","format":"standard","meta":{"footnotes":""},"categories":[12],"tags":[22,23,26,27,33,31,30,17,34,24,25,28,29,15,18,21,32,19,20,16],"class_list":{"0":"post-141346","1":"post","2":"type-post","3":"status-publish","4":"format-standard","5":"has-post-thumbnail","7":"category-suomi","8":"tag-breaking-news","9":"tag-breakingnews","10":"tag-featured-news","11":"tag-featurednews","12":"tag-fi","13":"tag-finland","14":"tag-finnish","15":"tag-headlines","16":"tag-ilta-sanomat","17":"tag-latest-news","18":"tag-latestnews","19":"tag-main-news","20":"tag-mainnews","21":"tag-news","22":"tag-otsikot","23":"tag-paauutiset","24":"tag-suomi","25":"tag-top-stories","26":"tag-topstories","27":"tag-uutiset"},"share_on_mastodon":{"url":"https:\/\/pubeurope.com\/@fi\/115889001258962155","error":""},"_links":{"self":[{"href":"https:\/\/www.europesays.com\/fi\/wp-json\/wp\/v2\/posts\/141346","targetHints":{"allow":["GET"]}}],"collection":[{"href":"https:\/\/www.europesays.com\/fi\/wp-json\/wp\/v2\/posts"}],"about":[{"href":"https:\/\/www.europesays.com\/fi\/wp-json\/wp\/v2\/types\/post"}],"author":[{"embeddable":true,"href":"https:\/\/www.europesays.com\/fi\/wp-json\/wp\/v2\/users\/2"}],"replies":[{"embeddable":true,"href":"https:\/\/www.europesays.com\/fi\/wp-json\/wp\/v2\/comments?post=141346"}],"version-history":[{"count":0,"href":"https:\/\/www.europesays.com\/fi\/wp-json\/wp\/v2\/posts\/141346\/revisions"}],"wp:featuredmedia":[{"embeddable":true,"href":"https:\/\/www.europesays.com\/fi\/wp-json\/wp\/v2\/media\/141347"}],"wp:attachment":[{"href":"https:\/\/www.europesays.com\/fi\/wp-json\/wp\/v2\/media?parent=141346"}],"wp:term":[{"taxonomy":"category","embeddable":true,"href":"https:\/\/www.europesays.com\/fi\/wp-json\/wp\/v2\/categories?post=141346"},{"taxonomy":"post_tag","embeddable":true,"href":"https:\/\/www.europesays.com\/fi\/wp-json\/wp\/v2\/tags?post=141346"}],"curies":[{"name":"wp","href":"https:\/\/api.w.org\/{rel}","templated":true}]}}