{"id":141348,"date":"2026-01-13T17:36:07","date_gmt":"2026-01-13T17:36:07","guid":{"rendered":"https:\/\/www.europesays.com\/fi\/141348\/"},"modified":"2026-01-13T17:36:07","modified_gmt":"2026-01-13T17:36:07","slug":"zelenskyi-keskusteli-stubbin-kanssa-uutisia-lyhyesti","status":"publish","type":"post","link":"https:\/\/www.europesays.com\/fi\/141348\/","title":{"rendered":"Zelenskyi keskusteli Stubbin kanssa | Uutisia lyhyesti"},"content":{"rendered":"<p class=\"aw-1gybjub aw-1p7kakr kEtdKx cEmitX yle__article__paragraph\">Ukrainan presidentti <strong class=\"aw-ak79eh KyCXm yle__article__strong\">Volodymyr Zelenskyi<\/strong> kertoo keskustelleensa presidentti <strong class=\"aw-ak79eh KyCXm yle__article__strong\">Alexander Stubbin<\/strong> kanssa.<\/p>\n<p class=\"aw-1gybjub aw-1p7kakr kEtdKx cEmitX yle__article__paragraph\">Zelenskyi sanoo viestipalvelu X:ss\u00e4, ett\u00e4 johtajat keskustelivat perusteellisesti diplomaattisesta tilanteesta ja kaikista neuvotteluissa esill\u00e4 olevista vaihtoehdoista sek\u00e4 laajemmasta poliittisesta kontekstista Euroopan ja Amerikan v\u00e4lill\u00e4.<\/p>\n<p class=\"aw-1gybjub aw-1p7kakr kEtdKx cEmitX yle__article__paragraph\">\u2013 On ratkaisevan t\u00e4rke\u00e4\u00e4, ettemme menet\u00e4 sit\u00e4, mik\u00e4 meit\u00e4 yhdist\u00e4\u00e4, ja ett\u00e4 ty\u00f6skentelemme yhdess\u00e4 saavuttaaksemme tulokset, joita kaikki tarvitsemme Atlantin molemmilla puolilla, Zelenskyi sanoo.<\/p>\n<p class=\"aw-1gybjub aw-1p7kakr kEtdKx cEmitX yle__article__paragraph\">Zelenskyi lis\u00e4\u00e4 p\u00e4ivitt\u00e4neens\u00e4 Stubbille tiedot Ven\u00e4j\u00e4n iskujen seurauksista sek\u00e4 Ukrainan puolustus- ja toipumiskyvyst\u00e4.<\/p>\n","protected":false},"excerpt":{"rendered":"Ukrainan presidentti Volodymyr Zelenskyi kertoo keskustelleensa presidentti Alexander Stubbin kanssa. Zelenskyi sanoo viestipalvelu X:ss\u00e4, ett\u00e4 johtajat keskustelivat perusteellisesti&hellip;\n","protected":false},"author":2,"featured_media":141349,"comment_status":"","ping_status":"","sticky":false,"template":"","format":"standard","meta":{"footnotes":""},"categories":[5],"tags":[3406,22,23,26,27,33,31,30,17,70,24,25,28,29,15,18,21,637,32,19,20,1303,16,987,3963],"class_list":{"0":"post-141348","1":"post","2":"type-post","3":"status-publish","4":"format-standard","5":"has-post-thumbnail","7":"category-otsikot","8":"tag-alexander-stubb","9":"tag-breaking-news","10":"tag-breakingnews","11":"tag-featured-news","12":"tag-featurednews","13":"tag-fi","14":"tag-finland","15":"tag-finnish","16":"tag-headlines","17":"tag-kansainvalinen-politiikka","18":"tag-latest-news","19":"tag-latestnews","20":"tag-main-news","21":"tag-mainnews","22":"tag-news","23":"tag-otsikot","24":"tag-paauutiset","25":"tag-politiikka","26":"tag-suomi","27":"tag-top-stories","28":"tag-topstories","29":"tag-ukraina","30":"tag-uutiset","31":"tag-venajan-hyokkays","32":"tag-volodymyr-zelenskyi"},"share_on_mastodon":{"url":"https:\/\/pubeurope.com\/@fi\/115889005209901144","error":""},"_links":{"self":[{"href":"https:\/\/www.europesays.com\/fi\/wp-json\/wp\/v2\/posts\/141348","targetHints":{"allow":["GET"]}}],"collection":[{"href":"https:\/\/www.europesays.com\/fi\/wp-json\/wp\/v2\/posts"}],"about":[{"href":"https:\/\/www.europesays.com\/fi\/wp-json\/wp\/v2\/types\/post"}],"author":[{"embeddable":true,"href":"https:\/\/www.europesays.com\/fi\/wp-json\/wp\/v2\/users\/2"}],"replies":[{"embeddable":true,"href":"https:\/\/www.europesays.com\/fi\/wp-json\/wp\/v2\/comments?post=141348"}],"version-history":[{"count":0,"href":"https:\/\/www.europesays.com\/fi\/wp-json\/wp\/v2\/posts\/141348\/revisions"}],"wp:featuredmedia":[{"embeddable":true,"href":"https:\/\/www.europesays.com\/fi\/wp-json\/wp\/v2\/media\/141349"}],"wp:attachment":[{"href":"https:\/\/www.europesays.com\/fi\/wp-json\/wp\/v2\/media?parent=141348"}],"wp:term":[{"taxonomy":"category","embeddable":true,"href":"https:\/\/www.europesays.com\/fi\/wp-json\/wp\/v2\/categories?post=141348"},{"taxonomy":"post_tag","embeddable":true,"href":"https:\/\/www.europesays.com\/fi\/wp-json\/wp\/v2\/tags?post=141348"}],"curies":[{"name":"wp","href":"https:\/\/api.w.org\/{rel}","templated":true}]}}