{"id":141352,"date":"2026-01-13T17:48:08","date_gmt":"2026-01-13T17:48:08","guid":{"rendered":"https:\/\/www.europesays.com\/fi\/141352\/"},"modified":"2026-01-13T17:48:08","modified_gmt":"2026-01-13T17:48:08","slug":"scott-adams-on-kuollut-kirjoitti-jaahyvaiskirjeen-vain-12-paivaa-ennen-kuolemaansa","status":"publish","type":"post","link":"https:\/\/www.europesays.com\/fi\/141352\/","title":{"rendered":"Scott Adams on kuollut \u2013 Kirjoitti j\u00e4\u00e4hyv\u00e4iskirjeen vain 12 p\u00e4iv\u00e4\u00e4 ennen kuolemaansa"},"content":{"rendered":"<p>Dilbert-sarjakuvan luoja on poissa.<\/p>\n<p><img decoding=\"async\" class=\"image image-show image-preview\" src=\"https:\/\/www.europesays.com\/fi\/wp-content\/uploads\/2026\/01\/46c2a0808b52a99cab15d8549ccf9a84f117ed02933fed64aa41b5db68783e7c.jpg\" alt=\"\"\/><img decoding=\"async\" class=\"image image-show\" src=\"https:\/\/www.europesays.com\/fi\/wp-content\/uploads\/2026\/01\/1768326488_349_46c2a0808b52a99cab15d8549ccf9a84f117ed02933fed64aa41b5db68783e7c.jpg\" alt=\"\"\/><\/p>\n<p>Scott Adams oli kuollessaan 68-vuotias. Phil Velasquez<\/p>\n<p class=\"paragraph\">Dilbert-sarjakuvan luoja <a href=\"https:\/\/www.iltalehti.fi\/henkilot\/Scott Adams\" class=\"article-link-person-page\" rel=\"nofollow noopener\" target=\"_blank\">Scott Adams<\/a> on kuollut. H\u00e4n oli kuollessaan 68-vuotias.<\/p>\n<p class=\"paragraph\">Adamsin ex-vaimo <strong>Shelly Miles<\/strong> kertoi kuolemasta Coffee with Scott Adams -livestriimiss\u00e4 tiistaina 13. tammikuuta. Miles luki l\u00e4hetyksess\u00e4 Adamsin kirjoittaman \u201dviimeisen viestin\u201d, jonka Adams halusi jakaa seuraajilleen.<\/p>\n<p class=\"paragraph\">Adams sairasti eturauhassy\u00f6p\u00e4\u00e4. Toukokuussa 2025 l\u00e4\u00e4k\u00e4ri diagnosoi sy\u00f6v\u00e4n levinneen Adamsin luustoon.<\/p>\n<p class=\"paragraph\">\u2013 Jos luet t\u00e4m\u00e4n, asiat eiv\u00e4t menneet minulla hyvin. Minulla on muutama asia sanottavani ennen l\u00e4ht\u00f6\u00e4ni. Kehoni petti ennen aivojani. Olen kirjoittanut t\u00e4m\u00e4n t\u00e4ydess\u00e4 ymm\u00e4rryksess\u00e4 1. tammikuuta 2026.<\/p>\n<p class=\"paragraph\">Kirjeess\u00e4\u00e4n Adams muistelee el\u00e4m\u00e4ns\u00e4 eri vaiheita.<\/p>\n<p class=\"paragraph\">\u2013 El\u00e4m\u00e4ni ensimm\u00e4inen vaihe keskittyi siihen, ett\u00e4 tulisin olemaan kelvollinen aviomies ja vanhempi samalla odottaen el\u00e4m\u00e4n muun merkityksen l\u00f6yt\u00e4mist\u00e4. Se toimi, mutta avioliitot eiv\u00e4t kest\u00e4 ikuisesti, ja minun sellainen p\u00e4\u00e4ttyi lopulta sopuisasti. Olen kiitollinen noista vuosista ja ihmisist\u00e4, joita voin kutsua perheekseni.<\/p>\n<p class=\"paragraph\">\u2013 Minulla oli upea el\u00e4m\u00e4. Annoin sille kaikkeni, Miles luki ex-miehens\u00e4 kirjoituksesta.<\/p>\n<p class=\"paragraph\">Adams julkaisi ensimm\u00e4isen Dilbert-sarjakuvan vuonna 1989. Sarjakuva nousi suursuosioon 90-luvulla, ja siit\u00e4 tehtiin my\u00f6s elokuvasarja.<\/p>\n<p class=\"paragraph\">Adams kertoi julkisesti tammikuussa 2026, ettei h\u00e4nen sy\u00f6p\u00e4\u00e4ns\u00e4 voida parantaa. H\u00e4n kertoi vain muutama viikko sitten menett\u00e4neens\u00e4 tunnon jaloistaan ja k\u00e4rsineens\u00e4 my\u00f6s syd\u00e4men vajaatoiminnasta.<\/p>\n<p class=\"paragraph\">\u2013 Jokainen p\u00e4iv\u00e4 on painajainen ja ilta on viel\u00e4 pahempi, Adams sanoi toukokuussa 2025 ilmoittaessaan sy\u00f6v\u00e4st\u00e4\u00e4n.<\/p>\n<p class=\"paragraph\">Yhdysvaltojen presidentti <a href=\"https:\/\/www.iltalehti.fi\/henkilot\/Donald Trump\" class=\"article-link-person-page\" rel=\"nofollow noopener\" target=\"_blank\">Donald Trump<\/a> julkaisi <a href=\"https:\/\/truthsocial.com\/@realDonaldTrump\/115888656099131562\" rel=\"noopener nofollow\" target=\"_blank\">Truth Social<\/a> -palvelussa suruvalittelut Adamsin kuoleman johdosta.<\/p>\n<p class=\"paragraph\">\u2013 H\u00e4n oli upea ihminen, joka piti minusta ja kunnioitti minua silloinkin, kun se ei ollut muodikasta. H\u00e4n taisteli rohkeasti pitk\u00e4\u00e4n vakavaa sairautta vastaan. Otan osaa h\u00e4nen perheens\u00e4 sek\u00e4 h\u00e4nen monien yst\u00e4viens\u00e4 ja kuulijoidensa suruun. H\u00e4nt\u00e4 tullaan todella kaipaamaan. Jumala siunatkoon sinua, Scott, Donald Trump kirjoittaa.<\/p>\n<p class=\"paragraph\">L\u00e4hde: <a href=\"https:\/\/people.com\/scott-adams-dead-dilbert-creator-was-68-11882012\" target=\"_blank\" rel=\"noopener nofollow\">People<\/a><\/p>\n","protected":false},"excerpt":{"rendered":"Dilbert-sarjakuvan luoja on poissa. Scott Adams oli kuollessaan 68-vuotias. Phil Velasquez Dilbert-sarjakuvan luoja Scott Adams on kuollut. H\u00e4n&hellip;\n","protected":false},"author":2,"featured_media":141353,"comment_status":"","ping_status":"","sticky":false,"template":"","format":"standard","meta":{"footnotes":""},"categories":[136],"tags":[35,153,407,623,137,33,31,30,408,1928,32,502,167,140,109],"class_list":{"0":"post-141352","1":"post","2":"type-post","3":"status-publish","4":"format-standard","5":"has-post-thumbnail","7":"category-julkkikset","8":"tag-24h","9":"tag-audiovisuaalinen-media","10":"tag-celebrities","11":"tag-elokuva","12":"tag-entertainment","13":"tag-fi","14":"tag-finland","15":"tag-finnish","16":"tag-julkkikset","17":"tag-kirjallisuus-ja-audiovisuaalinen-media","18":"tag-suomi","19":"tag-terveydenhoito","20":"tag-terveys","21":"tag-tv-ja-elokuvat","22":"tag-viihde"},"share_on_mastodon":{"url":"https:\/\/pubeurope.com\/@fi\/115889052223446459","error":""},"_links":{"self":[{"href":"https:\/\/www.europesays.com\/fi\/wp-json\/wp\/v2\/posts\/141352","targetHints":{"allow":["GET"]}}],"collection":[{"href":"https:\/\/www.europesays.com\/fi\/wp-json\/wp\/v2\/posts"}],"about":[{"href":"https:\/\/www.europesays.com\/fi\/wp-json\/wp\/v2\/types\/post"}],"author":[{"embeddable":true,"href":"https:\/\/www.europesays.com\/fi\/wp-json\/wp\/v2\/users\/2"}],"replies":[{"embeddable":true,"href":"https:\/\/www.europesays.com\/fi\/wp-json\/wp\/v2\/comments?post=141352"}],"version-history":[{"count":0,"href":"https:\/\/www.europesays.com\/fi\/wp-json\/wp\/v2\/posts\/141352\/revisions"}],"wp:featuredmedia":[{"embeddable":true,"href":"https:\/\/www.europesays.com\/fi\/wp-json\/wp\/v2\/media\/141353"}],"wp:attachment":[{"href":"https:\/\/www.europesays.com\/fi\/wp-json\/wp\/v2\/media?parent=141352"}],"wp:term":[{"taxonomy":"category","embeddable":true,"href":"https:\/\/www.europesays.com\/fi\/wp-json\/wp\/v2\/categories?post=141352"},{"taxonomy":"post_tag","embeddable":true,"href":"https:\/\/www.europesays.com\/fi\/wp-json\/wp\/v2\/tags?post=141352"}],"curies":[{"name":"wp","href":"https:\/\/api.w.org\/{rel}","templated":true}]}}