{"id":141354,"date":"2026-01-13T17:51:07","date_gmt":"2026-01-13T17:51:07","guid":{"rendered":"https:\/\/www.europesays.com\/fi\/141354\/"},"modified":"2026-01-13T17:51:07","modified_gmt":"2026-01-13T17:51:07","slug":"peltsin-tv-ohjelmaa-kuvattiin-ouran-saaristossa-katso-video","status":"publish","type":"post","link":"https:\/\/www.europesays.com\/fi\/141354\/","title":{"rendered":"Peltsin tv-ohjelmaa kuvattiin Ouran saaristossa \u2013 Katso video"},"content":{"rendered":"<p class=\"article-body mb-nof-24 px-nof-16\">Mikko \u201dPeltsi\u201d Peltolan t\u00e4hditt\u00e4m\u00e4 retkeilyaiheinen tv-sarja Peltsin toinen luonto saa jatkoa. Tiedon vahvistaa Peltola Facebook-p\u00e4ivityksess\u00e4\u00e4n.<\/p>\n<p class=\"article-body mb-nof-24 px-nof-16\">\u201dKyll\u00e4, jatkoa tulloo! T\u00e4\u00e4ll\u00e4 ollaan juuri uutta kautta kuvaamassa Merikarvialla!\u201d, Peltola kirjoittaa Facebook-sivuillaan.<\/p>\n<p class=\"article-body mb-nof-24 px-nof-16\">Peltola on liitt\u00e4nyt sivuilleen my\u00f6s Merikarvialla kuvatun videon. Siin\u00e4 h\u00e4n on ryhm\u00e4ns\u00e4 kanssa retkiluistelemassa Ouran saaristossa.<\/p>\n<p class=\"article-body mb-nof-24 px-nof-16\">\u201dMerikarvia n\u00e4ytti kauneutensa\u201d, Peltola suitsuttaa.<\/p>\n<p class=\"article-body mb-nof-24 px-nof-16\">Katso video:<\/p>\n","protected":false},"excerpt":{"rendered":"Mikko \u201dPeltsi\u201d Peltolan t\u00e4hditt\u00e4m\u00e4 retkeilyaiheinen tv-sarja Peltsin toinen luonto saa jatkoa. Tiedon vahvistaa Peltola Facebook-p\u00e4ivityksess\u00e4\u00e4n. \u201dKyll\u00e4, jatkoa tulloo!&hellip;\n","protected":false},"author":2,"featured_media":141355,"comment_status":"","ping_status":"","sticky":false,"template":"","format":"standard","meta":{"footnotes":""},"categories":[133],"tags":[137,33,31,30,1432,32,206,156,109],"class_list":{"0":"post-141354","1":"post","2":"type-post","3":"status-publish","4":"format-standard","5":"has-post-thumbnail","7":"category-televisiot","8":"tag-entertainment","9":"tag-fi","10":"tag-finland","11":"tag-finnish","12":"tag-merikarvia-lehti","13":"tag-suomi","14":"tag-televisiot","15":"tag-tv","16":"tag-viihde"},"share_on_mastodon":{"url":"https:\/\/pubeurope.com\/@fi\/115889064098166812","error":""},"_links":{"self":[{"href":"https:\/\/www.europesays.com\/fi\/wp-json\/wp\/v2\/posts\/141354","targetHints":{"allow":["GET"]}}],"collection":[{"href":"https:\/\/www.europesays.com\/fi\/wp-json\/wp\/v2\/posts"}],"about":[{"href":"https:\/\/www.europesays.com\/fi\/wp-json\/wp\/v2\/types\/post"}],"author":[{"embeddable":true,"href":"https:\/\/www.europesays.com\/fi\/wp-json\/wp\/v2\/users\/2"}],"replies":[{"embeddable":true,"href":"https:\/\/www.europesays.com\/fi\/wp-json\/wp\/v2\/comments?post=141354"}],"version-history":[{"count":0,"href":"https:\/\/www.europesays.com\/fi\/wp-json\/wp\/v2\/posts\/141354\/revisions"}],"wp:featuredmedia":[{"embeddable":true,"href":"https:\/\/www.europesays.com\/fi\/wp-json\/wp\/v2\/media\/141355"}],"wp:attachment":[{"href":"https:\/\/www.europesays.com\/fi\/wp-json\/wp\/v2\/media?parent=141354"}],"wp:term":[{"taxonomy":"category","embeddable":true,"href":"https:\/\/www.europesays.com\/fi\/wp-json\/wp\/v2\/categories?post=141354"},{"taxonomy":"post_tag","embeddable":true,"href":"https:\/\/www.europesays.com\/fi\/wp-json\/wp\/v2\/tags?post=141354"}],"curies":[{"name":"wp","href":"https:\/\/api.w.org\/{rel}","templated":true}]}}