{"id":141356,"date":"2026-01-13T17:52:06","date_gmt":"2026-01-13T17:52:06","guid":{"rendered":"https:\/\/www.europesays.com\/fi\/141356\/"},"modified":"2026-01-13T17:52:06","modified_gmt":"2026-01-13T17:52:06","slug":"suomi-esiintyy-taman-vuoden-euroviisujen-ensimmaisessa-semifinaalissa-kulttuuri","status":"publish","type":"post","link":"https:\/\/www.europesays.com\/fi\/141356\/","title":{"rendered":"Suomi esiintyy t\u00e4m\u00e4n vuoden Euroviisujen ensimm\u00e4isess\u00e4 semifinaalissa | Kulttuuri"},"content":{"rendered":"<p class=\"aw-1gybjub aw-5vja16 kEtdKx kmuxyA yle__article__paragraph\">T\u00e4m\u00e4n vuoden 2026 Euroviisujen semifinaalien maakohtainen esiintymisj\u00e4rjestys arvottiin It\u00e4vallan Wieniss\u00e4.<\/p>\n<p>Katso videolta, kun Suomi arvottiin esiintym\u00e4\u00e4n ensimm\u00e4iseen semifinaaliin.<\/p>\n<p>12.1. 19:32\u2022P\u00e4ivitetty 15:34<\/p>\n<p class=\"aw-1gybjub aw-1p7kakr kEtdKx cEmitX yle__article__paragraph\">Suomi esiintyy t\u00e4m\u00e4n vuoden Euroviisujen ensimm\u00e4isess\u00e4 semifinaalissa, sen ensimm\u00e4isell\u00e4 puolikkaalla.<\/p>\n<p class=\"aw-1gybjub aw-1p7kakr kEtdKx cEmitX yle__article__paragraph\">Ensimm\u00e4isess\u00e4 semifinaalissa esiintyv\u00e4t my\u00f6s naapurimaat Ruotsi ja Viro. Ruotsi ensimm\u00e4isell\u00e4 puolikkaalla, Viro j\u00e4lkimm\u00e4isell\u00e4.<\/p>\n<p class=\"aw-1gybjub aw-1p7kakr kEtdKx cEmitX yle__article__paragraph\">Kiistelty Israel esiintyy ensimm\u00e4isess\u00e4 semifinaalissa, sen toisella puoliskolla.<\/p>\n<p class=\"aw-1gybjub aw-1p7kakr kEtdKx cEmitX yle__article__paragraph\">Laulukilpailussa on kaksi semifinaalia, tiistaina 12. toukokuuta ja torstaina 14. toukokuuta.<\/p>\n<p class=\"aw-1gybjub aw-1p7kakr kEtdKx cEmitX yle__article__paragraph\">35 yleisradioyhti\u00f6t\u00e4 osallistuu j\u00e4rjestyksess\u00e4 70. Euroviisujen laulukilpailuun toukokuussa.<\/p>\n<p>Vuoden 2026 Wienin Euroviisujen semifinaaleissa esiintyv\u00e4t maat<\/p>\n<p class=\"aw-1gybjub aw-1p7kakr kEtdKx cEmitX yle__article__paragraph\"><strong class=\"aw-ak79eh KyCXm yle__article__strong\">1. semifinaali 12. toukokuuta:<\/strong><\/p>\n<p class=\"aw-1gybjub aw-1p7kakr kEtdKx cEmitX yle__article__paragraph\">Alkupuoli:<\/p>\n<p class=\"aw-1gybjub aw-1p7kakr kEtdKx cEmitX yle__article__paragraph\">Georgia, Portugali, Kroatia, Ruotsi, <strong class=\"aw-ak79eh KyCXm yle__article__strong\">Suomi<\/strong>, Moldova, Kreikka<\/p>\n<p class=\"aw-1gybjub aw-1p7kakr kEtdKx cEmitX yle__article__paragraph\">Loppupuoli:<\/p>\n<p class=\"aw-1gybjub aw-1p7kakr kEtdKx cEmitX yle__article__paragraph\">Montenegro, Viro, San Marino, Puola, Belgia, Liettua, Serbia, Israel<\/p>\n<p class=\"aw-1gybjub aw-1p7kakr kEtdKx cEmitX yle__article__paragraph\"><strong class=\"aw-ak79eh KyCXm yle__article__strong\">2. semifinaali 14. toukokuuta:<\/strong><\/p>\n<p class=\"aw-1gybjub aw-1p7kakr kEtdKx cEmitX yle__article__paragraph\">Alkupuoli:<\/p>\n<p class=\"aw-1gybjub aw-1p7kakr kEtdKx cEmitX yle__article__paragraph\">Armenia, Romania, Sveitsi, Azerbaidzan, Luxemburg, Bulgaria, Tsekki<\/p>\n<p class=\"aw-1gybjub aw-1p7kakr kEtdKx cEmitX yle__article__paragraph\">Loppupuoli:<\/p>\n<p class=\"aw-1gybjub aw-1p7kakr kEtdKx cEmitX yle__article__paragraph\">Albania, Tanska, Kypros, Norja, Malta, It\u00e4valta, Ukraina, Latvia<\/p>\n<p class=\"aw-1gybjub aw-1p7kakr kEtdKx cEmitX yle__article__paragraph\">Kilpailuun osallistuvien maiden semifinaalien esiintymis- ja \u00e4\u00e4nestysj\u00e4rjestys selvisi suorassa l\u00e4hetyksess\u00e4 semifinaalien arvonnassa It\u00e4vallan Wienin kaupungintalolta.<\/p>\n<p class=\"aw-1gybjub aw-1p7kakr kEtdKx cEmitX yle__article__paragraph\">Poikkeuksellisen moni maa boikotoi t\u00e4m\u00e4n vuoden Euroviisuja Israelin osallistumisen takia. Viisut j\u00e4tt\u00e4v\u00e4t v\u00e4liin Espanja, Irlanti, Alankomaat, Slovenia ja Islanti.<\/p>\n<p class=\"aw-1gybjub aw-1p7kakr kEtdKx cEmitX yle__article__paragraph\">Etenkin Espanjan osuus on huomattava, sill\u00e4 se on ollut yksi kisan viidest\u00e4 suuresta rahoittajamaasta. Kilpailuun puolestaan palaavat Bulgaria, Romania ja Moldova.<\/p>\n<p class=\"aw-1gybjub aw-1p7kakr kEtdKx cEmitX yle__article__paragraph\">Korjaus 13.1.2026 klo: 15.34. Israel esiintyy ensimm\u00e4isen semifinaalin j\u00e4lkimm\u00e4isell\u00e4 puolella, ei viimeisen\u00e4, kuten jutussa alunperin luki.<\/p>\n","protected":false},"excerpt":{"rendered":"T\u00e4m\u00e4n vuoden 2026 Euroviisujen semifinaalien maakohtainen esiintymisj\u00e4rjestys arvottiin It\u00e4vallan Wieniss\u00e4. Katso videolta, kun Suomi arvottiin esiintym\u00e4\u00e4n ensimm\u00e4iseen semifinaaliin.&hellip;\n","protected":false},"author":2,"featured_media":141357,"comment_status":"","ping_status":"","sticky":false,"template":"","format":"standard","meta":{"footnotes":""},"categories":[132],"tags":[137,909,33,31,30,108,5528,195,47,11821,32,906,12646,109],"class_list":{"0":"post-141356","1":"post","2":"type-post","3":"status-publish","4":"format-standard","5":"has-post-thumbnail","7":"category-musiikki","8":"tag-entertainment","9":"tag-euroviisut","10":"tag-fi","11":"tag-finland","12":"tag-finnish","13":"tag-kulttuuri","14":"tag-laulukilpailut","15":"tag-music","16":"tag-musiikki","17":"tag-musiikkikilpailut","18":"tag-suomi","19":"tag-umk","20":"tag-umk26","21":"tag-viihde"},"share_on_mastodon":{"url":"https:\/\/pubeurope.com\/@fi\/115889067919465697","error":""},"_links":{"self":[{"href":"https:\/\/www.europesays.com\/fi\/wp-json\/wp\/v2\/posts\/141356","targetHints":{"allow":["GET"]}}],"collection":[{"href":"https:\/\/www.europesays.com\/fi\/wp-json\/wp\/v2\/posts"}],"about":[{"href":"https:\/\/www.europesays.com\/fi\/wp-json\/wp\/v2\/types\/post"}],"author":[{"embeddable":true,"href":"https:\/\/www.europesays.com\/fi\/wp-json\/wp\/v2\/users\/2"}],"replies":[{"embeddable":true,"href":"https:\/\/www.europesays.com\/fi\/wp-json\/wp\/v2\/comments?post=141356"}],"version-history":[{"count":0,"href":"https:\/\/www.europesays.com\/fi\/wp-json\/wp\/v2\/posts\/141356\/revisions"}],"wp:featuredmedia":[{"embeddable":true,"href":"https:\/\/www.europesays.com\/fi\/wp-json\/wp\/v2\/media\/141357"}],"wp:attachment":[{"href":"https:\/\/www.europesays.com\/fi\/wp-json\/wp\/v2\/media?parent=141356"}],"wp:term":[{"taxonomy":"category","embeddable":true,"href":"https:\/\/www.europesays.com\/fi\/wp-json\/wp\/v2\/categories?post=141356"},{"taxonomy":"post_tag","embeddable":true,"href":"https:\/\/www.europesays.com\/fi\/wp-json\/wp\/v2\/tags?post=141356"}],"curies":[{"name":"wp","href":"https:\/\/api.w.org\/{rel}","templated":true}]}}