{"id":141358,"date":"2026-01-13T17:55:07","date_gmt":"2026-01-13T17:55:07","guid":{"rendered":"https:\/\/www.europesays.com\/fi\/141358\/"},"modified":"2026-01-13T17:55:07","modified_gmt":"2026-01-13T17:55:07","slug":"akillisesti-kuollut-ampumahiihtotahti-bakken-haudattiin-urheilu","status":"publish","type":"post","link":"https:\/\/www.europesays.com\/fi\/141358\/","title":{"rendered":"\u00c4killisesti kuollut ampumahiihtot\u00e4hti Bakken haudattiin | Urheilu"},"content":{"rendered":"<p>Joulun alla kuollut norjalainen ampumahiiht\u00e4j\u00e4 Sivert Guttorm Bakken haudattiin tiistaina Norjassa. H\u00e4net saateltiin haudan lepoon Lillehammerissa.<\/p>\n<p>Pohjois-Italiassa harjoitusleirill\u00e4 ollut Bakken l\u00f6ydettiin joulun aatonaattona kuolleena hotellihuoneestaan. 27-vuotiaan Bakkenin kuolinsyyt\u00e4 ei tiedet\u00e4.<\/p>\n<p>Bakkenin hautajaisista j\u00e4i h\u00e4nen yst\u00e4villeen ja perheenj\u00e4senilleen kaunis muisto.<\/p>\n<p>\u2013\u2009Monet kauniit sanat kuvailivat Siverti\u00e4 sellaisena kuin h\u00e4n oli. H\u00e4n oli aito ja rehellinen, Bakkenin kilpakumppani Vetle Sj\u00e5stad Christiansen kertoi liikutuksensa lomasta.<\/p>\n<p>Bakken kilpaili viel\u00e4 kuolemaansa edelt\u00e4neen\u00e4 viikonloppuna maailmancupissa Ranskassa. H\u00e4n voitti urallaan yhden maailmancupin kilpailun.<\/p>\n","protected":false},"excerpt":{"rendered":"Joulun alla kuollut norjalainen ampumahiiht\u00e4j\u00e4 Sivert Guttorm Bakken haudattiin tiistaina Norjassa. H\u00e4net saateltiin haudan lepoon Lillehammerissa. Pohjois-Italiassa harjoitusleirill\u00e4&hellip;\n","protected":false},"author":2,"featured_media":141359,"comment_status":"","ping_status":"","sticky":false,"template":"","format":"standard","meta":{"footnotes":""},"categories":[158],"tags":[33,31,30,2455,2096,2353,683,18943,3318,2668,159,32,160],"class_list":{"0":"post-141358","1":"post","2":"type-post","3":"status-publish","4":"format-standard","5":"has-post-thumbnail","7":"category-urheilu","8":"tag-fi","9":"tag-finland","10":"tag-finnish","11":"tag-hengenvaara-ja-loukkaantuminen","12":"tag-hiihtolajit","13":"tag-hotellit-ja-majoitus","14":"tag-kuolema","15":"tag-lillehammer","16":"tag-maastohiihto","17":"tag-pohjoismaiset-hiihtolajit","18":"tag-sports","19":"tag-suomi","20":"tag-urheilu"},"share_on_mastodon":{"url":"https:\/\/pubeurope.com\/@fi\/115889079815056546","error":""},"_links":{"self":[{"href":"https:\/\/www.europesays.com\/fi\/wp-json\/wp\/v2\/posts\/141358","targetHints":{"allow":["GET"]}}],"collection":[{"href":"https:\/\/www.europesays.com\/fi\/wp-json\/wp\/v2\/posts"}],"about":[{"href":"https:\/\/www.europesays.com\/fi\/wp-json\/wp\/v2\/types\/post"}],"author":[{"embeddable":true,"href":"https:\/\/www.europesays.com\/fi\/wp-json\/wp\/v2\/users\/2"}],"replies":[{"embeddable":true,"href":"https:\/\/www.europesays.com\/fi\/wp-json\/wp\/v2\/comments?post=141358"}],"version-history":[{"count":0,"href":"https:\/\/www.europesays.com\/fi\/wp-json\/wp\/v2\/posts\/141358\/revisions"}],"wp:featuredmedia":[{"embeddable":true,"href":"https:\/\/www.europesays.com\/fi\/wp-json\/wp\/v2\/media\/141359"}],"wp:attachment":[{"href":"https:\/\/www.europesays.com\/fi\/wp-json\/wp\/v2\/media?parent=141358"}],"wp:term":[{"taxonomy":"category","embeddable":true,"href":"https:\/\/www.europesays.com\/fi\/wp-json\/wp\/v2\/categories?post=141358"},{"taxonomy":"post_tag","embeddable":true,"href":"https:\/\/www.europesays.com\/fi\/wp-json\/wp\/v2\/tags?post=141358"}],"curies":[{"name":"wp","href":"https:\/\/api.w.org\/{rel}","templated":true}]}}