{"id":141360,"date":"2026-01-13T17:56:07","date_gmt":"2026-01-13T17:56:07","guid":{"rendered":"https:\/\/www.europesays.com\/fi\/141360\/"},"modified":"2026-01-13T17:56:07","modified_gmt":"2026-01-13T17:56:07","slug":"60-vuotias-perkeleen-ahdistus-ja-masennus-oli-lyoda-marko-hietalan-kanveesiin","status":"publish","type":"post","link":"https:\/\/www.europesays.com\/fi\/141360\/","title":{"rendered":"60-vuotias: \u201dPerkeleen ahdistus ja masennus\u201d oli ly\u00f6d\u00e4 Marko Hietalan kanveesiin"},"content":{"rendered":"<p>60-vuotias|Basisti Marko Hietala j\u00e4tti viisi vuotta sitten Nightwishin mielenterveysongelmien takia. Nyt kaikki on paremmin, perheenlis\u00e4yskin auttoi asiaa.<\/p>\n<p class=\"article-body mb-nof-24 px-nof-16\">Marko Hietala on videoyhteyden p\u00e4\u00e4ss\u00e4 valmistautumassa keikkaan. H\u00e4n hioo kynsiviilalla itse rakentamaansa sormiplektraa. Hietalan soittotyyli on omintakeinen: basisti pystyy t\u00e4m\u00e4n muovista ja liimasta rakentamansa plektran avulla soittamaan samalla my\u00f6s sormillaan.<\/p>\n<p class=\"article-body mb-nof-24 px-nof-16\">\u201dT\u00e4m\u00e4n pit\u00e4\u00e4 olla niin tiukka, ettei se putoa kesken keikan\u201d, h\u00e4n esittelee.<\/p>\n","protected":false},"excerpt":{"rendered":"60-vuotias|Basisti Marko Hietala j\u00e4tti viisi vuotta sitten Nightwishin mielenterveysongelmien takia. Nyt kaikki on paremmin, perheenlis\u00e4yskin auttoi asiaa. Marko&hellip;\n","protected":false},"author":2,"featured_media":141361,"comment_status":"","ping_status":"","sticky":false,"template":"","format":"standard","meta":{"footnotes":""},"categories":[130],"tags":[137,33,31,30,46,32,109],"class_list":{"0":"post-141360","1":"post","2":"type-post","3":"status-publish","4":"format-standard","5":"has-post-thumbnail","7":"category-viihde","8":"tag-entertainment","9":"tag-fi","10":"tag-finland","11":"tag-finnish","12":"tag-helsingin-sanomat","13":"tag-suomi","14":"tag-viihde"},"share_on_mastodon":{"url":"https:\/\/pubeurope.com\/@fi\/115889083744294216","error":""},"_links":{"self":[{"href":"https:\/\/www.europesays.com\/fi\/wp-json\/wp\/v2\/posts\/141360","targetHints":{"allow":["GET"]}}],"collection":[{"href":"https:\/\/www.europesays.com\/fi\/wp-json\/wp\/v2\/posts"}],"about":[{"href":"https:\/\/www.europesays.com\/fi\/wp-json\/wp\/v2\/types\/post"}],"author":[{"embeddable":true,"href":"https:\/\/www.europesays.com\/fi\/wp-json\/wp\/v2\/users\/2"}],"replies":[{"embeddable":true,"href":"https:\/\/www.europesays.com\/fi\/wp-json\/wp\/v2\/comments?post=141360"}],"version-history":[{"count":0,"href":"https:\/\/www.europesays.com\/fi\/wp-json\/wp\/v2\/posts\/141360\/revisions"}],"wp:featuredmedia":[{"embeddable":true,"href":"https:\/\/www.europesays.com\/fi\/wp-json\/wp\/v2\/media\/141361"}],"wp:attachment":[{"href":"https:\/\/www.europesays.com\/fi\/wp-json\/wp\/v2\/media?parent=141360"}],"wp:term":[{"taxonomy":"category","embeddable":true,"href":"https:\/\/www.europesays.com\/fi\/wp-json\/wp\/v2\/categories?post=141360"},{"taxonomy":"post_tag","embeddable":true,"href":"https:\/\/www.europesays.com\/fi\/wp-json\/wp\/v2\/tags?post=141360"}],"curies":[{"name":"wp","href":"https:\/\/api.w.org\/{rel}","templated":true}]}}