{"id":141366,"date":"2026-01-13T18:00:07","date_gmt":"2026-01-13T18:00:07","guid":{"rendered":"https:\/\/www.europesays.com\/fi\/141366\/"},"modified":"2026-01-13T18:00:07","modified_gmt":"2026-01-13T18:00:07","slug":"emeritusprofessori-ylella-todistamme-yhdysvaltain-luhistumista","status":"publish","type":"post","link":"https:\/\/www.europesays.com\/fi\/141366\/","title":{"rendered":"Emeritusprofessori Ylell\u00e4: Todistamme Yhdysvaltain luhistumista"},"content":{"rendered":"<p>Koskenniemen mukaan Yhdysvallat \u201dmurenee sis\u00e4llep\u00e4in\u201d.<\/p>\n<p class=\"article-body mb-nof-24 px-nof-16\">Kansainv\u00e4lisen oikeuden emeritusprofessori <a class=\"font-bold underline-offset-[0.12em] [text-decoration:var(--person-link-text-decoration)] ![text-decoration-color:var(--person-link-text-decoration-color)]\" href=\"https:\/\/www.is.fi\/haku\/?query=Martti%20Koskenniemi\" rel=\"nofollow noopener\" target=\"_blank\">Martti Koskenniemi<\/a> sanoo, ett\u00e4 \u201dolemme todistamassa Yhdysvaltain imperiumin v\u00e4hitt\u00e4ist\u00e4 luhistumista\u201d.<\/p>\n<p class=\"article-body mb-nof-24 px-nof-16\">Koskenniemi esitt\u00e4\u00e4 arvionsa Ylen <a class=\"underline underline-offset-[0.12em] [text-decoration-thickness:var(--generic-link-underline-thickness)] [text-decoration-color:var(--generic-link-underline-color)] [text-decoration-skip-ink:var(--generic-link-underline-skip-ink)] break-words\" href=\"https:\/\/areena.yle.fi\/1-76895322\" rel=\"nofollow noopener\" target=\"_blank\">Politiikkaradio-keskusteluohjelmassa<\/a>. Lis\u00e4ksi Yle uutisoi Koskenniemen kommenteista <a class=\"underline underline-offset-[0.12em] [text-decoration-thickness:var(--generic-link-underline-thickness)] [text-decoration-color:var(--generic-link-underline-color)] [text-decoration-skip-ink:var(--generic-link-underline-skip-ink)] break-words\" href=\"https:\/\/yle.fi\/a\/74-20204042\" rel=\"nofollow noopener\" target=\"_blank\">verkkosivuillaan<\/a>.<\/p>\n<p class=\"article-body mb-nof-24 px-nof-16\">Koskenniemen mukaan Yhdysvaltojen politiikkaa muokataan lennosta, ilman varsinaista suunnitelmaa. Maalla ei ole suunnitelmaa esimerkiksi Venezuelan eik\u00e4 Iranin suhteen, Koskenniemi arvioi.<\/p>\n<p class=\"article-body mb-nof-24 px-nof-16\">Sama p\u00e4tee emeritusprofessorin mukaan my\u00f6s Yhdysvaltain kotimaan politiikkaan. Maa \u201dmurenee sis\u00e4llep\u00e4in\u201d, h\u00e4n arvioi.<\/p>\n<p class=\"article-body mb-nof-24 px-nof-16\">Koskenniemi kutsuu Yhdysvaltain presidentti <a class=\"font-bold underline-offset-[0.12em] [text-decoration:var(--person-link-text-decoration)] ![text-decoration-color:var(--person-link-text-decoration-color)]\" href=\"https:\/\/www.is.fi\/haku\/?query=Donald%20Trumpin\" rel=\"nofollow noopener\" target=\"_blank\">Donald Trumpin<\/a> politiikkaa \u201dspektaakkelipolitiikaksi\u201d, jossa olennaista on ker\u00e4t\u00e4 huomiota toistuvilla r\u00e4v\u00e4ytyksill\u00e4. Koskenniemen mukaan Trumpin Yhdysvaltojen politiikan \u201didioottimaisuus\u201d osoittaa, ett\u00e4 maan \u201dinstitutionaaliset rakenteet\u201d ovat romahtamassa.<\/p>\n<p><img decoding=\"async\" src=\"https:\/\/www.europesays.com\/fi\/wp-content\/uploads\/2026\/01\/1768327207_763_468.jpg\" alt=\"Presidentti Donald Trumpin Yhdysvalloilta puuttuu suunnitelmallisuus, Koskenniemi arvioi.\" class=\"_Img_1rerz_1\" style=\"aspect-ratio:1.5\" loading=\"eager\"\/><\/p>\n<p class=\"article-picture-caption\">Presidentti Donald Trumpin Yhdysvalloilta puuttuu suunnitelmallisuus, Koskenniemi arvioi. Kuva:\u00a0Evelyn Hockstein\/Reuters<\/p>\n<p class=\"article-body mb-nof-24 px-nof-16\">Koskenniemi arvioi Ylelle, ett\u00e4 tilanteesta tulee syntym\u00e4\u00e4n viel\u00e4 paljon ongelmia, joista tullaan k\u00e4rsim\u00e4\u00e4n eri puolilla maailmaa. H\u00e4n kuvaa tilannetta historialliseksi ja vaaralliseksi.<\/p>\n<p class=\"article-body mb-nof-24 px-nof-16\">Muiden valtioiden pit\u00e4\u00e4 Koskenniemen mukaan tyyty\u00e4 seuraamaan Yhdysvaltojen v\u00e4hitt\u00e4ist\u00e4 murenemista vierest\u00e4, harjoittaa varovaisuutta sek\u00e4 pit\u00e4yty\u00e4 sitoutumasta mihink\u00e4\u00e4n \u201dlopulliseen toimintalinjaan\u201d, Yle kertoo.<\/p>\n<p class=\"article-body mb-nof-24 px-nof-16\">Koskenniemen mukaan Suomen ei pid\u00e4 tilanteessa ryhty\u00e4 mihink\u00e4\u00e4n toimenpiteisiin vaan huolehtia siit\u00e4, ettei itselle ja omille liittolaisille k\u00e4y huonosti.<\/p>\n","protected":false},"excerpt":{"rendered":"Koskenniemen mukaan Yhdysvallat \u201dmurenee sis\u00e4llep\u00e4in\u201d. Kansainv\u00e4lisen oikeuden emeritusprofessori Martti Koskenniemi sanoo, ett\u00e4 \u201dolemme todistamassa Yhdysvaltain imperiumin v\u00e4hitt\u00e4ist\u00e4 luhistumista\u201d.&hellip;\n","protected":false},"author":2,"featured_media":141367,"comment_status":"","ping_status":"","sticky":false,"template":"","format":"standard","meta":{"footnotes":""},"categories":[14],"tags":[22,23,26,27,33,31,30,17,34,24,25,28,29,15,18,21,32,19,20,56,16,59,60,61],"class_list":{"0":"post-141366","1":"post","2":"type-post","3":"status-publish","4":"format-standard","5":"has-post-thumbnail","7":"category-ulkomaat","8":"tag-breaking-news","9":"tag-breakingnews","10":"tag-featured-news","11":"tag-featurednews","12":"tag-fi","13":"tag-finland","14":"tag-finnish","15":"tag-headlines","16":"tag-ilta-sanomat","17":"tag-latest-news","18":"tag-latestnews","19":"tag-main-news","20":"tag-mainnews","21":"tag-news","22":"tag-otsikot","23":"tag-paauutiset","24":"tag-suomi","25":"tag-top-stories","26":"tag-topstories","27":"tag-ulkomaat","28":"tag-uutiset","29":"tag-world","30":"tag-world-news","31":"tag-worldnews"},"share_on_mastodon":{"url":"https:\/\/pubeurope.com\/@fi\/115889099581619644","error":""},"_links":{"self":[{"href":"https:\/\/www.europesays.com\/fi\/wp-json\/wp\/v2\/posts\/141366","targetHints":{"allow":["GET"]}}],"collection":[{"href":"https:\/\/www.europesays.com\/fi\/wp-json\/wp\/v2\/posts"}],"about":[{"href":"https:\/\/www.europesays.com\/fi\/wp-json\/wp\/v2\/types\/post"}],"author":[{"embeddable":true,"href":"https:\/\/www.europesays.com\/fi\/wp-json\/wp\/v2\/users\/2"}],"replies":[{"embeddable":true,"href":"https:\/\/www.europesays.com\/fi\/wp-json\/wp\/v2\/comments?post=141366"}],"version-history":[{"count":0,"href":"https:\/\/www.europesays.com\/fi\/wp-json\/wp\/v2\/posts\/141366\/revisions"}],"wp:featuredmedia":[{"embeddable":true,"href":"https:\/\/www.europesays.com\/fi\/wp-json\/wp\/v2\/media\/141367"}],"wp:attachment":[{"href":"https:\/\/www.europesays.com\/fi\/wp-json\/wp\/v2\/media?parent=141366"}],"wp:term":[{"taxonomy":"category","embeddable":true,"href":"https:\/\/www.europesays.com\/fi\/wp-json\/wp\/v2\/categories?post=141366"},{"taxonomy":"post_tag","embeddable":true,"href":"https:\/\/www.europesays.com\/fi\/wp-json\/wp\/v2\/tags?post=141366"}],"curies":[{"name":"wp","href":"https:\/\/api.w.org\/{rel}","templated":true}]}}