{"id":141368,"date":"2026-01-13T18:01:11","date_gmt":"2026-01-13T18:01:11","guid":{"rendered":"https:\/\/www.europesays.com\/fi\/141368\/"},"modified":"2026-01-13T18:01:11","modified_gmt":"2026-01-13T18:01:11","slug":"elokapinan-ymparistoaktivistit-metsanhakkuiden-ja-kaivoskairausten-estamisesta","status":"publish","type":"post","link":"https:\/\/www.europesays.com\/fi\/141368\/","title":{"rendered":"Elokapinan ymp\u00e4rist\u00f6aktivistit mets\u00e4nhakkuiden ja kaivoskairausten est\u00e4misest\u00e4"},"content":{"rendered":"<p>Lue tiivistelm\u00e4<\/p>\n<p class=\"article-body mb-nof-24 px-nof-16 sndp-summary-bullet-point-font\">Lapin k\u00e4r\u00e4j\u00e4oikeudessa alkaa keskiviikkona oikeudenk\u00e4ynti, jossa kahdeksaa Elokapinan aktivistia syytet\u00e4\u00e4n niskoittelusta poliisia vastaan ja hallinnan loukkauksesta.<\/p>\n<p class=\"article-body mb-nof-24 px-nof-16 sndp-summary-bullet-point-font\">Syytteet liittyv\u00e4t mets\u00e4nhakkuiden est\u00e4miseen Kolarin Aalistunturilla talvella 2023 ja kaivoskairausten pys\u00e4ytt\u00e4miseen Sodankyl\u00e4n Viiankiaavalla talvella 2024.<\/p>\n<p class=\"article-body mb-nof-24 px-nof-16 sndp-summary-bullet-point-font\">Mets\u00e4hallituksen mets\u00e4talousyhti\u00f6 vaatii aktivisteilta kymmenien tuhansien eurojen vahingonkorvauksia hakkuiden viiv\u00e4stymisest\u00e4.<\/p>\n<p class=\"article-body mb-nof-24 px-nof-16\">Lapin k\u00e4r\u00e4j\u00e4oikeudessa Rovaniemell\u00e4 alkaa keskiviikkona kaksip\u00e4iv\u00e4inen ymp\u00e4rist\u00f6oikeudenk\u00e4ynti, joka koskee mets\u00e4nhakkuita Kolarin Aalistunturilla ja kaivoskairauksia Sodankyl\u00e4n Viiankiaavalla.<\/p>\n<p class=\"article-body mb-nof-24 px-nof-16\">Syytettyn\u00e4 on kahdeksan ymp\u00e4rist\u00f6liike Elokapinan aktivistia. Pohjois-Suomen aluesyytt\u00e4j\u00e4 vaatii heille tuomiota niskoittelusta poliisia vastaan ja hallinnan loukkauksesta.<\/p>\n<p class=\"article-body mb-nof-24 px-nof-16\">Yksi syytetyist\u00e4 on mets\u00e4aktivisti <a class=\"font-bold underline-offset-[0.12em] [text-decoration:var(--person-link-text-decoration)] ![text-decoration-color:var(--person-link-text-decoration-color)]\" href=\"https:\/\/www.hs.fi\/haku\/?query=Ida%20Korhonen\" rel=\"nofollow noopener\" target=\"_blank\">Ida Korhonen<\/a>. H\u00e4n oli pys\u00e4ytt\u00e4m\u00e4ss\u00e4 hakkuita L\u00e4nsi-Lapissa Aalistunturilla ja koeporauksia It\u00e4-Lapissa Viiankiaavalla.<\/p>\n<p class=\"article-body mb-nof-24 px-nof-16\">N\u00e4iss\u00e4 mielenosoituksissa poliisi otti Korhosen kiinni kaikkiaan kolme kertaa.<\/p>\n<p><img decoding=\"async\" src=\"https:\/\/www.europesays.com\/fi\/wp-content\/uploads\/2026\/01\/1768327270_676_468.jpg\" alt=\"Mets\u00e4aktivisti Ida Korhonen hiihti Aalistunturin yli hakkuualueelle tammikuussa 2023.\" class=\"_Img_1rerz_1\" style=\"aspect-ratio:0.665625\" loading=\"eager\"\/><\/p>\n<p class=\"article-picture-caption\">Mets\u00e4aktivisti Ida Korhonen hiihti Aalistunturin yli hakkuualueelle tammikuussa 2023. Kuva:\u00a0Elokapina<\/p>\n<p class=\"article-body mb-nof-24 px-nof-16\">Aalistunturilla Korhonen vastusti hakkuita, jotka pirstoivat kansallispuistoksi esitetty\u00e4 aluetta. Luontokadon pys\u00e4ytt\u00e4minen vaatii h\u00e4nen mukaansa isoja suojelukokonaisuuksia.<\/p>\n<p class=\"article-body mb-nof-24 px-nof-16\">Korhonen kiist\u00e4\u00e4 syytteet: \u201dMielest\u00e4ni on oikeutettua est\u00e4\u00e4 valtion liikelaitoksen hakkuita silloin, kun ne ovat haitaksi luonnon monimuotoisuudelle ja kansallispuistohankkeelle.\u201d<\/p>\n<p class=\"article-body mb-nof-24 px-nof-16\">Mets\u00e4hallitus toteutti hakkuut Aalistunturin vieress\u00e4 olevalla alueella. Korhosen mielest\u00e4 t\u00e4m\u00e4 heikensi merkitt\u00e4v\u00e4sti ekologisia yhteyksi\u00e4 alueella.<\/p>\n<p class=\"article-body mb-nof-24 px-nof-16\">Viiankiaavalla Korhonen oli mukana est\u00e4m\u00e4ss\u00e4 kaivosyhti\u00f6n koeporauksia, koska itse suo on suojeltu sek\u00e4 soidensuojelu- ett\u00e4 luonnonsuojelulailla. Alue kuuluu EU:n Natura-suojeluohjelmaan.<\/p>\n<p class=\"article-body mb-nof-24 px-nof-16\">\u201dEih\u00e4n siin\u00e4 ole mit\u00e4\u00e4n j\u00e4rke\u00e4, ett\u00e4 suojelualueelle ollaan perustamassa kaivosta. T\u00e4m\u00e4 on k\u00e4sitt\u00e4m\u00e4tt\u00f6m\u00e4n v\u00e4\u00e4r\u00e4 asia, joka pit\u00e4\u00e4 est\u00e4\u00e4\u201d, Korhonen sanoo.<\/p>\n<p class=\"article-body mb-nof-24 px-nof-16\">Lapin k\u00e4r\u00e4j\u00e4oikeudessa Korhonen vastaa syytteeseen niskoittelusta poliisia vastaan. Aalistunturin tapahtumiin liittyy niskoittelun lis\u00e4ksi syyte hallinnan loukkauksesta.<\/p>\n<p class=\"article-body mb-nof-24 px-nof-16\">Hallinnan loukkauksella tarkoitetaan toisen hallinnassa olevan omaisuuden, esimerkiksi maa-alueen, luvatonta haltuunottoa tai k\u00e4ytt\u00f6\u00e4.<\/p>\n<p class=\"article-body mb-nof-24 px-nof-16\">Rangaistuksena on sakkoa tai enint\u00e4\u00e4n kolme kuukautta vankeutta.<\/p>\n<p class=\"article-body mb-nof-24 px-nof-16\">Hallinnan loukkaukseen liittyen Mets\u00e4hallituksen mets\u00e4talousyhti\u00f6 vaatii aktivisteilta kymmenien tuhansien eurojen vahingonkorvauksia.<\/p>\n<p class=\"article-body mb-nof-24 px-nof-16\">Aktivistit kiist\u00e4v\u00e4t korvausvaatimuksen.<\/p>\n<p class=\"article-body mb-nof-24 px-nof-16\">Aalistunturia koskevat vaatimukset liittyv\u00e4t talven 2023 mielenosoituksiin, jotka viiv\u00e4styttiv\u00e4t hakkuita Aalistunturin etel\u00e4puolella.<\/p>\n<p class=\"article-body mb-nof-24 px-nof-16\">Mets\u00e4liikkeen aktivistit leiriytyiv\u00e4t hakkuualueelle johtavalle talvitielle. He vaativat Mets\u00e4hallitusta luopumaan hakkuista alueella.<\/p>\n<p class=\"article-body mb-nof-24 px-nof-16\">Mets\u00e4liike koostui Luonto-Liiton mets\u00e4ryhm\u00e4n ja Greenpeacen sek\u00e4 Elokapinan aktivisteista sek\u00e4 yksityishenkil\u00f6ist\u00e4.<\/p>\n<p class=\"article-body mb-nof-24 px-nof-16\">Mets\u00e4hallitus Mets\u00e4talous Oy vaatii aktivisteilta korvauksia taloushaitoista, jotka mets\u00e4yritt\u00e4jille syntyiv\u00e4t hakkuiden viiv\u00e4styksest\u00e4. Hakkuut toteutuivat sen j\u00e4lkeen, kun mielenosoitus oli purettu.<\/p>\n<p class=\"article-body mb-nof-24 px-nof-16\">L\u00e4nsi-Lapin Kolarissa sijaitsevan Aalistunturin mets\u00e4kiista kulminoitui kolme vuotta sitten helmikuussa 2023.<\/p>\n<p class=\"article-body mb-nof-24 px-nof-16\">Mets\u00e4hallituksen mets\u00e4talousyhti\u00f6 aloitti 400 hehtaarin hakkuut tunturin etel\u00e4puolella alueella, jonne paikalliset luonnonsuojelijat olivat esitt\u00e4neet kansallispuistoa.<\/p>\n<p class=\"article-body mb-nof-24 px-nof-16\">Mets\u00e4hallitus on vedonnut laillisiin hakkuisiin, jotka perustuivat vuonna 2021 tehtyyn hakkuusuunnitelmaan. Sen yhteydess\u00e4 oli tehty luontokohteiden tarkennus, ja arvokkaat luontokohteet j\u00e4tettiin hakkuiden ulkopuolelle. Itse Aalistunturi on suojeltu.<\/p>\n<p class=\"article-body mb-nof-24 px-nof-16\">Alueella on mets\u00e4taloushistoriaa, sill\u00e4 Aalistunturin etel\u00e4puolella on p\u00e4\u00e4osin 1970-luvulla hakattua mets\u00e4\u00e4.<\/p>\n<p class=\"article-body mb-nof-24 px-nof-16\">Luonnonsuojelijoiden mukaan hakkuut pirstoivat aluetta ja murensivat kansallispuistoesityksen pohjaa.<\/p>\n<p class=\"article-body mb-nof-24 px-nof-16\">Kyseess\u00e4 olikin pitk\u00e4lti symbolinen kiista, jonka taustalla on laajempi n\u00e4kemys Suomen metsien k\u00e4yt\u00f6st\u00e4. Vastakkain olivat perinteinen puuntuotanto ja huoli metsien k\u00f6yhtymisest\u00e4.<\/p>\n<p><img decoding=\"async\" src=\"https:\/\/www.europesays.com\/fi\/wp-content\/uploads\/2026\/01\/1768327270_717_468.jpg\" alt=\"Mets\u00e4liikkeen aktivistit vaativat tammikuussa 2023 Aalistunturin suojelua. He halusivat my\u00f6s her\u00e4tt\u00e4\u00e4 laajempaa keskustelua valtion metsi\u00e4 hallinnoivan Mets\u00e4hallituksen mets\u00e4talousyhti\u00f6n toiminnasta.\" class=\"_Img_1rerz_1\" style=\"aspect-ratio:1.7777777777777777\" loading=\"eager\"\/><\/p>\n<p class=\"article-picture-caption\">Mets\u00e4liikkeen aktivistit vaativat tammikuussa 2023 Aalistunturin suojelua. He halusivat my\u00f6s her\u00e4tt\u00e4\u00e4 laajempaa keskustelua valtion metsi\u00e4 hallinnoivan Mets\u00e4hallituksen mets\u00e4talousyhti\u00f6n toiminnasta. Kuva:\u00a0Elokapina<\/p>\n<p class=\"article-body mb-nof-24 px-nof-16\">Lapin k\u00e4r\u00e4j\u00e4oikeus k\u00e4sittelee samassa oikeudenk\u00e4ynniss\u00e4 my\u00f6s toista mielenosoituskokonaisuutta. Se koskee Sodankyl\u00e4ss\u00e4 sijaitsevaa Viiankiaavan aapasuota ja sen alle suunniteltua kaivosta.<\/p>\n<p class=\"article-body mb-nof-24 px-nof-16\">Viiankiaavalla Elokapina ja Mets\u00e4liike pys\u00e4yttiv\u00e4t koeporauksia joulukuusta 2023 l\u00e4htien kolmen kuukauden ajan, jonka kairaukset kestiv\u00e4t.<\/p>\n<p class=\"article-body mb-nof-24 px-nof-16\">Elokapina vaatii Viiankiaavan rauhoittamista kaivostoiminnalta ja malminetsinn\u00e4lt\u00e4. J\u00e4rjest\u00f6n mielest\u00e4 brittil\u00e4isen Anglo Americanin ja sen tyt\u00e4ryhti\u00f6n AA Sakatti Mining Oy:n pit\u00e4isi luopua kaivoshankkeesta luonnonsuojelualueella.<\/p>\n<p><img decoding=\"async\" src=\"https:\/\/www.europesays.com\/fi\/wp-content\/uploads\/2026\/01\/1768327271_128_468.jpg\" alt=\"Elokapinan aktivistit kytkiv\u00e4t itsens\u00e4 kaivosyhti\u00f6n syv\u00e4kairauskonttiin Viiankiaavalla Sodankyl\u00e4ss\u00e4 maaliskuussa 2024. Poliisi irrotti mielenosoittajat kontista.\" class=\"_Img_1rerz_1\" style=\"aspect-ratio:1.3333333333333333\" loading=\"eager\"\/><\/p>\n<p class=\"article-picture-caption\">Elokapinan aktivistit kytkiv\u00e4t itsens\u00e4 kaivosyhti\u00f6n syv\u00e4kairauskonttiin Viiankiaavalla Sodankyl\u00e4ss\u00e4 maaliskuussa 2024. Poliisi irrotti mielenosoittajat kontista. Kuva:\u00a0Elokapina<\/p>\n<p class=\"article-body mb-nof-24 px-nof-16\">Maaliskuussa 2024 aktivistit pys\u00e4yttiv\u00e4t kaivosyhti\u00f6n syv\u00e4kairauskontin toiminnan kiipe\u00e4m\u00e4ll\u00e4 sen katolle.<\/p>\n<p class=\"article-body mb-nof-24 px-nof-16\">Kairauslaite on noin rekan per\u00e4vaunun kokoinen, ja sen sis\u00e4ll\u00e4 olevat porat py\u00f6riv\u00e4t vuorokauden ymp\u00e4ri.<\/p>\n<p class=\"article-body mb-nof-24 px-nof-16\">Aktivistit kiipesiv\u00e4t kontin p\u00e4\u00e4lle ja lukitsivat itsens\u00e4 sen rakenteisiin. Lis\u00e4ksi poran polttoainekuljetus estettiin pystytt\u00e4m\u00e4ll\u00e4 kolmijalka huoltoreitille.<\/p>\n<p class=\"article-body mb-nof-24 px-nof-16\">Lapin poliisin partio purki mielenosoituksen, ja osa aktivisteista otettiin kiinni.<\/p>\n<p class=\"article-body mb-nof-24 px-nof-16\">Ida Korhosta koskeva niskoittelusyyte koskee yht\u00e4 tapausta, jossa aktivistit lukitsivat itsens\u00e4 syv\u00e4kaivauskonttiin.<\/p>\n<p><img decoding=\"async\" src=\"https:\/\/www.europesays.com\/fi\/wp-content\/uploads\/2026\/01\/1768327271_925_468.jpg\" alt=\"Mielenosoittajat leiriytyiv\u00e4t Viiankiaavalla kaivosyhti\u00f6n syv\u00e4kairauskontin (taustalla) l\u00e4heisyyteen kev\u00e4\u00e4ll\u00e4 2024.\" class=\"_Img_1rerz_1\" style=\"aspect-ratio:1.336116910229645\" loading=\"eager\"\/><\/p>\n<p class=\"article-picture-caption\">Mielenosoittajat leiriytyiv\u00e4t Viiankiaavalla kaivosyhti\u00f6n syv\u00e4kairauskontin (taustalla) l\u00e4heisyyteen kev\u00e4\u00e4ll\u00e4 2024. Kuva:\u00a0Elokapina<\/p>\n","protected":false},"excerpt":{"rendered":"Lue tiivistelm\u00e4 Lapin k\u00e4r\u00e4j\u00e4oikeudessa alkaa keskiviikkona oikeudenk\u00e4ynti, jossa kahdeksaa Elokapinan aktivistia syytet\u00e4\u00e4n niskoittelusta poliisia vastaan ja hallinnan loukkauksesta.&hellip;\n","protected":false},"author":2,"featured_media":141369,"comment_status":"","ping_status":"","sticky":false,"template":"","format":"standard","meta":{"footnotes":""},"categories":[12],"tags":[22,23,26,27,33,31,30,17,46,24,25,28,29,15,18,21,32,19,20,16],"class_list":{"0":"post-141368","1":"post","2":"type-post","3":"status-publish","4":"format-standard","5":"has-post-thumbnail","7":"category-suomi","8":"tag-breaking-news","9":"tag-breakingnews","10":"tag-featured-news","11":"tag-featurednews","12":"tag-fi","13":"tag-finland","14":"tag-finnish","15":"tag-headlines","16":"tag-helsingin-sanomat","17":"tag-latest-news","18":"tag-latestnews","19":"tag-main-news","20":"tag-mainnews","21":"tag-news","22":"tag-otsikot","23":"tag-paauutiset","24":"tag-suomi","25":"tag-top-stories","26":"tag-topstories","27":"tag-uutiset"},"share_on_mastodon":{"url":"https:\/\/pubeurope.com\/@fi\/115889103524907392","error":""},"_links":{"self":[{"href":"https:\/\/www.europesays.com\/fi\/wp-json\/wp\/v2\/posts\/141368","targetHints":{"allow":["GET"]}}],"collection":[{"href":"https:\/\/www.europesays.com\/fi\/wp-json\/wp\/v2\/posts"}],"about":[{"href":"https:\/\/www.europesays.com\/fi\/wp-json\/wp\/v2\/types\/post"}],"author":[{"embeddable":true,"href":"https:\/\/www.europesays.com\/fi\/wp-json\/wp\/v2\/users\/2"}],"replies":[{"embeddable":true,"href":"https:\/\/www.europesays.com\/fi\/wp-json\/wp\/v2\/comments?post=141368"}],"version-history":[{"count":0,"href":"https:\/\/www.europesays.com\/fi\/wp-json\/wp\/v2\/posts\/141368\/revisions"}],"wp:featuredmedia":[{"embeddable":true,"href":"https:\/\/www.europesays.com\/fi\/wp-json\/wp\/v2\/media\/141369"}],"wp:attachment":[{"href":"https:\/\/www.europesays.com\/fi\/wp-json\/wp\/v2\/media?parent=141368"}],"wp:term":[{"taxonomy":"category","embeddable":true,"href":"https:\/\/www.europesays.com\/fi\/wp-json\/wp\/v2\/categories?post=141368"},{"taxonomy":"post_tag","embeddable":true,"href":"https:\/\/www.europesays.com\/fi\/wp-json\/wp\/v2\/tags?post=141368"}],"curies":[{"name":"wp","href":"https:\/\/api.w.org\/{rel}","templated":true}]}}