{"id":141370,"date":"2026-01-13T18:02:08","date_gmt":"2026-01-13T18:02:08","guid":{"rendered":"https:\/\/www.europesays.com\/fi\/141370\/"},"modified":"2026-01-13T18:02:08","modified_gmt":"2026-01-13T18:02:08","slug":"marton-maksaa-omasta-pussistaan-turpasaunan-suomeen","status":"publish","type":"post","link":"https:\/\/www.europesays.com\/fi\/141370\/","title":{"rendered":"M\u00e1rton maksaa omasta pussistaan turpasaunan Suomeen"},"content":{"rendered":"<p>Voitot eiv\u00e4t ole Unkarin maajoukkueen tavoitteena j\u00e4\u00e4pallon MM-kisoissa Porissa.<\/p>\n<p><img decoding=\"async\" class=\"image image-show image-preview\" src=\"https:\/\/www.europesays.com\/fi\/wp-content\/uploads\/2026\/01\/7465ed2a0a8014d2e0c8812325e7d02bbdc96b90c225c3a5650cecfdbac61593.jpg\" alt=\"\"\/><img decoding=\"async\" class=\"image image-show\" src=\"https:\/\/www.europesays.com\/fi\/wp-content\/uploads\/2026\/01\/1768327328_265_7465ed2a0a8014d2e0c8812325e7d02bbdc96b90c225c3a5650cecfdbac61593.jpg\" alt=\"\"\/><\/p>\n<p> M\u00e1rton Herceg on Unkarin ver\u00e4j\u00e4nvartija j\u00e4\u00e4pallon MM-kisoissa. Harriet kallio \/ Suomen j\u00e4\u00e4palloliitto<\/p>\n<p class=\"paragraph\">Unkarin 20-vuotias maalivahti <strong>M\u00e1rton Herceg<\/strong> ei ole vaipunut ep\u00e4toivoon, vaikka j\u00e4\u00e4pallon MM-kisoissa Porissa h\u00e4nen taakseen on ladottu yhteens\u00e4 jo 53 maalia.<\/p>\n<p class=\"paragraph\">Maanantaina Ruotsi l\u00f6i ensin Unkarin MM-kisojen kaikkien aikojen enn\u00e4tyslukemilla 34\u20130 ja tiistaina oli Suomen vuoro kyykytt\u00e4\u00e4 Unkaria numeroin 19\u20130.<\/p>\n<p class=\"paragraph\">\u2013 Kova peli taas, mutta onneksi Suomi otti ottelun hieman rauhallisemmin kuin Ruotsi. Taktisesti Ruotsi ja Suomi ovat samalla tasolla, mutta Ruotsi pelasi selv\u00e4sti aggressiivisemmin, Herceg sanoi ottelun j\u00e4lkeen.<\/p>\n<p class=\"paragraph\">\u2013 Yritimme molemmissa peleiss\u00e4mme totta kai parhaamme, mutta nyt Suomea vastaan puolustuspelimme oli selv\u00e4sti parempaa. Olemmekin hakemassa MM-kisoista juuri t\u00e4llaisia kokemuksia itsellemme. T\u00e4m\u00e4 oli kaikesta huolimatta taas hyv\u00e4 kokemus.<\/p>\n<p>\u201dOlen tottunut\u201d<\/p>\n<p>Herceg valmistautuu torjumaan suomalaispelaajan laukauksen. Harriet Kallio \/ SUomen j\u00e4\u00e4palloliitto<\/p>\n<p class=\"paragraph\">Hercegi\u00e4 hieman nauratti, kun h\u00e4nen tarpeestaan noukkia palloa omasta maalistaan tuli puheeksi.<\/p>\n<p class=\"paragraph\">\u2013 Ei pit\u00e4isi tunnustaa, mutta v\u00e4h\u00e4n olen jo tottunut noukkimaan palloa verkostamme. Kaikesta voi kuitenkin oppia.<\/p>\n<p class=\"paragraph\">Herceg oli jo viime vuonna Ruotsissa mukana edellisiss\u00e4 MM-kisoissa Lidk\u00f6pingiss\u00e4.<\/p>\n<p class=\"paragraph\">\u2013 Suurin osa meist\u00e4 Unkarin MM-joukkueesta pelaa my\u00f6s j\u00e4\u00e4kiekkoa. Itsekin pelaan j\u00e4\u00e4kiekkoa Unkarin kakkosliigassa. Olen pelannut j\u00e4\u00e4palloa vasta 2\u20133 vuotta. Aloitin kaukaloj\u00e4\u00e4pallosta. Olen my\u00f6s j\u00e4\u00e4kiekossa maalivahti.<\/p>\n<p class=\"paragraph\">Ero lajien v\u00e4lill\u00e4 on selke\u00e4.<\/p>\n<p class=\"paragraph\">\u2013 J\u00e4\u00e4pallossa maali on tietysti paljon isompi. J\u00e4\u00e4kiekossa pystyn pelaamaan paljon enemm\u00e4n maassa niin sanotulla perhostyylill\u00e4. J\u00e4\u00e4pallossa pit\u00e4\u00e4 liikkua ihan eri tavalla kuin j\u00e4\u00e4kiekossa.<\/p>\n<p class=\"paragraph\">Unkarissa on vain yksi kentt\u00e4, miss\u00e4 voi pelata t\u00e4t\u00e4 normaalia j\u00e4\u00e4palloa. ja siell\u00e4kin  vain talvisin. Unkarissa aktiivisia j\u00e4\u00e4pallon pelaajia on Hercegin mukaan vain noin viisikymment\u00e4.<\/p>\n","protected":false},"excerpt":{"rendered":"Voitot eiv\u00e4t ole Unkarin maajoukkueen tavoitteena j\u00e4\u00e4pallon MM-kisoissa Porissa. M\u00e1rton Herceg on Unkarin ver\u00e4j\u00e4nvartija j\u00e4\u00e4pallon MM-kisoissa. Harriet kallio&hellip;\n","protected":false},"author":2,"featured_media":141371,"comment_status":"","ping_status":"","sticky":false,"template":"","format":"standard","meta":{"footnotes":""},"categories":[5],"tags":[35,1274,22,23,26,27,33,31,30,17,1143,24,25,41,28,29,15,18,21,32,1145,19,20,161,16],"class_list":{"0":"post-141370","1":"post","2":"type-post","3":"status-publish","4":"format-standard","5":"has-post-thumbnail","7":"category-otsikot","8":"tag-24h","9":"tag-ammattiurheilu","10":"tag-breaking-news","11":"tag-breakingnews","12":"tag-featured-news","13":"tag-featurednews","14":"tag-fi","15":"tag-finland","16":"tag-finnish","17":"tag-headlines","18":"tag-jaakiekko","19":"tag-latest-news","20":"tag-latestnews","21":"tag-liikunta-ja-urheilu","22":"tag-main-news","23":"tag-mainnews","24":"tag-news","25":"tag-otsikot","26":"tag-paauutiset","27":"tag-suomi","28":"tag-talviurheilu","29":"tag-top-stories","30":"tag-topstories","31":"tag-urheilutapahtumat","32":"tag-uutiset"},"share_on_mastodon":{"url":"https:\/\/pubeurope.com\/@fi\/115889107516761381","error":""},"_links":{"self":[{"href":"https:\/\/www.europesays.com\/fi\/wp-json\/wp\/v2\/posts\/141370","targetHints":{"allow":["GET"]}}],"collection":[{"href":"https:\/\/www.europesays.com\/fi\/wp-json\/wp\/v2\/posts"}],"about":[{"href":"https:\/\/www.europesays.com\/fi\/wp-json\/wp\/v2\/types\/post"}],"author":[{"embeddable":true,"href":"https:\/\/www.europesays.com\/fi\/wp-json\/wp\/v2\/users\/2"}],"replies":[{"embeddable":true,"href":"https:\/\/www.europesays.com\/fi\/wp-json\/wp\/v2\/comments?post=141370"}],"version-history":[{"count":0,"href":"https:\/\/www.europesays.com\/fi\/wp-json\/wp\/v2\/posts\/141370\/revisions"}],"wp:featuredmedia":[{"embeddable":true,"href":"https:\/\/www.europesays.com\/fi\/wp-json\/wp\/v2\/media\/141371"}],"wp:attachment":[{"href":"https:\/\/www.europesays.com\/fi\/wp-json\/wp\/v2\/media?parent=141370"}],"wp:term":[{"taxonomy":"category","embeddable":true,"href":"https:\/\/www.europesays.com\/fi\/wp-json\/wp\/v2\/categories?post=141370"},{"taxonomy":"post_tag","embeddable":true,"href":"https:\/\/www.europesays.com\/fi\/wp-json\/wp\/v2\/tags?post=141370"}],"curies":[{"name":"wp","href":"https:\/\/api.w.org\/{rel}","templated":true}]}}