{"id":141374,"date":"2026-01-13T18:14:09","date_gmt":"2026-01-13T18:14:09","guid":{"rendered":"https:\/\/www.europesays.com\/fi\/141374\/"},"modified":"2026-01-13T18:14:09","modified_gmt":"2026-01-13T18:14:09","slug":"pippa-laukka-laittoi-kotinsa-myytiin-tallainen-on-hanen-kolmikerroksinen-omakotitalonsa","status":"publish","type":"post","link":"https:\/\/www.europesays.com\/fi\/141374\/","title":{"rendered":"Pippa Laukka laittoi kotinsa myytiin \u2013 T\u00e4llainen on h\u00e4nen kolmikerroksinen omakotitalonsa"},"content":{"rendered":"<p>Pippa Laukka laittoi kotinsa myyntiin. <\/p>\n<p><img decoding=\"async\" class=\"image image-show image-preview\" src=\"https:\/\/www.europesays.com\/fi\/wp-content\/uploads\/2025\/10\/48e0dcef86e33ceffd723b41d108de4fbcc12890318dba729058ab5e7a757b40.jpg\" alt=\"\"\/><img decoding=\"async\" class=\"image image-show\" src=\"https:\/\/www.europesays.com\/fi\/wp-content\/uploads\/2025\/10\/1760980693_918_48e0dcef86e33ceffd723b41d108de4fbcc12890318dba729058ab5e7a757b40.jpg\" alt=\"\"\/><\/p>\n<p>Pippa Laukka juontaa Olet mit\u00e4 sy\u00f6t -ohjelmaa. Pete Anikari<\/p>\n<p class=\"paragraph\">L\u00e4\u00e4k\u00e4ri ja tv-kasvo <a href=\"https:\/\/www.iltalehti.fi\/henkilot\/Pippa Laukka\" class=\"article-link-person-page\" rel=\"nofollow noopener\" target=\"_blank\">Pippa Laukka<\/a> kertoo <a href=\"https:\/\/www.instagram.com\/stories\/pippalaukka\/?hl=fi\" target=\"_blank\" rel=\"noopener nofollow\">Instagram<\/a>-tilill\u00e4\u00e4n laittaneensa kotinsa myyntiin.<\/p>\n<p class=\"paragraph\">Kyseess\u00e4 on 143-neli\u00f6inen talo L\u00e4nsi-Pakilassa, Helsingiss\u00e4.<\/p>\n<p class=\"paragraph\">\u2013 Rakennettiin talo 2010-luvun alussa eri el\u00e4m\u00e4ntilanteeseen ja siksi talo etsii uusia asukkaita, Laukka kertoo Instagram-tilins\u00e4 tarinat-osiossa.<\/p>\n<p class=\"paragraph\"><a href=\"https:\/\/www.kiinteistomaailma.fi\/1407843?fbclid=PAZXh0bgNhZW0CMTEAc3J0YwZhcHBfaWQMMjU2MjgxMDQwNTU4AAGnsx_efRM6CGuSGweoWGsoyxP7Zq28dkygQzPxGnSqd0KRRTi_97QYbB22jLY_aem_3yMTWusKEJCNMJFSaA-GEQ\" target=\"_blank\" rel=\"noopener nofollow\">Kiinteist\u00f6maailman<\/a> myynti-ilmoituksesta k\u00e4y ilmi, ett\u00e4 talon velaton pyyntihinta on 925\u00a0000 euroa.<\/p>\n<p class=\"paragraph\">Kolmikerroksisessa omakotitalossa on viisi huonetta, kaksi kylpyhuonetta ja kolme vessaa, sauna, kodinhoitohuone, askarteluhuone, vaatehuoneita, varastoja sek\u00e4 vilpola ja katettu terassi. Yl\u00e4kerrasta l\u00f6ytyy nelj\u00e4 makuuphuonetta, kylpyhuone sek\u00e4 parveke. Yhteens\u00e4 omakotitalossa on noin 227 neli\u00f6t\u00e4.<\/p>\n<p class=\"paragraph\">Pohjakerroksesta l\u00f6ytyy muun muassa ylellinen saunaosasto, jossa on kaksi suihkua ja kylpyamme. Saunaosastolla on k\u00e4ytetty tummia s\u00e4vyj\u00e4 ja saunasta l\u00f6ytyy puukiuas.<\/p>\n<p class=\"paragraph\">Talo sijaitsee rauhallisella alueella, ja siit\u00e4 on lyhyt matka keskuspuistoon, kouluihin ja p\u00e4iv\u00e4koteihin.<\/p>\n<p>Omakotitalossa on kolme kerosta ja oma tuija-aidattu piha.  Kiinteist\u00f6maailma<\/p>\n<p>Talossa on avara keitti\u00f6. Kiinteist\u00f6maailma<\/p>\n<p>Laukan kodissa on paljon ikkunoita. Keskikerroksesta l\u00f6ytyy takka, jossa on lasiluukut kahteen eri suuntaan.  Kiinteist\u00f6maailma<\/p>\n<p class=\"paragraph\">Voit k\u00e4yd\u00e4 katsomassa asunnon myynti-ilmoitusta ja kuvia <a href=\"https:\/\/www.kiinteistomaailma.fi\/1407843?fbclid=PAZXh0bgNhZW0CMTEAc3J0YwZhcHBfaWQMMjU2MjgxMDQwNTU4AAGnsx_efRM6CGuSGweoWGsoyxP7Zq28dkygQzPxGnSqd0KRRTi_97QYbB22jLY_aem_3yMTWusKEJCNMJFSaA-GEQ\" target=\"_blank\" rel=\"noopener nofollow\">t\u00e4\u00e4lt\u00e4<\/a>.<\/p>\n<p>Kylpyhuoneessa on kaksi suihkua ja kylpyamme. Kiinteist\u00f6maailma<\/p>\n<p>Tummanpuhuvassa saunassa on puukiuas. Kiinteist\u00f6maailma<\/p>\n<p><script async src=\"\/\/www.instagram.com\/embed.js\"><\/script><\/p>\n","protected":false},"excerpt":{"rendered":"Pippa Laukka laittoi kotinsa myyntiin. Pippa Laukka juontaa Olet mit\u00e4 sy\u00f6t -ohjelmaa. Pete Anikari L\u00e4\u00e4k\u00e4ri ja tv-kasvo Pippa&hellip;\n","protected":false},"author":2,"featured_media":67510,"comment_status":"","ping_status":"","sticky":false,"template":"","format":"standard","meta":{"footnotes":""},"categories":[136],"tags":[35,36,542,407,137,33,31,30,408,2870,543,2349,32,109],"class_list":{"0":"post-141374","1":"post","2":"type-post","3":"status-publish","4":"format-standard","5":"has-post-thumbnail","7":"category-julkkikset","8":"tag-24h","9":"tag-asuintalot-ja-asunnot","10":"tag-asuminen","11":"tag-celebrities","12":"tag-entertainment","13":"tag-fi","14":"tag-finland","15":"tag-finnish","16":"tag-julkkikset","17":"tag-kaupankaynti","18":"tag-koti-ja-asuminen","19":"tag-myynti","20":"tag-suomi","21":"tag-viihde"},"share_on_mastodon":{"url":"https:\/\/pubeurope.com\/@fi\/115889154490777833","error":""},"_links":{"self":[{"href":"https:\/\/www.europesays.com\/fi\/wp-json\/wp\/v2\/posts\/141374","targetHints":{"allow":["GET"]}}],"collection":[{"href":"https:\/\/www.europesays.com\/fi\/wp-json\/wp\/v2\/posts"}],"about":[{"href":"https:\/\/www.europesays.com\/fi\/wp-json\/wp\/v2\/types\/post"}],"author":[{"embeddable":true,"href":"https:\/\/www.europesays.com\/fi\/wp-json\/wp\/v2\/users\/2"}],"replies":[{"embeddable":true,"href":"https:\/\/www.europesays.com\/fi\/wp-json\/wp\/v2\/comments?post=141374"}],"version-history":[{"count":0,"href":"https:\/\/www.europesays.com\/fi\/wp-json\/wp\/v2\/posts\/141374\/revisions"}],"wp:featuredmedia":[{"embeddable":true,"href":"https:\/\/www.europesays.com\/fi\/wp-json\/wp\/v2\/media\/67510"}],"wp:attachment":[{"href":"https:\/\/www.europesays.com\/fi\/wp-json\/wp\/v2\/media?parent=141374"}],"wp:term":[{"taxonomy":"category","embeddable":true,"href":"https:\/\/www.europesays.com\/fi\/wp-json\/wp\/v2\/categories?post=141374"},{"taxonomy":"post_tag","embeddable":true,"href":"https:\/\/www.europesays.com\/fi\/wp-json\/wp\/v2\/tags?post=141374"}],"curies":[{"name":"wp","href":"https:\/\/api.w.org\/{rel}","templated":true}]}}