{"id":141375,"date":"2026-01-13T18:17:08","date_gmt":"2026-01-13T18:17:08","guid":{"rendered":"https:\/\/www.europesays.com\/fi\/141375\/"},"modified":"2026-01-13T18:17:08","modified_gmt":"2026-01-13T18:17:08","slug":"huomenta-suomi-uudistui-katsojat-arvostelevat-samojen-asioiden-toistamista","status":"publish","type":"post","link":"https:\/\/www.europesays.com\/fi\/141375\/","title":{"rendered":"Huomenta Suomi uudistui: Katsojat arvostelevat samojen asioiden toistamista"},"content":{"rendered":"<p>\n            Huomenta Suomessa n\u00e4hd\u00e4\u00e4n jatkossakin Teresa Meril\u00e4inen-Aho ja Jesse Kamras.<br \/>\n            MTV\n        <\/p>\n<p class=\"subtitle \">Erityisesti yksi asia \u00e4rsytt\u00e4\u00e4 l\u00e4hes kuusi tuntia kest\u00e4v\u00e4ss\u00e4 ohjelmassa.<\/p>\n<p class=\"article-content article-content-width !bg-background\">MTV:n perinteinen aamuohjelma\u00a0Huomenta Suomi\u00a0uudistui loppiaisen j\u00e4lkeen, ja ohjelman l\u00e4hetysaika piteni per\u00e4ti viiteen tuntiin ja 35 minuuttiin. Ohjelmaa esitet\u00e4\u00e4n nyt arkiaamuisin kello 6.25\u201312.00.<\/p>\n<p class=\"font-weight-bold m-font-weight-bold article-content article-content-width !bg-background\">Video: Huomenta Suomen juontaja kertoo harrastuksestaan.<\/p>\n<p class=\"article-content article-content-width !bg-background\">Katsojilta uudistus saa paljon kritiikki\u00e4 MTV:n Facebook- ja Instagram-tileill\u00e4.<\/p>\n<p class=\"article-content article-content-width !bg-background\"><a href=\"https:\/\/www.facebook.com\/share\/17fsXxyBuG\/?mibextid=wwXIfr\" target=\"_blank\" rel=\"nofollow noopener\">Etenkin puolen tunnin v\u00e4lein toistuvat uutiset vaikuttavat \u00e4rsytt\u00e4v\u00e4n suurta katsojajoukkoa Facebookissa.<\/a><\/p>\n<p class=\"article-content article-content-width !bg-background\">\u2013\u00a0Ja sitte py\u00f6ritet\u00e4\u00e4n samoja uutisia ja s\u00e4\u00e4t\u00e4 puolen tunnin v\u00e4lein ja v\u00e4h\u00e4n v\u00e4lein mainoksia. Aivan turhan pitk\u00e4 l\u00e4hetys,  tylytt\u00e4\u00e4.<\/p>\n<p>        <a itemprop=\"url\" href=\"https:\/\/www.seiska.fi\/katso\/keijo-leppanen-herasi-alastomana-nurmikolta\/2039056\" rel=\"nofollow noopener\" target=\"_blank\"><\/p>\n<p>\nKeijo Lepp\u00e4nen\n<\/p>\n<p class=\"section-date\">\n        <strong class=\"article-section\" data-section=\"katso\"><br \/>\n            katso<br \/>\n        <\/strong><br \/>\n        7.1. 11:37\n    <\/p>\n<p>Keijo Lepp\u00e4nen her\u00e4si alastomana nurmikolta\n    <\/p>\n<p itemprop=\"description\" class=\"subtitle \">\n    El\u00e4k\u00f6itynyt uutisankkuri Keijo Lepp\u00e4nen vieraili Huomenta Suomessa.\n<\/p>\n<p>        <\/a><\/p>\n<p class=\"article-content article-content-width !bg-background\">\u2013\u00a0Aivan liian pitk\u00e4 l\u00e4hetys, tulee sellainen olo, ett\u00e4 pakolla yritet\u00e4\u00e4n ymp\u00e4t\u00e4 jotain \u201cmit\u00e4\u00e4nsanomattomia\u201d aiheita l\u00e4hetykseen ja mik\u00e4 RAIVOSTUTTAVINTA, n\u00e4m\u00e4 uutiset joka puolen tunnin v\u00e4lein, ei ymm\u00e4rr\u00e4. Nyt vaihtui kyll\u00e4 kanava YLE:lle,  uhoaa.<\/p>\n<p class=\"article-content article-content-width !bg-background\">\u2013\u00a0Kyll\u00e4 tuli nyt haastetta. Noin pitk\u00e4\u00e4n l\u00e4hetysaikaan pit\u00e4\u00e4 tehd\u00e4 kiinnostavaa, vaihtelevaa ja el\u00e4v\u00e4\u00e4 sis\u00e4lt\u00f6\u00e4 alusta loppuun. Ei riit\u00e4 tosiaan samojen uutisten ja s\u00e4\u00e4tiedotusten, mainosten ja parhaiden palojen toistaminen. Asiaa pit\u00e4\u00e4 olla my\u00f6s eik\u00e4 julkkishaastatteluja,  opastaa.<\/p>\n<p class=\"article-content article-content-width !bg-background\">\u2013\u00a0Eik\u00f6 voisi olla ett\u00e4 puolelta vain kotimaan uutisia ja tasalta ulkomaan uutisia niin olis v\u00e4h\u00e4n vaihtelua,  ehdottaa Facebookissa.<\/p>\n<p>                <img loading=\"lazy\" decoding=\"async\" src=\"https:\/\/www.europesays.com\/fi\/wp-content\/uploads\/2026\/01\/2029812.webp.jpeg\" width=\"576\" height=\"269\" title=\"Huomenta Suomen viikonloppul\u00e4hetyksiss\u00e4 n\u00e4hd\u00e4\u00e4n Niina ja Lorenz Backman.\" alt=\"Huomenta Suomi\" \/>            <\/p>\n<p>\n            Huomenta Suomen viikonloppul\u00e4hetyksiss\u00e4 n\u00e4hd\u00e4\u00e4n Niina ja Lorenz Backman.<br \/>\n            MTV\n        <\/p>\n<p>        <a itemprop=\"url\" href=\"https:\/\/www.seiska.fi\/katso\/ylen-uusi-espanjalaissarja-hurmasi-katsojat-tutustu-hahmoihin-ja-nayttelijoihin\/2043446\" rel=\"nofollow noopener\" target=\"_blank\"><\/p>\n<p>\nUusi espanjalainen hittisarja\n<\/p>\n<p class=\"section-date\">\n        <strong class=\"article-section\" data-section=\"katso\"><br \/>\n            katso<br \/>\n        <\/strong><br \/>\n        08:15\n    <\/p>\n<p>Ylen uusi espanjalaissarja hurmasi katsojat \u2013 tutustu hahmoihin ja n\u00e4yttelij\u00f6ihin\n    <\/p>\n<p itemprop=\"description\" class=\"subtitle \">\n    Castamarin keitt\u00e4j\u00e4t\u00e4r sijoittuu 1700-luvun Madridiin.\n<\/p>\n<p>        <\/a><\/p>\n<p>Ohjelman venytt\u00e4minen \u00e4rsytt\u00e4\u00e4<\/p>\n<p class=\"article-content article-content-width !bg-background\">Monen mielest\u00e4 l\u00e4hes kuusituntiseen l\u00e4hetykseen ei riit\u00e4 aiheita. <a href=\"https:\/\/www.instagram.com\/p\/DTKWgX8jEho\/?igsh=czB5amswNjY5dXE4\" target=\"_blank\" rel=\"nofollow noopener\">T\u00e4st\u00e4 valitetaan useissa kommenteissa Instagramissa.<\/a><\/p>\n<p class=\"article-content article-content-width !bg-background\">\u2013\u00a0Eik\u00f6 mit\u00e4\u00e4n uutta keksit\u00e4? Melkein 6 tuntia pelkk\u00e4\u00e4 \u201ch\u00f6pin\u00e4\u00e4\u201d, tylytt\u00e4\u00e4 er\u00e4s asiaa kommentoiva.<\/p>\n<p class=\"article-content article-content-width !bg-background\">\u2013\u00a0Ihan liian pitk\u00e4ksi venytetty t\u00e4m\u00e4 ohjelma, vaikka onkin hyv\u00e4t juontajat toistetaan samoja haastatteluja ohjelman aikana. Eik\u00f6 MTV voisi parantaa ohjelmatarjontaa uusilla ohjelmilla eik\u00e4 venytt\u00e4\u00e4 entisi\u00e4, toinen kommentoija purnaa.<\/p>\n<p class=\"article-content article-content-width !bg-background\">\u2013\u00a0Viel\u00e4 kun saisitte lis\u00e4tty\u00e4 ohjelmatietoihin, ett\u00e4 kuka\/ketk\u00e4 ovat p\u00e4iv\u00e4n juontajia, ett\u00e4 tiet\u00e4\u00e4 kannattaako esim lauantaina nousta katsomaan l\u00e4hetyst\u00e4, toivoo yksi katsoja.<\/p>\n<p>        <a itemprop=\"url\" href=\"https:\/\/www.seiska.fi\/katso\/tassa-ovat-the-voice-of-finlandin-kilpailijat-mukana-useita-julkkiksia\/2044712\" rel=\"nofollow noopener\" target=\"_blank\"><\/p>\n<p>\nThe Voice of Finland\n<\/p>\n<p class=\"section-date\">\n        <strong class=\"article-section\" data-section=\"katso\"><br \/>\n            katso<br \/>\n        <\/strong><br \/>\n        12:27\n    <\/p>\n<p>T\u00e4ss\u00e4 ovat The Voice of Finlandin kilpailijat \u2013 mukana useita julkkiksia\n    <\/p>\n<p itemprop=\"description\" class=\"subtitle \">\n    The Voice of Finland alkaa j\u00e4lleen 23. tammikuuta.\n<\/p>\n<p>        <\/a><\/p>\n<p>Uudistettu studio miellytt\u00e4\u00e4<\/p>\n<p class=\"article-content article-content-width !bg-background\">Osaa kommentoijista uudistunut ohjelma kuitenkin miellytt\u00e4\u00e4 kovasti. Kehuja saa my\u00f6s uudistunut studio.<\/p>\n<p class=\"article-content article-content-width !bg-background\">\u2013\u00a0Mukavaa kun l\u00e4hetys on pidempi. P\u00e4\u00e4see unikeotkin mukaan,  kiitt\u00e4\u00e4 Facebookissa.<\/p>\n<p class=\"article-content article-content-width !bg-background\">\u2013\u00a0Hyv\u00e4 uudistus on ja v\u00e4rit, kehuu yksi kommentoija syd\u00e4nemojin kera Instagramissa.<\/p>\n<p class=\"article-content article-content-width !bg-background\">\u2013\u00a0Hieno uudistus studiossa, jatkaa toinen.<\/p>\n<p class=\"article-content article-content-width !bg-background\">\u2013\u00a0Teill\u00e4 on nyt harmoninen tunnelma uusien lavastusten my\u00f6t\u00e4,  kehuu Facebookissa.<\/p>\n<p class=\"article-content article-content-width !bg-background\">\u2013\u00a0Vihdoinkin lasialuset p\u00f6yd\u00e4ll\u00e4, kiitos siit\u00e4,  l\u00f6yt\u00e4\u00e4 yll\u00e4tt\u00e4v\u00e4n kiitoksenaiheen.<\/p>\n<p class=\"italic m-italic article-content article-content-width !bg-background\">Huomenta Suomi joka p\u00e4iv\u00e4 MTV3-kanavalla ja MTV Katsomossa.<\/p>\n<p>        <a itemprop=\"url\" href=\"https:\/\/www.seiska.fi\/katso\/katsojilta-suorat-sanat-uudesta-hengaillaan-juontajasta\/2044147\" rel=\"nofollow noopener\" target=\"_blank\"><\/p>\n<p>\nHengaillaan-katsojat:\n<\/p>\n<p class=\"section-date\">\n        <strong class=\"article-section\" data-section=\"katso\"><br \/>\n            katso<br \/>\n        <\/strong><br \/>\n        06:15\n    <\/p>\n<p>Katsojilta suorat sanat uudesta Hengaillaan-juontajasta\n    <\/p>\n<p itemprop=\"description\" class=\"subtitle \">\n    Urheilutoimittajana tunnettu Mervi Kallio aloitti Hengaillaan-tietovisan juontajana.\n<\/p>\n<p>        <\/a><\/p>\n<p><script async src=\"\/\/www.instagram.com\/embed.js\"><\/script><\/p>\n","protected":false},"excerpt":{"rendered":"Huomenta Suomessa n\u00e4hd\u00e4\u00e4n jatkossakin Teresa Meril\u00e4inen-Aho ja Jesse Kamras. MTV Erityisesti yksi asia \u00e4rsytt\u00e4\u00e4 l\u00e4hes kuusi tuntia kest\u00e4v\u00e4ss\u00e4&hellip;\n","protected":false},"author":2,"featured_media":141376,"comment_status":"","ping_status":"","sticky":false,"template":"","format":"standard","meta":{"footnotes":""},"categories":[133],"tags":[137,33,31,30,7828,24347,24345,24346,14597,2376,14599,23640,32,206,11793,156,109],"class_list":{"0":"post-141375","1":"post","2":"type-post","3":"status-publish","4":"format-standard","5":"has-post-thumbnail","7":"category-televisiot","8":"tag-entertainment","9":"tag-fi","10":"tag-finland","11":"tag-finnish","12":"tag-huomenta-suomi","13":"tag-jesse-kamras","14":"tag-katsojakritiikki","15":"tag-lahetysaika","16":"tag-lorenz-backman","17":"tag-mtv","18":"tag-niina-backman","19":"tag-ohjelmauudistus","20":"tag-suomi","21":"tag-televisiot","22":"tag-teresa-merilainen-aho","23":"tag-tv","24":"tag-viihde"},"share_on_mastodon":{"url":"https:\/\/pubeurope.com\/@fi\/115889166307273561","error":""},"_links":{"self":[{"href":"https:\/\/www.europesays.com\/fi\/wp-json\/wp\/v2\/posts\/141375","targetHints":{"allow":["GET"]}}],"collection":[{"href":"https:\/\/www.europesays.com\/fi\/wp-json\/wp\/v2\/posts"}],"about":[{"href":"https:\/\/www.europesays.com\/fi\/wp-json\/wp\/v2\/types\/post"}],"author":[{"embeddable":true,"href":"https:\/\/www.europesays.com\/fi\/wp-json\/wp\/v2\/users\/2"}],"replies":[{"embeddable":true,"href":"https:\/\/www.europesays.com\/fi\/wp-json\/wp\/v2\/comments?post=141375"}],"version-history":[{"count":0,"href":"https:\/\/www.europesays.com\/fi\/wp-json\/wp\/v2\/posts\/141375\/revisions"}],"wp:featuredmedia":[{"embeddable":true,"href":"https:\/\/www.europesays.com\/fi\/wp-json\/wp\/v2\/media\/141376"}],"wp:attachment":[{"href":"https:\/\/www.europesays.com\/fi\/wp-json\/wp\/v2\/media?parent=141375"}],"wp:term":[{"taxonomy":"category","embeddable":true,"href":"https:\/\/www.europesays.com\/fi\/wp-json\/wp\/v2\/categories?post=141375"},{"taxonomy":"post_tag","embeddable":true,"href":"https:\/\/www.europesays.com\/fi\/wp-json\/wp\/v2\/tags?post=141375"}],"curies":[{"name":"wp","href":"https:\/\/api.w.org\/{rel}","templated":true}]}}