{"id":141379,"date":"2026-01-13T18:22:10","date_gmt":"2026-01-13T18:22:10","guid":{"rendered":"https:\/\/www.europesays.com\/fi\/141379\/"},"modified":"2026-01-13T18:22:10","modified_gmt":"2026-01-13T18:22:10","slug":"dilbert-sarjakuvan-luoja-on-kuollut-uutisia-lyhyesti","status":"publish","type":"post","link":"https:\/\/www.europesays.com\/fi\/141379\/","title":{"rendered":"Dilbert-sarjakuvan luoja on kuollut | Uutisia lyhyesti"},"content":{"rendered":"<p class=\"aw-1gybjub aw-5vja16 kEtdKx kmuxyA yle__article__paragraph\">Adams kertoi sy\u00f6p\u00e4diagnoosistaan toukokuussa.<\/p>\n<p><img decoding=\"async\" alt=\"Scott Adams mustavalkoisessa kuvassa vuonna 1988.\" src=\"https:\/\/www.europesays.com\/fi\/wp-content\/uploads\/2026\/01\/39-158072469666d8e92552.jpeg\" class=\"aw-1l9m598 hKVVvP\"\/><\/p>\n<p>Avaa kuvien katselu<\/p>\n<p>Scott Adams 1957 &#8211; 2026. Kuva: Kat Wade \/ Getty Images<\/p>\n<p class=\"aw-1gybjub aw-1p7kakr kEtdKx cEmitX yle__article__paragraph\">Suositun Dilbert-sarjakuvan luoja <strong class=\"aw-ak79eh KyCXm yle__article__strong\">Scott Adams<\/strong> on kuollut, kertoo yhdysvaltalainen <a class=\"aw-iao6s4 iHOxEa yle__article__link\" href=\"https:\/\/variety.com\/2026\/artisans\/people-news\/scott-adams-dead-dilbert-creator-1236630162\/\" role=\"link\" rel=\"nofollow noopener\" target=\"_blank\">Variety -viihdelehti<\/a>. H\u00e4n oli 68-vuotias.<\/p>\n<p class=\"aw-1gybjub aw-1p7kakr kEtdKx cEmitX yle__article__paragraph\">Adams tuli tunnetuksi oikeistolaisista kannanotoistaan. H\u00e4n alkoi kirjoittaa blogipostauksia <strong class=\"aw-ak79eh KyCXm yle__article__strong\">Donald Trumpin<\/strong> puolesta vuonna 2015.<\/p>\n<p class=\"aw-1gybjub aw-1p7kakr kEtdKx cEmitX yle__article__paragraph\">H\u00e4nen kirjoituksensa ja podcastinsa alkoivat kyseenalaistaa holokaustia, vastustaa koronarokotetta ja edist\u00e4\u00e4 miesten oikeuksia.<\/p>\n<p class=\"aw-1gybjub aw-1p7kakr kEtdKx cEmitX yle__article__paragraph\">Adams kertoi sy\u00f6p\u00e4diagnoosistaan toukokuussa.<\/p>\n<p class=\"aw-1gybjub aw-1p7kakr kEtdKx cEmitX yle__article__paragraph\">\u2013 Minulla on sama sy\u00f6p\u00e4 kuin <strong class=\"aw-ak79eh KyCXm yle__article__strong\">Joe Bidenilla<\/strong>. Minulla on my\u00f6s eturauhassy\u00f6p\u00e4, joka on levinnyt luihin, mutta minulla se on ollut pidemp\u00e4\u00e4n kuin h\u00e4nell\u00e4 \u2014 tai pidemp\u00e4\u00e4n kuin h\u00e4n on my\u00f6nt\u00e4nyt, Adams sanoi.<\/p>\n<p><img decoding=\"async\" alt=\"Dilbert-sarjakuvan strippej\u00e4 kollaasina.\" src=\"https:\/\/www.europesays.com\/fi\/wp-content\/uploads\/2026\/01\/39-158072569666d8e969a9.jpeg\" loading=\"lazy\" class=\"aw-1l9m598 hKVVvP\"\/><\/p>\n<p>Avaa kuvien katselu<\/p>\n<p>Dilbert-sarjakuvia. Kuva: AOP<\/p>\n<p class=\"aw-1gybjub aw-1p7kakr kEtdKx cEmitX yle__article__paragraph\">Vaikka Adams tuki Trumpia kahdesti, h\u00e4n lis\u00e4si:<\/p>\n<p class=\"aw-1gybjub aw-1p7kakr kEtdKx cEmitX yle__article__paragraph\">\u2013 Haluaisin osoittaa kunnioitusta ja my\u00f6t\u00e4tuntoa ex-presidentille ja h\u00e4nen perheelleen. He k\u00e4yv\u00e4t l\u00e4pi erityisen vaikeaa aikaa. Se on hirve\u00e4 sairaus. Jos mietit, paranenko, vastaus on ei, tilanne vain pahenee.<\/p>\n<p class=\"aw-1gybjub aw-1p7kakr kEtdKx cEmitX yle__article__paragraph\">Adams syntyi Windhamissa, New Yorkissa vuonna 1957 ja alkoi piirt\u00e4\u00e4 sarjakuvia kuusivuotiaana.<\/p>\n","protected":false},"excerpt":{"rendered":"Adams kertoi sy\u00f6p\u00e4diagnoosistaan toukokuussa. Avaa kuvien katselu Scott Adams 1957 &#8211; 2026. Kuva: Kat Wade \/ Getty Images&hellip;\n","protected":false},"author":2,"featured_media":141380,"comment_status":"","ping_status":"","sticky":false,"template":"","format":"standard","meta":{"footnotes":""},"categories":[130],"tags":[137,33,31,30,108,683,32,56,16419,109],"class_list":{"0":"post-141379","1":"post","2":"type-post","3":"status-publish","4":"format-standard","5":"has-post-thumbnail","7":"category-viihde","8":"tag-entertainment","9":"tag-fi","10":"tag-finland","11":"tag-finnish","12":"tag-kulttuuri","13":"tag-kuolema","14":"tag-suomi","15":"tag-ulkomaat","16":"tag-variety","17":"tag-viihde"},"share_on_mastodon":{"url":"https:\/\/pubeurope.com\/@fi\/115889185951337064","error":""},"_links":{"self":[{"href":"https:\/\/www.europesays.com\/fi\/wp-json\/wp\/v2\/posts\/141379","targetHints":{"allow":["GET"]}}],"collection":[{"href":"https:\/\/www.europesays.com\/fi\/wp-json\/wp\/v2\/posts"}],"about":[{"href":"https:\/\/www.europesays.com\/fi\/wp-json\/wp\/v2\/types\/post"}],"author":[{"embeddable":true,"href":"https:\/\/www.europesays.com\/fi\/wp-json\/wp\/v2\/users\/2"}],"replies":[{"embeddable":true,"href":"https:\/\/www.europesays.com\/fi\/wp-json\/wp\/v2\/comments?post=141379"}],"version-history":[{"count":0,"href":"https:\/\/www.europesays.com\/fi\/wp-json\/wp\/v2\/posts\/141379\/revisions"}],"wp:featuredmedia":[{"embeddable":true,"href":"https:\/\/www.europesays.com\/fi\/wp-json\/wp\/v2\/media\/141380"}],"wp:attachment":[{"href":"https:\/\/www.europesays.com\/fi\/wp-json\/wp\/v2\/media?parent=141379"}],"wp:term":[{"taxonomy":"category","embeddable":true,"href":"https:\/\/www.europesays.com\/fi\/wp-json\/wp\/v2\/categories?post=141379"},{"taxonomy":"post_tag","embeddable":true,"href":"https:\/\/www.europesays.com\/fi\/wp-json\/wp\/v2\/tags?post=141379"}],"curies":[{"name":"wp","href":"https:\/\/api.w.org\/{rel}","templated":true}]}}