{"id":141383,"date":"2026-01-13T18:26:08","date_gmt":"2026-01-13T18:26:08","guid":{"rendered":"https:\/\/www.europesays.com\/fi\/141383\/"},"modified":"2026-01-13T18:26:08","modified_gmt":"2026-01-13T18:26:08","slug":"yhdeksan-vauvaa-kuoli-venalaisessa-synnytyssairaalassa-rikostutkinta-aloitettu","status":"publish","type":"post","link":"https:\/\/www.europesays.com\/fi\/141383\/","title":{"rendered":"Yhdeks\u00e4n vauvaa kuoli ven\u00e4l\u00e4isess\u00e4 synnytyssairaalassa \u2013 rikostutkinta aloitettu"},"content":{"rendered":"<p>Novokuznetskin synnytyssairaala numero yksi on asetettu karanteeniin ja johtava l\u00e4\u00e4k\u00e4ri on siirretty syrj\u00e4\u00e4n tapausten selvitt\u00e4miseksi.<\/p>\n<p class=\"article-body mb-nof-24 px-nof-16\">Yhdeks\u00e4n vastasyntynytt\u00e4 on kuollut Novokuznetskin synnytyssairaalassa numero 1 tammikuun alun juhlap\u00e4ivien aikaan, kertoo ven\u00e4l\u00e4inen <a class=\"underline underline-offset-[0.12em] [text-decoration-thickness:var(--generic-link-underline-thickness)] [text-decoration-color:var(--generic-link-underline-color)] [text-decoration-skip-ink:var(--generic-link-underline-skip-ink)] break-words\" href=\"https:\/\/dzen.ru\/a\/aWXoGRD7VhuwQNK8?utm_source=yxnews&amp;utm_medium=mobile\" rel=\"nofollow noopener\" target=\"_blank\">uutistoimisto Tass<\/a>.<\/p>\n<p class=\"article-body mb-nof-24 px-nof-16\">Tassin mukaan kuolleiden vauvojen m\u00e4\u00e4r\u00e4ksi on vahvistettu nyt yhdeks\u00e4n, kun viel\u00e4 \u00e4skett\u00e4in puhuttiin kuudesta kuolleesta vauvasta. Kuolintapaukset ovat sattuneet yhden viikon sis\u00e4ll\u00e4.<\/p>\n<p class=\"article-body mb-nof-24 px-nof-16\">Kurbatovin nime\u00e4 kantavan <a class=\"underline underline-offset-[0.12em] [text-decoration-thickness:var(--generic-link-underline-thickness)] [text-decoration-color:var(--generic-link-underline-color)] [text-decoration-skip-ink:var(--generic-link-underline-skip-ink)] break-words\" href=\"https:\/\/dzen.ru\/a\/aWXIt3y7YHuCFlgW?ysclid=mkca9dlwm0881490167\" rel=\"nofollow noopener\" target=\"_blank\">sairaalan<\/a> synnytysosasto on suljettu nyt v\u00e4liaikaisesti. Syyksi on ilmoitettu hengitystieinfektioiden levi\u00e4misen est\u00e4minen karanteenin avulla.<\/p>\n<p class=\"article-body mb-nof-24 px-nof-16\">Vastasyntyneiden kuolemaa <a class=\"underline underline-offset-[0.12em] [text-decoration-thickness:var(--generic-link-underline-thickness)] [text-decoration-color:var(--generic-link-underline-color)] [text-decoration-skip-ink:var(--generic-link-underline-skip-ink)] break-words\" href=\"https:\/\/www.kp.ru\/daily\/27748\/5195651\/?utm_source=yxnews&amp;utm_medium=desktop&amp;utm_referrer=https%3A%2F%2Fdzen.ru%2Fnews%2Fsearch\" rel=\"nofollow noopener\" target=\"_blank\">selvittelev\u00e4t<\/a> terveys- ja kuluttajaviranomaiset sek\u00e4 tutkintaviranomaiset ja syytt\u00e4j\u00e4. Sairaalan henkil\u00f6kunnan <a class=\"underline underline-offset-[0.12em] [text-decoration-thickness:var(--generic-link-underline-thickness)] [text-decoration-color:var(--generic-link-underline-color)] [text-decoration-skip-ink:var(--generic-link-underline-skip-ink)] break-words\" href=\"https:\/\/www.fontanka.ru\/2026\/01\/13\/76212753\/?from=yanews&amp;utm_source=yxnews&amp;utm_medium=desktop&amp;utm_referrer=https%3A%2F%2Fdzen.ru%2Fnews%2Fstory%2Fe0d1574d-67b3-51e3-889e-575062abbea1\" rel=\"nofollow noopener\" target=\"_blank\">ep\u00e4ill\u00e4\u00e4n<\/a> syyllistyneen huolimattomuuteen tai velvollisuuksiensa laiminly\u00f6ntiin. <a class=\"underline underline-offset-[0.12em] [text-decoration-thickness:var(--generic-link-underline-thickness)] [text-decoration-color:var(--generic-link-underline-color)] [text-decoration-skip-ink:var(--generic-link-underline-skip-ink)] break-words\" href=\"https:\/\/vm.ru\/news\/1294419-glavvracha-bolnicy-v-roddome-kotoroj-pogibli-mladency-otstranili-ot-dolzhnosti?utm_source=yxnews&amp;utm_medium=desktop&amp;utm_referrer=https%3A%2F%2Fdzen.ru%2Fnews%2Fstory%2F9b3b2d01-b6fd-5274-924f-da32538023e6\" rel=\"nofollow noopener\" target=\"_blank\">Vetshernjaja Moskva<\/a> -lehden mukaan sairaalan johtava l\u00e4\u00e4k\u00e4ri on siirretty v\u00e4liaikaisesti syrj\u00e4\u00e4n tutkinnan ajaksi.<\/p>\n<p class=\"article-body mb-nof-24 px-nof-16\">NGS42-uutissivusto kertoo, ett\u00e4 vauvoista kolme kuoli samana p\u00e4iv\u00e4n\u00e4. Telegram-kanava Novokuznetsk 112 kertoo puolestaan, ett\u00e4 sairaalassa on ollut kaksi erillist\u00e4 p\u00e4iv\u00e4\u00e4, jolloin kumpanakin on kuollut kolme vauvaa. Vauvojen kuolinsyyt\u00e4 tutkitaan yh\u00e4.<\/p>\n<p><img decoding=\"async\" src=\"https:\/\/www.europesays.com\/fi\/wp-content\/uploads\/2026\/01\/1768328767_849_468.jpg\" alt=\"Novokuznetsk sijaitsee etel\u00e4isess\u00e4 Siperiassa.\" class=\"_Img_1rerz_1\" style=\"aspect-ratio:1.5815485996705108\" loading=\"eager\"\/><\/p>\n<p class=\"article-picture-caption\">Novokuznetsk sijaitsee etel\u00e4isess\u00e4 Siperiassa. Kuva:\u00a0TASS \/ Sipa USA \/ MVPhotos<\/p>\n<p><img decoding=\"async\" src=\"https:\/\/images.sanoma-sndp.fi\/23d308d1e3c44f11609898d87015e203.svg\" alt=\"\" class=\"_Img_1rerz_1\" style=\"aspect-ratio:1.5666666666666667\" loading=\"eager\"\/><\/p>\n<p class=\"article-body mb-nof-24 px-nof-16\">Synnytyssairaala numero 1 <a class=\"underline underline-offset-[0.12em] [text-decoration-thickness:var(--generic-link-underline-thickness)] [text-decoration-color:var(--generic-link-underline-color)] [text-decoration-skip-ink:var(--generic-link-underline-skip-ink)] break-words\" href=\"https:\/\/www.gazeta.ru\/social\/news\/2026\/01\/13\/27607153.shtml?ysclid=mkcaagu1bw751064553&amp;utm_auth=false\" rel=\"nofollow noopener\" target=\"_blank\">on ilmoittanut<\/a>, ett\u00e4 v\u00e4liaikaisen sulkemisen syyn\u00e4 on osastolla levinnyt hengitystieinfektio. Ilmoituksessaan sairaala korosti erikseen, ett\u00e4 heill\u00e4 ei ole pulaa henkil\u00f6kunnasta.<\/p>\n<p class=\"article-body mb-nof-24 px-nof-16\">\u2013 Jotkut synnytt\u00e4j\u00e4t ovat kertoneet, ett\u00e4 sairaalassa on ollut vaikea henkil\u00f6st\u00f6pula, mik\u00e4 olisi saattanut vaikuttaa vauvojen kuolemaan, Telegram-kanava Shot kertoi.<\/p>\n<p class=\"article-body mb-nof-24 px-nof-16\">Paikallisesti <a class=\"underline underline-offset-[0.12em] [text-decoration-thickness:var(--generic-link-underline-thickness)] [text-decoration-color:var(--generic-link-underline-color)] [text-decoration-skip-ink:var(--generic-link-underline-skip-ink)] break-words\" href=\"https:\/\/www.kp.ru\/daily\/27748\/5195651\/?utm_source=yxnews&amp;utm_medium=desktop&amp;utm_referrer=https%3A%2F%2Fdzen.ru%2Fnews%2Fsearch\" rel=\"nofollow noopener\" target=\"_blank\">on huhuttu<\/a>, ett\u00e4 sairaalassa olisi ty\u00f6skennellyt sairaanhoitajan teht\u00e4viss\u00e4 ep\u00e4p\u00e4tevi\u00e4 henkil\u00f6it\u00e4. Sairaalan hoitohenkil\u00f6kunnasta on liikkunut my\u00f6s v\u00e4itteit\u00e4, joiden mukaan he olisivat kohdelleet t\u00f6yke\u00e4sti ja kovakouraisesti synnytt\u00e4ji\u00e4.<\/p>\n<p class=\"article-body mb-nof-24 px-nof-16\">Novokuznetskissa uutinen vauvojen kuolemasta on otettu j\u00e4rkytyksell\u00e4 vastaan. Alue k\u00e4rsii jo muutenkin enn\u00e4tysalhaisesta syntyvyydest\u00e4.<\/p>\n<p class=\"article-body mb-nof-24 px-nof-16\">Novokuznetskissa on yli puoli miljoonaa asukasta. Kaupungissa on kaksi synnytyssairaalaa, joten nyt kaikki synnytt\u00e4j\u00e4t ohjataan viel\u00e4 avoinna olevaan kakkossairaalaan.<\/p>\n","protected":false},"excerpt":{"rendered":"Novokuznetskin synnytyssairaala numero yksi on asetettu karanteeniin ja johtava l\u00e4\u00e4k\u00e4ri on siirretty syrj\u00e4\u00e4n tapausten selvitt\u00e4miseksi. Yhdeks\u00e4n vastasyntynytt\u00e4 on&hellip;\n","protected":false},"author":2,"featured_media":141384,"comment_status":"","ping_status":"","sticky":false,"template":"","format":"standard","meta":{"footnotes":""},"categories":[14],"tags":[22,23,26,27,33,31,30,17,34,24,25,28,29,15,18,21,32,19,20,56,16,59,60,61],"class_list":{"0":"post-141383","1":"post","2":"type-post","3":"status-publish","4":"format-standard","5":"has-post-thumbnail","7":"category-ulkomaat","8":"tag-breaking-news","9":"tag-breakingnews","10":"tag-featured-news","11":"tag-featurednews","12":"tag-fi","13":"tag-finland","14":"tag-finnish","15":"tag-headlines","16":"tag-ilta-sanomat","17":"tag-latest-news","18":"tag-latestnews","19":"tag-main-news","20":"tag-mainnews","21":"tag-news","22":"tag-otsikot","23":"tag-paauutiset","24":"tag-suomi","25":"tag-top-stories","26":"tag-topstories","27":"tag-ulkomaat","28":"tag-uutiset","29":"tag-world","30":"tag-world-news","31":"tag-worldnews"},"share_on_mastodon":{"url":"https:\/\/pubeurope.com\/@fi\/115889201792494698","error":""},"_links":{"self":[{"href":"https:\/\/www.europesays.com\/fi\/wp-json\/wp\/v2\/posts\/141383","targetHints":{"allow":["GET"]}}],"collection":[{"href":"https:\/\/www.europesays.com\/fi\/wp-json\/wp\/v2\/posts"}],"about":[{"href":"https:\/\/www.europesays.com\/fi\/wp-json\/wp\/v2\/types\/post"}],"author":[{"embeddable":true,"href":"https:\/\/www.europesays.com\/fi\/wp-json\/wp\/v2\/users\/2"}],"replies":[{"embeddable":true,"href":"https:\/\/www.europesays.com\/fi\/wp-json\/wp\/v2\/comments?post=141383"}],"version-history":[{"count":0,"href":"https:\/\/www.europesays.com\/fi\/wp-json\/wp\/v2\/posts\/141383\/revisions"}],"wp:featuredmedia":[{"embeddable":true,"href":"https:\/\/www.europesays.com\/fi\/wp-json\/wp\/v2\/media\/141384"}],"wp:attachment":[{"href":"https:\/\/www.europesays.com\/fi\/wp-json\/wp\/v2\/media?parent=141383"}],"wp:term":[{"taxonomy":"category","embeddable":true,"href":"https:\/\/www.europesays.com\/fi\/wp-json\/wp\/v2\/categories?post=141383"},{"taxonomy":"post_tag","embeddable":true,"href":"https:\/\/www.europesays.com\/fi\/wp-json\/wp\/v2\/tags?post=141383"}],"curies":[{"name":"wp","href":"https:\/\/api.w.org\/{rel}","templated":true}]}}