{"id":141387,"date":"2026-01-13T18:28:06","date_gmt":"2026-01-13T18:28:06","guid":{"rendered":"https:\/\/www.europesays.com\/fi\/141387\/"},"modified":"2026-01-13T18:28:06","modified_gmt":"2026-01-13T18:28:06","slug":"canadiensin-slafkovsky-kapanen-olisi-voinut-tehda-viisi-maalia","status":"publish","type":"post","link":"https:\/\/www.europesays.com\/fi\/141387\/","title":{"rendered":"Canadiensin Slafkovsky: Kapanen olisi voinut tehd\u00e4 viisi maalia"},"content":{"rendered":"<p>Oliver Kapasesta tuli maanantaina kolmeen vuoteen ensimm\u00e4inen Montreal Canadiensin tulokas, joka tekee viisi maalia yhden kalenterikuukauden sis\u00e4\u00e4n. Canadiens voitti kotihallissaan Vancouver Canucksin maalein 6-3.<\/p>\n<p>Viimeksi parempaan on ylt\u00e4nyt Rafael Harvey-Pinard, joka teki seitsem\u00e4n maalia maaliskuussa 2023. Harvey-Pinard on sittemmin siirtynyt Pittsburgh Penguinsin organisaatioon.<\/p>\n<p>Kaikkiaan 16 osumaa iskenyt Kapanen johtaa tulokkaiden maalip\u00f6rssi\u00e4. Anaheim Ducksin Beckett Sennecke tulee kahden ja New Islandersin Matthew Schaefer nelj\u00e4n maalin p\u00e4\u00e4ss\u00e4.<\/p>\n<p>Kapasen, Juraj Slafkovskyn ja Ivan Demidovin muodostama ketju on ker\u00e4nnyt runsaasti kehuja viime viikkoina. Slafkovskyn mielest\u00e4 suomalainen olisi voinut lihottaa maalitili\u00e4\u00e4n enemm\u00e4nkin.<\/p>\n<p>\u2013 H\u00e4n olisi voinut tehd\u00e4 varmaan viisi maalia t\u00e4n\u00e4\u00e4n, Slafkovsky lohkaisi maanantaisen ottelun j\u00e4lkeen.<\/p>\n<p>\u2013 H\u00e4n liikkuu hyvin kaukalon keskustassa ja tuntuu olevan aina vapaana. Hienoa, ett\u00e4 on tuollainen kaveri samassa ketjussa, slovakialaist\u00e4hti sanoi.<\/p>\n<p>Demidov (10+29=39) johtaa tulokkaiden pistep\u00f6rssi\u00e4. Maanantaina h\u00e4nest\u00e4 tuli kymmenen viime vuoden aikana kolmas Canadiensin tulokas, joka ker\u00e4\u00e4 yhdess\u00e4 ottelussa kolme sy\u00f6tt\u00f6pistett\u00e4.<\/p>\n<p>Slafkovsky, 21, kuuluu Kapasen ja Demidovin tapaan Montrealin nuoreen kaartiin. Vuoden 2022 NHL Draftin ykk\u00f6snimi on saanut 46 ottelussa kasaan tehot 17+21=38.<\/p>\n<p>Maanantain otteluiden j\u00e4lkeen Canadiens oli Atlantic-divisioonassa kolmantena.<\/p>\n","protected":false},"excerpt":{"rendered":"Oliver Kapasesta tuli maanantaina kolmeen vuoteen ensimm\u00e4inen Montreal Canadiensin tulokas, joka tekee viisi maalia yhden kalenterikuukauden sis\u00e4\u00e4n. Canadiens&hellip;\n","protected":false},"author":2,"featured_media":141388,"comment_status":"","ping_status":"","sticky":false,"template":"","format":"standard","meta":{"footnotes":""},"categories":[5],"tags":[22,23,26,27,33,31,30,17,24,25,28,29,15,18,21,32,19,20,16],"class_list":{"0":"post-141387","1":"post","2":"type-post","3":"status-publish","4":"format-standard","5":"has-post-thumbnail","7":"category-otsikot","8":"tag-breaking-news","9":"tag-breakingnews","10":"tag-featured-news","11":"tag-featurednews","12":"tag-fi","13":"tag-finland","14":"tag-finnish","15":"tag-headlines","16":"tag-latest-news","17":"tag-latestnews","18":"tag-main-news","19":"tag-mainnews","20":"tag-news","21":"tag-otsikot","22":"tag-paauutiset","23":"tag-suomi","24":"tag-top-stories","25":"tag-topstories","26":"tag-uutiset"},"share_on_mastodon":{"url":"https:\/\/pubeurope.com\/@fi\/115889209533409891","error":""},"_links":{"self":[{"href":"https:\/\/www.europesays.com\/fi\/wp-json\/wp\/v2\/posts\/141387","targetHints":{"allow":["GET"]}}],"collection":[{"href":"https:\/\/www.europesays.com\/fi\/wp-json\/wp\/v2\/posts"}],"about":[{"href":"https:\/\/www.europesays.com\/fi\/wp-json\/wp\/v2\/types\/post"}],"author":[{"embeddable":true,"href":"https:\/\/www.europesays.com\/fi\/wp-json\/wp\/v2\/users\/2"}],"replies":[{"embeddable":true,"href":"https:\/\/www.europesays.com\/fi\/wp-json\/wp\/v2\/comments?post=141387"}],"version-history":[{"count":0,"href":"https:\/\/www.europesays.com\/fi\/wp-json\/wp\/v2\/posts\/141387\/revisions"}],"wp:featuredmedia":[{"embeddable":true,"href":"https:\/\/www.europesays.com\/fi\/wp-json\/wp\/v2\/media\/141388"}],"wp:attachment":[{"href":"https:\/\/www.europesays.com\/fi\/wp-json\/wp\/v2\/media?parent=141387"}],"wp:term":[{"taxonomy":"category","embeddable":true,"href":"https:\/\/www.europesays.com\/fi\/wp-json\/wp\/v2\/categories?post=141387"},{"taxonomy":"post_tag","embeddable":true,"href":"https:\/\/www.europesays.com\/fi\/wp-json\/wp\/v2\/tags?post=141387"}],"curies":[{"name":"wp","href":"https:\/\/api.w.org\/{rel}","templated":true}]}}