{"id":141393,"date":"2026-01-13T18:47:08","date_gmt":"2026-01-13T18:47:08","guid":{"rendered":"https:\/\/www.europesays.com\/fi\/141393\/"},"modified":"2026-01-13T18:47:08","modified_gmt":"2026-01-13T18:47:08","slug":"pori-sai-jaapallon-mm-kisat-kiristyksella-ruotsi-taipui-suomalaisten-tahtoon","status":"publish","type":"post","link":"https:\/\/www.europesays.com\/fi\/141393\/","title":{"rendered":"Pori sai j\u00e4\u00e4pallon MM-kisat \u201dkiristyksell\u00e4\u201d \u2013 Ruotsi taipui suomalaisten tahtoon"},"content":{"rendered":"<p>Suomessa j\u00e4rjestet\u00e4\u00e4n j\u00e4\u00e4pallon MM-kisat ensimm\u00e4ist\u00e4 kertaa sitten vuoden 2001.<\/p>\n<p><img decoding=\"async\" class=\"image image-show image-preview\" src=\"https:\/\/www.europesays.com\/fi\/wp-content\/uploads\/2026\/01\/92da0957dc3f7324c769224a01bbf97d47e25b9ea9f8b11e2a5ea13321e0eded.jpg\" alt=\"\"\/><img decoding=\"async\" class=\"image image-show\" src=\"https:\/\/www.europesays.com\/fi\/wp-content\/uploads\/2026\/01\/1768330028_881_92da0957dc3f7324c769224a01bbf97d47e25b9ea9f8b11e2a5ea13321e0eded.jpg\" alt=\"\"\/><\/p>\n<p> Suomessa j\u00e4rjestet\u00e4\u00e4n ensimm\u00e4iset j\u00e4\u00e4pallon MM-kisat 25 vuoteen. Harriet Kallio \/ Suomen j\u00e4\u00e4palloliitto<\/p>\n<p class=\"paragraph\">J\u00e4\u00e4palloliiton nykyisen puheenjohtajan ja maajoukkueen aikaisemman p\u00e4\u00e4valmentajan <strong>Antti Parviaisen<\/strong> mukaan Porin MM-kisojen budjetti on vajaat 400\u00a0000 euroa.<\/p>\n<p class=\"paragraph\">\u2013 Kansainv\u00e4linen j\u00e4\u00e4palloliitto ei maksa k\u00e4yt\u00e4nn\u00f6ss\u00e4 mit\u00e4\u00e4n, vaan ottaa vain tuloja. Joukkueet maksavat itse majoituksensa ja ruokailunsa. J\u00e4rjest\u00e4j\u00e4 vastaa k\u00e4yt\u00e4nn\u00f6ss\u00e4 kaikesta muusta, Parviainen kertoo.<\/p>\n<p class=\"paragraph\">Vapaaehtoisia MM-kisoissa ty\u00f6skentelee noin 150 ihmist\u00e4. P\u00e4\u00e4toimisia ei ole yht\u00e4\u00e4n.<\/p>\n<p class=\"paragraph\">MM-kisojen piti alun perin olla j\u00e4lleen kerran Ruotsissa, mutta Suomen uhkavaatimus muutti ajatukset l\u00e4nsinaapurissa.<\/p>\n<p class=\"paragraph\">\u2013 Suomi ilmoitti, ettemme tule kolmatta kertaa per\u00e4kk\u00e4in Ruotsiin MM-kisoihin. Ruotsin p\u00e4\u00e4t\u00f6st\u00e4 luopua MM-kisoista helpotti sitten se, ett\u00e4 kisapaikkakuntia siell\u00e4 ei oltu viel\u00e4 ehditty nimet\u00e4. Porissa valmistelut alkoivat huhtikuussa.<\/p>\n<p>M\u00e4\u00e4t\u00e4n veljesten kohtalo<\/p>\n<p>Tuomas M\u00e4\u00e4tt\u00e4 on yksi maailman parhaista j\u00e4\u00e4pallon pelaajista, mutta Suomen maajoukkueessa h\u00e4nt\u00e4 ei ole n\u00e4hty vuosiin. Kuva vuodelta 2019. EPA \/AOP<\/p>\n<p class=\"paragraph\">Viimeksi ulkoj\u00e4ill\u00e4 on pelattu MM-kisoja 2014 Ven\u00e4j\u00e4n Siperiassa Irkutskissa. Suomessa MM-kisat ovat viimeksi olleet vuonna 2001, jolloin kisapaikkoina olivat Oulu ja Tornio, jonka pelit pelattiin oikeasti kuitenkin Ruotsin puolella Haaparannassa.<\/p>\n<p class=\"paragraph\">MM-kisojen aiemmista mitalimaista Porista puuttuu Kazakstan ja tietysti Ven\u00e4j\u00e4. Mukana ovat Suomen ja Ruotsin sek\u00e4 Norjan lis\u00e4ksi Unkari, Yhdysvallat ja Hollanti.<\/p>\n<p class=\"paragraph\">\u2013 Kazakstanin poissaolon syy on yksinkertaisesti Ven\u00e4j\u00e4, joka on maksanut k\u00e4yt\u00e4nn\u00f6ss\u00e4 heid\u00e4n osanottonsa. He ovat sivussa omasta tahdostaan, Parviainen sanoo.<\/p>\n<p class=\"paragraph\">Unkari on eksoottisin osallistuja Porissa, mutta puheenjohtaja Parviaisen mukaan Budapestissa on itse asiassa Euroopan vanhin tekoj\u00e4\u00e4rata turistikohde Vapaudenaukion v\u00e4litt\u00f6m\u00e4ss\u00e4 l\u00e4heisyydess\u00e4.<\/p>\n<p class=\"paragraph\">Parviainen vahvistaa, ett\u00e4 Ven\u00e4j\u00e4ll\u00e4 pelaavat <strong>Tommi<\/strong> ja <strong>Tuomas M\u00e4\u00e4tt\u00e4<\/strong> ovat MM-joukkueesta poissa vuosi kerrallaan. Tuomas M\u00e4\u00e4tt\u00e4 on yksi maailman parhaista pelaajista.<\/p>\n<p class=\"paragraph\">\u2013 Heid\u00e4n kohdallaan p\u00e4\u00e4t\u00f6s tehd\u00e4\u00e4n joka kisoihin erikseen. Ja heid\u00e4n veljens\u00e4, Ruotsissa pelaava <strong>Teemu M\u00e4\u00e4tt\u00e4<\/strong> on totta kai eri tapaus. Koko perhe ei ole tietenk\u00e4\u00e4n pannassa.<\/p>\n<p>Ministeri saapuu<\/p>\n<p>Mika Poutala (kd) on kunta-, urheilu- ja nuorisoministeri. Pasi Liesimaa<\/p>\n<p class=\"paragraph\">MM-kisoissa ovat mukana my\u00f6s naiset, joiden mestaruudesta pelaavat Suomi, Ruotsi, Norja ja Yhdysvallat.<\/p>\n<p class=\"paragraph\">Suomen naisten liigassa on vain kolme joukkuetta: Porvoosta, Lappeenrannasta ja yhdistelm\u00e4joukkue Helsingist\u00e4 ja Mikkelist\u00e4. Yhdistelm\u00e4joukkueessa on apuja my\u00f6s Ruotsin Kalixista.<\/p>\n<p class=\"paragraph\">Suomessa ei ole edelleenk\u00e4\u00e4n j\u00e4\u00e4pallohallia, mutta Parviaisen mukaan oli aikoinaan todella l\u00e4hell\u00e4, ett\u00e4 hallihanke olisi toteutunut Lappeenrannassa.<\/p>\n<p class=\"paragraph\">Urheiluministeri <strong>Mika Poutala<\/strong> on tulossa MM-kisoihin paikalle, joten Parviaisella on taas hyv\u00e4 paikka lobata hallihankkeisiin valtionkin rahaa.<\/p>\n<p class=\"paragraph\">\u2013 Koko j\u00e4\u00e4urheilu kaipaisi Suomeen uusia suurhalleja, my\u00f6s j\u00e4\u00e4kiekko. Sein\u00e4joki on kattamassa tekoj\u00e4\u00e4t\u00e4\u00e4n, mutta se matalana hallina ei palvelisi j\u00e4\u00e4palloa valitettavasti, Parviainen toteaa.<\/p>\n<p class=\"paragraph\">Nelinkertaisen olympiavoittajan <strong>Lasse Vir\u00e9nin<\/strong> pojanpoikakin <strong>Edvin Vir\u00e9n<\/strong> pelaa j\u00e4\u00e4palloa Porvoon Akilleksen edustusjoukkueessa, joten ehk\u00e4p\u00e4 menestysgeenit siirtyv\u00e4t Myrskyl\u00e4n miehilt\u00e4 jossain vaiheessa j\u00e4\u00e4palloon.<\/p>\n","protected":false},"excerpt":{"rendered":"Suomessa j\u00e4rjestet\u00e4\u00e4n j\u00e4\u00e4pallon MM-kisat ensimm\u00e4ist\u00e4 kertaa sitten vuoden 2001. Suomessa j\u00e4rjestet\u00e4\u00e4n ensimm\u00e4iset j\u00e4\u00e4pallon MM-kisat 25 vuoteen. Harriet Kallio&hellip;\n","protected":false},"author":2,"featured_media":141394,"comment_status":"","ping_status":"","sticky":false,"template":"","format":"standard","meta":{"footnotes":""},"categories":[158],"tags":[35,1274,33,31,30,1143,41,159,32,1145,160,161],"class_list":{"0":"post-141393","1":"post","2":"type-post","3":"status-publish","4":"format-standard","5":"has-post-thumbnail","7":"category-urheilu","8":"tag-24h","9":"tag-ammattiurheilu","10":"tag-fi","11":"tag-finland","12":"tag-finnish","13":"tag-jaakiekko","14":"tag-liikunta-ja-urheilu","15":"tag-sports","16":"tag-suomi","17":"tag-talviurheilu","18":"tag-urheilu","19":"tag-urheilutapahtumat"},"share_on_mastodon":{"url":"https:\/\/pubeurope.com\/@fi\/115889284418483214","error":""},"_links":{"self":[{"href":"https:\/\/www.europesays.com\/fi\/wp-json\/wp\/v2\/posts\/141393","targetHints":{"allow":["GET"]}}],"collection":[{"href":"https:\/\/www.europesays.com\/fi\/wp-json\/wp\/v2\/posts"}],"about":[{"href":"https:\/\/www.europesays.com\/fi\/wp-json\/wp\/v2\/types\/post"}],"author":[{"embeddable":true,"href":"https:\/\/www.europesays.com\/fi\/wp-json\/wp\/v2\/users\/2"}],"replies":[{"embeddable":true,"href":"https:\/\/www.europesays.com\/fi\/wp-json\/wp\/v2\/comments?post=141393"}],"version-history":[{"count":0,"href":"https:\/\/www.europesays.com\/fi\/wp-json\/wp\/v2\/posts\/141393\/revisions"}],"wp:featuredmedia":[{"embeddable":true,"href":"https:\/\/www.europesays.com\/fi\/wp-json\/wp\/v2\/media\/141394"}],"wp:attachment":[{"href":"https:\/\/www.europesays.com\/fi\/wp-json\/wp\/v2\/media?parent=141393"}],"wp:term":[{"taxonomy":"category","embeddable":true,"href":"https:\/\/www.europesays.com\/fi\/wp-json\/wp\/v2\/categories?post=141393"},{"taxonomy":"post_tag","embeddable":true,"href":"https:\/\/www.europesays.com\/fi\/wp-json\/wp\/v2\/tags?post=141393"}],"curies":[{"name":"wp","href":"https:\/\/api.w.org\/{rel}","templated":true}]}}