{"id":141398,"date":"2026-01-13T18:51:07","date_gmt":"2026-01-13T18:51:07","guid":{"rendered":"https:\/\/www.europesays.com\/fi\/141398\/"},"modified":"2026-01-13T18:51:07","modified_gmt":"2026-01-13T18:51:07","slug":"kaupunginhallitus-lisasi-valituskirjelmaan-konkretiaa-keuruu-valittaa-vuodeosaston-lakkauttamispaatoksesta-hallinto-oikeuteen","status":"publish","type":"post","link":"https:\/\/www.europesays.com\/fi\/141398\/","title":{"rendered":"Kaupunginhallitus lis\u00e4si valituskirjelm\u00e4\u00e4n konkretiaa\u00a0\u2013\u00a0Keuruu valittaa vuodeosaston lakkauttamisp\u00e4\u00e4t\u00f6ksest\u00e4 hallinto-oikeuteen"},"content":{"rendered":"<p>Kaupunginhallituksen maanantaina hyv\u00e4ksym\u00e4ss\u00e4 valituskirjelm\u00e4ss\u00e4 p\u00e4\u00e4t\u00f6ksen katsotaan syntyneen puutteellisin selvityksin ja rikkovan useiden lakien vaatimuksia ja velvoitteita.<\/p>\n<p class=\"article-body mb-nof-24 px-nof-16\">Keuruun kaupunki valittaa hallinto-oikeuteen Keski-Suomen hyvinvointialueen aluevaltuuston joulukuisesta palveluverkkop\u00e4\u00e4t\u00f6ksest\u00e4.<\/p>\n<p class=\"article-body mb-nof-24 px-nof-16\">Aluevaltuusto p\u00e4\u00e4tti 9. joulukuuta osana sosiaali- ja terveydenhuollon palveluverkkop\u00e4\u00e4t\u00f6st\u00e4\u00e4n muun muassa lakkauttaa vuodeosaston Keuruun terveysasemalta sek\u00e4 terveyspalvelut kokonaisuudessaan Multialta.<\/p>\n","protected":false},"excerpt":{"rendered":"Kaupunginhallituksen maanantaina hyv\u00e4ksym\u00e4ss\u00e4 valituskirjelm\u00e4ss\u00e4 p\u00e4\u00e4t\u00f6ksen katsotaan syntyneen puutteellisin selvityksin ja rikkovan useiden lakien vaatimuksia ja velvoitteita. Keuruun kaupunki&hellip;\n","protected":false},"author":2,"featured_media":141399,"comment_status":"","ping_status":"","sticky":false,"template":"","format":"standard","meta":{"footnotes":""},"categories":[76],"tags":[79,77,33,31,30,32,171,78],"class_list":{"0":"post-141398","1":"post","2":"type-post","3":"status-publish","4":"format-standard","5":"has-post-thumbnail","7":"category-talous","8":"tag-business","9":"tag-economy","10":"tag-fi","11":"tag-finland","12":"tag-finnish","13":"tag-suomi","14":"tag-suur-keuruu","15":"tag-talous"},"share_on_mastodon":{"url":"https:\/\/pubeurope.com\/@fi\/115889300046788419","error":""},"_links":{"self":[{"href":"https:\/\/www.europesays.com\/fi\/wp-json\/wp\/v2\/posts\/141398","targetHints":{"allow":["GET"]}}],"collection":[{"href":"https:\/\/www.europesays.com\/fi\/wp-json\/wp\/v2\/posts"}],"about":[{"href":"https:\/\/www.europesays.com\/fi\/wp-json\/wp\/v2\/types\/post"}],"author":[{"embeddable":true,"href":"https:\/\/www.europesays.com\/fi\/wp-json\/wp\/v2\/users\/2"}],"replies":[{"embeddable":true,"href":"https:\/\/www.europesays.com\/fi\/wp-json\/wp\/v2\/comments?post=141398"}],"version-history":[{"count":0,"href":"https:\/\/www.europesays.com\/fi\/wp-json\/wp\/v2\/posts\/141398\/revisions"}],"wp:featuredmedia":[{"embeddable":true,"href":"https:\/\/www.europesays.com\/fi\/wp-json\/wp\/v2\/media\/141399"}],"wp:attachment":[{"href":"https:\/\/www.europesays.com\/fi\/wp-json\/wp\/v2\/media?parent=141398"}],"wp:term":[{"taxonomy":"category","embeddable":true,"href":"https:\/\/www.europesays.com\/fi\/wp-json\/wp\/v2\/categories?post=141398"},{"taxonomy":"post_tag","embeddable":true,"href":"https:\/\/www.europesays.com\/fi\/wp-json\/wp\/v2\/tags?post=141398"}],"curies":[{"name":"wp","href":"https:\/\/api.w.org\/{rel}","templated":true}]}}