{"id":141400,"date":"2026-01-13T18:52:06","date_gmt":"2026-01-13T18:52:06","guid":{"rendered":"https:\/\/www.europesays.com\/fi\/141400\/"},"modified":"2026-01-13T18:52:06","modified_gmt":"2026-01-13T18:52:06","slug":"vg-tyomaalta-loytyi-kasa-kateista-rahaa-norjassa","status":"publish","type":"post","link":"https:\/\/www.europesays.com\/fi\/141400\/","title":{"rendered":"VG: Ty\u00f6maalta l\u00f6ytyi kasa k\u00e4teist\u00e4 rahaa Norjassa"},"content":{"rendered":"<p>Poliisi tutkii ihmisi\u00e4, joilla on ollut yhteyksi\u00e4 paikalla aiemmin olleeseen taloon.<\/p>\n<p class=\"article-body mb-nof-24 px-nof-16\">Rakennusty\u00f6maalta Norjan Stavangerissa l\u00f6ytyi merkitt\u00e4v\u00e4 m\u00e4\u00e4r\u00e4 k\u00e4teist\u00e4 rahaa, <a class=\"underline underline-offset-[0.12em] [text-decoration-thickness:var(--generic-link-underline-thickness)] [text-decoration-color:var(--generic-link-underline-color)] [text-decoration-skip-ink:var(--generic-link-underline-skip-ink)] break-words\" href=\"https:\/\/www.vg.no\/nyheter\/i\/m0B5wv\/politiet-fant-en-million-kroner-paa-samme-adresse-som-pengesekken\" rel=\"nofollow noopener\" target=\"_blank\">kertoo<\/a> VG. Poliisin mukaan kyseess\u00e4 voi olla satojentuhansien arvoinen l\u00f6yt\u00f6.<\/p>\n<p class=\"article-body mb-nof-24 px-nof-16\">\u2013 Kuulustelemme ihmisi\u00e4, joilla on ollut yhteyksi\u00e4 taloon, joka paikalla oli aiemmin, poliisiasianajaja <a class=\"font-bold underline-offset-[0.12em] [text-decoration:var(--person-link-text-decoration)] ![text-decoration-color:var(--person-link-text-decoration-color)]\" href=\"https:\/\/www.is.fi\/haku\/?query=Linn%20Ravndal\" rel=\"nofollow noopener\" target=\"_blank\">Linn Ravndal<\/a> kertoo VG:lle.<\/p>\n<p class=\"article-body mb-nof-24 px-nof-16\">Aiemmin Norjassa spekuloitiin, ett\u00e4 rahat saattaisivat liitty\u00e4 vuonna 2004 tapahtuneeseen Nokas-arvokuljetusyhti\u00f6n ry\u00f6st\u00f6\u00f6n, joka on yksi Norjan historian suurimmista. Poliisi on kiist\u00e4nyt rahojen yhteyden Nokas-ry\u00f6st\u00f6\u00f6n.<\/p>\n<p class=\"article-body mb-nof-24 px-nof-16\">L\u00f6yt\u00f6 on erityisen mielenkiintoinen, koska kyseiselt\u00e4 tontilta on l\u00f6ytynyt aiemminkin suuria summia k\u00e4teist\u00e4, paikallinen Stavanger Aftenblad <a class=\"underline underline-offset-[0.12em] [text-decoration-thickness:var(--generic-link-underline-thickness)] [text-decoration-color:var(--generic-link-underline-color)] [text-decoration-skip-ink:var(--generic-link-underline-skip-ink)] break-words\" href=\"https:\/\/www.aftenbladet.no\/lokalt\/i\/OkQkPE\/oalsgata-politiet-fant-1-million-i-kontanter-i-2004-og-2013\" rel=\"nofollow noopener\" target=\"_blank\">kertoo<\/a>. Vuosina 2004 ja 2013 tontilta l\u00f6ytyi yhteens\u00e4 miljoona kruunua eli noin 85\u202f000 euroa.<\/p>\n<p class=\"article-body mb-nof-24 px-nof-16\">Vuonna 2004 poliisi l\u00f6ysi 533\u202f000 kruunua. Vuonna 2013 tontilta l\u00f6ytyi 429\u202f000 kruunua ja 2\u202f000 euroa.<\/p>\n<p class=\"article-body mb-nof-24 px-nof-16\">Lehden mukaan talon entinen asukas oli tuomittu t\u00f6rkeist\u00e4 ry\u00f6st\u00f6ist\u00e4. Ex-asukas kuoli vuonna 2017.<\/p>\n<p class=\"article-body mb-nof-24 px-nof-16\">VG:n mukaan miehell\u00e4 ei ollut tuloja, mutta h\u00e4n oli tallettanut s\u00e4\u00e4nn\u00f6llisesti tililleen suuria summia. Oikeuden p\u00f6yt\u00e4kirjoista selvi\u00e4\u00e4, ett\u00e4 mies oli hankkinut rahat laittomin keinoin.<\/p>\n<p class=\"article-body mb-nof-24 px-nof-16\">\u2013 Tavallaan en yll\u00e4ttynyt, ett\u00e4 rahat l\u00f6ytyiv\u00e4t talolta, miehen sukulainen sanoo Stavanger Aftenbladetille.<\/p>\n","protected":false},"excerpt":{"rendered":"Poliisi tutkii ihmisi\u00e4, joilla on ollut yhteyksi\u00e4 paikalla aiemmin olleeseen taloon. Rakennusty\u00f6maalta Norjan Stavangerissa l\u00f6ytyi merkitt\u00e4v\u00e4 m\u00e4\u00e4r\u00e4 k\u00e4teist\u00e4&hellip;\n","protected":false},"author":2,"featured_media":141401,"comment_status":"","ping_status":"","sticky":false,"template":"","format":"standard","meta":{"footnotes":""},"categories":[14],"tags":[22,23,26,27,33,31,30,17,34,24,25,28,29,15,18,21,32,19,20,56,16,59,60,61],"class_list":{"0":"post-141400","1":"post","2":"type-post","3":"status-publish","4":"format-standard","5":"has-post-thumbnail","7":"category-ulkomaat","8":"tag-breaking-news","9":"tag-breakingnews","10":"tag-featured-news","11":"tag-featurednews","12":"tag-fi","13":"tag-finland","14":"tag-finnish","15":"tag-headlines","16":"tag-ilta-sanomat","17":"tag-latest-news","18":"tag-latestnews","19":"tag-main-news","20":"tag-mainnews","21":"tag-news","22":"tag-otsikot","23":"tag-paauutiset","24":"tag-suomi","25":"tag-top-stories","26":"tag-topstories","27":"tag-ulkomaat","28":"tag-uutiset","29":"tag-world","30":"tag-world-news","31":"tag-worldnews"},"share_on_mastodon":{"url":"https:\/\/pubeurope.com\/@fi\/115889303972814187","error":""},"_links":{"self":[{"href":"https:\/\/www.europesays.com\/fi\/wp-json\/wp\/v2\/posts\/141400","targetHints":{"allow":["GET"]}}],"collection":[{"href":"https:\/\/www.europesays.com\/fi\/wp-json\/wp\/v2\/posts"}],"about":[{"href":"https:\/\/www.europesays.com\/fi\/wp-json\/wp\/v2\/types\/post"}],"author":[{"embeddable":true,"href":"https:\/\/www.europesays.com\/fi\/wp-json\/wp\/v2\/users\/2"}],"replies":[{"embeddable":true,"href":"https:\/\/www.europesays.com\/fi\/wp-json\/wp\/v2\/comments?post=141400"}],"version-history":[{"count":0,"href":"https:\/\/www.europesays.com\/fi\/wp-json\/wp\/v2\/posts\/141400\/revisions"}],"wp:featuredmedia":[{"embeddable":true,"href":"https:\/\/www.europesays.com\/fi\/wp-json\/wp\/v2\/media\/141401"}],"wp:attachment":[{"href":"https:\/\/www.europesays.com\/fi\/wp-json\/wp\/v2\/media?parent=141400"}],"wp:term":[{"taxonomy":"category","embeddable":true,"href":"https:\/\/www.europesays.com\/fi\/wp-json\/wp\/v2\/categories?post=141400"},{"taxonomy":"post_tag","embeddable":true,"href":"https:\/\/www.europesays.com\/fi\/wp-json\/wp\/v2\/tags?post=141400"}],"curies":[{"name":"wp","href":"https:\/\/api.w.org\/{rel}","templated":true}]}}