{"id":141404,"date":"2026-01-13T18:54:07","date_gmt":"2026-01-13T18:54:07","guid":{"rendered":"https:\/\/www.europesays.com\/fi\/141404\/"},"modified":"2026-01-13T18:54:07","modified_gmt":"2026-01-13T18:54:07","slug":"nain-vaestoosuudet-ovat-muuttuneet-helsingissa-vuosaari-ja-ullanlinna-aaripaissa","status":"publish","type":"post","link":"https:\/\/www.europesays.com\/fi\/141404\/","title":{"rendered":"N\u00e4in v\u00e4est\u00f6osuudet ovat muuttuneet Helsingiss\u00e4 \u2013 Vuosaari ja Ullanlinna \u00e4\u00e4rip\u00e4iss\u00e4"},"content":{"rendered":"<p class=\"ai-optimize-7 ai-optimize-introduction\">Helsingiss\u00e4 maahanmuuttajataustaisen v\u00e4est\u00f6n osuus on eritt\u00e4in suuri esimerkiksi Vuosaaressa, kun taas esimerkiksi Ullanlinnassa ja Pakilassa osuus j\u00e4\u00e4 hyvin pieneksi, <a href=\"https:\/\/www.suomenperusta.fi\/julkaisu\/lahioluvut-fi-maahanmuuton-aluekohtaiset-tilastotiedot-paakaupunkiseudulla\/\" target=\"_blank\" rel=\"noopener nofollow\">selvi\u00e4\u00e4<\/a> Suomen Perusta -ajatuspajan tuoreesta tutkimuksesta.<\/p>\n<p class=\"ai-optimize-7 ai-optimize-introduction\">Tilastotieteilij\u00e4 <strong>Samuli Salmisen<\/strong> tutkimus \u201dMaahanmuuton aluekohtaiset tilastotiedot p\u00e4\u00e4kaupunkiseudulla\u201d kertoo Tilastokeskuksen rekisteriaineistojen pohjalta maahanmuuton sosioekonomisista avainluvuista p\u00e4\u00e4kaupunkiseudulla.<\/p>\n<p class=\"ai-optimize-7 ai-optimize-introduction\">Tutkimuksessa esitet\u00e4\u00e4n muun muassa esimerkkej\u00e4 v\u00e4est\u00f6osuuksien kehittymisest\u00e4 eri alueilla Helsingiss\u00e4, Espoossa ja Vantaalla.<\/p>\n<p class=\"ai-optimize-7 ai-optimize-introduction\">Jokaisen n\u00e4iden kaupungin osalta esitet\u00e4\u00e4n \u201d\u00e4\u00e4rimm\u00e4isi\u00e4\u201d aluekohtaisia esimerkkej\u00e4 siit\u00e4, kuinka maahanmuuttajataustaisten henkil\u00f6iden osuus on kehittynyt n\u00e4ill\u00e4 alueilla.<\/p>\n<p class=\"ai-optimize-7 ai-optimize-introduction\">\u201d\u00c4\u00e4rimm\u00e4isill\u00e4\u201d tarkoitetaan sit\u00e4, ett\u00e4 n\u00e4iden kaupunkien alueista esitet\u00e4\u00e4n yht\u00e4\u00e4lt\u00e4 esimerkkej\u00e4, joissa maahanmuuttajataustaisten henkil\u00f6iden osuus on noussut nopeimmin ja toisaalta esimerkkej\u00e4 alueista, joissa maahanmuuttajataustaisten henkil\u00f6iden osuus on noussut v\u00e4hiten vuosina 1990\u20132023.<\/p>\n<p class=\"ai-optimize-7 ai-optimize-introduction\">Helsingiss\u00e4 \u00e4\u00e4riesimerkkein\u00e4 toimivat esimerkiksi Tehtaankadun koulun oppilaaksiottoalue (Kaivopuiston, Ullanlinnan ja Eiran kaupunginosat) ja Merilahden koulun oppilaaksiottoalue (Vuosaaren kaupunginosa).<\/p>\n<p class=\"ai-optimize-7 ai-optimize-introduction\">\u2013 Kun Merilahden koulun alueella ulkomaalaistaustaisten alle 16-vuotaiden osuus on noussut vuoden 1990 noin 5 prosentista vuoden 2023 yli 60 prosenttiin \u2013 eli osuus on 12-kertaistunut 30 vuodessa \u2013 Tehtaankadun koulun alueella osuus on pysynyt alle 10 prosentissa koko ajanjakson 1990\u20132023 ajan, tutkimuksessa todetaan.<\/p>\n<p class=\"ai-optimize-7 ai-optimize-introduction\">\u2013 Kun vuosina 1990 ja 1991 Tehtaankadun koulun alueella ulkomaalaistaustaisia oli jopa enemm\u00e4n kuin Merilahden alueella, niin vuonna 2023 osuus on noin 10-kertainen Merilahden koulun alueella kuin Tehtaankadun koulun alueella.<\/p>\n<p class=\"ai-optimize-7 ai-optimize-introduction\">Tehtaankadun koulun kaltainen \u00e4\u00e4riesimerkki siit\u00e4, miten maahanmuuttajataustaisten osuus on pysynyt hyvin pienen\u00e4 alueen (alle 16-vuotiaasta) v\u00e4est\u00f6st\u00e4, on Pakilan koulun oppilaaksiottoalue.<\/p>\n<p class=\"ai-optimize-7 ai-optimize-introduction\">\u2013 Vuonna 2023 alueen alle 16-vuotiaista ulkomaalaistaustaisia oli vain 3,2 prosenttia (koko Helsingiss\u00e4 osuus oli 25,0 prosenttia), eli v\u00e4hemm\u00e4n kuin 1\/25, tutkimus kertoo.<\/p>\n","protected":false},"excerpt":{"rendered":"Helsingiss\u00e4 maahanmuuttajataustaisen v\u00e4est\u00f6n osuus on eritt\u00e4in suuri esimerkiksi Vuosaaressa, kun taas esimerkiksi Ullanlinnassa ja Pakilassa osuus j\u00e4\u00e4 hyvin&hellip;\n","protected":false},"author":2,"featured_media":141405,"comment_status":"","ping_status":"","sticky":false,"template":"","format":"standard","meta":{"footnotes":""},"categories":[5],"tags":[22,23,26,27,33,31,30,17,71,24,25,3244,28,29,15,18,21,32,19,20,16],"class_list":{"0":"post-141404","1":"post","2":"type-post","3":"status-publish","4":"format-standard","5":"has-post-thumbnail","7":"category-otsikot","8":"tag-breaking-news","9":"tag-breakingnews","10":"tag-featured-news","11":"tag-featurednews","12":"tag-fi","13":"tag-finland","14":"tag-finnish","15":"tag-headlines","16":"tag-kotimaa","17":"tag-latest-news","18":"tag-latestnews","19":"tag-maahanmuutto","20":"tag-main-news","21":"tag-mainnews","22":"tag-news","23":"tag-otsikot","24":"tag-paauutiset","25":"tag-suomi","26":"tag-top-stories","27":"tag-topstories","28":"tag-uutiset"},"share_on_mastodon":{"url":"https:\/\/pubeurope.com\/@fi\/115889311876153756","error":""},"_links":{"self":[{"href":"https:\/\/www.europesays.com\/fi\/wp-json\/wp\/v2\/posts\/141404","targetHints":{"allow":["GET"]}}],"collection":[{"href":"https:\/\/www.europesays.com\/fi\/wp-json\/wp\/v2\/posts"}],"about":[{"href":"https:\/\/www.europesays.com\/fi\/wp-json\/wp\/v2\/types\/post"}],"author":[{"embeddable":true,"href":"https:\/\/www.europesays.com\/fi\/wp-json\/wp\/v2\/users\/2"}],"replies":[{"embeddable":true,"href":"https:\/\/www.europesays.com\/fi\/wp-json\/wp\/v2\/comments?post=141404"}],"version-history":[{"count":0,"href":"https:\/\/www.europesays.com\/fi\/wp-json\/wp\/v2\/posts\/141404\/revisions"}],"wp:featuredmedia":[{"embeddable":true,"href":"https:\/\/www.europesays.com\/fi\/wp-json\/wp\/v2\/media\/141405"}],"wp:attachment":[{"href":"https:\/\/www.europesays.com\/fi\/wp-json\/wp\/v2\/media?parent=141404"}],"wp:term":[{"taxonomy":"category","embeddable":true,"href":"https:\/\/www.europesays.com\/fi\/wp-json\/wp\/v2\/categories?post=141404"},{"taxonomy":"post_tag","embeddable":true,"href":"https:\/\/www.europesays.com\/fi\/wp-json\/wp\/v2\/tags?post=141404"}],"curies":[{"name":"wp","href":"https:\/\/api.w.org\/{rel}","templated":true}]}}