{"id":141406,"date":"2026-01-13T18:55:08","date_gmt":"2026-01-13T18:55:08","guid":{"rendered":"https:\/\/www.europesays.com\/fi\/141406\/"},"modified":"2026-01-13T18:55:08","modified_gmt":"2026-01-13T18:55:08","slug":"samin-ikkunaan-lensi-kanahaukka-ilta-sanomat","status":"publish","type":"post","link":"https:\/\/www.europesays.com\/fi\/141406\/","title":{"rendered":"Samin ikkunaan lensi kanahaukka &#8211; Ilta-Sanomat"},"content":{"rendered":"<p>Ikaalisissa asuvan Sami Kairiston, 55, ikkunaan ilmestyi odottamaton vieras.<\/p>\n<p class=\"article-body mb-nof-24 px-nof-16\">Pirkanmaan Ikaalisissa asuva <a class=\"font-bold underline-offset-[0.12em] [text-decoration:var(--person-link-text-decoration)] ![text-decoration-color:var(--person-link-text-decoration-color)]\" href=\"https:\/\/www.is.fi\/haku\/?query=Sami%20Kairisto\" rel=\"nofollow noopener\" target=\"_blank\">Sami Kairisto<\/a>, 55, oli katselemassa televisiota, kun ikkunaan rys\u00e4hti.<\/p>\n<p class=\"article-body mb-nof-24 px-nof-16\">\u2013 Ehdin n\u00e4hd\u00e4 vain tumman v\u00e4l\u00e4yksen, Kairisto kertoo.<\/p>\n<p class=\"article-body mb-nof-24 px-nof-16\">V\u00e4l\u00e4yst\u00e4 seurasi kova paukahdus, mik\u00e4 sai miehen s\u00e4ik\u00e4ht\u00e4m\u00e4\u00e4n. H\u00e4n kiiruhti ikkunalle ja huomasi, ett\u00e4 lasiin oli t\u00f6rm\u00e4nnyt suurehko lintu.<\/p>\n<p class=\"article-body mb-nof-24 px-nof-16\">\u2013 Pyysin heti pojankin katsomaan ja aloin r\u00e4psi\u00e4 kuvia. Pikkulintuja ikkunaan on kyll\u00e4 ennenkin lent\u00e4nyt, mutta ei tuollaista.<\/p>\n<p class=\"article-body mb-nof-24 px-nof-16\">Kairiston mukaan lintu j\u00e4i t\u00f6rm\u00e4yksen j\u00e4lkeen hetkeksi ikkunalaudalle ja tapitti sis\u00e4lle taloon silm\u00e4t py\u00f6rein\u00e4.<\/p>\n<p class=\"article-body mb-nof-24 px-nof-16\">\u2013 Oli varmaan hetken p\u00f6ntt\u00f6 sekaisin tuollaisen t\u00f6rm\u00e4yksen j\u00e4lkeen.<\/p>\n<p><img decoding=\"async\" src=\"https:\/\/www.europesays.com\/fi\/wp-content\/uploads\/2026\/01\/1768330508_114_468.jpg\" alt=\"Kairisto arvioi, ett\u00e4 lintu oli t\u00f6rm\u00e4yksen j\u00e4lkeen ikkunalla noin 20 sekuntia, kunnes lenn\u00e4hti parvekkeen kaiteelle ja siit\u00e4 sitten l\u00e4heisen puun oksalle.\" class=\"_Img_1rerz_1\" style=\"aspect-ratio:0.75\" loading=\"eager\"\/><\/p>\n<p class=\"article-picture-caption\">Kairisto arvioi, ett\u00e4 lintu oli t\u00f6rm\u00e4yksen j\u00e4lkeen ikkunalla noin 20 sekuntia, kunnes lenn\u00e4hti parvekkeen kaiteelle ja siit\u00e4 sitten l\u00e4heisen puun oksalle. Kuva:\u00a0Sami Kairisto<\/p>\n<p class=\"article-body mb-nof-24 px-nof-16\">Kairiston mukaan h\u00e4n ei ollut n\u00e4hnyt vastaavan n\u00e4k\u00f6ist\u00e4 lintua ennen, ainakaan l\u00e4helt\u00e4. H\u00e4n googletteli tapahtuneen j\u00e4lkeen asiaa ja ep\u00e4ili, ett\u00e4 kyseess\u00e4 on kanahaukka.<\/p>\n<p class=\"article-body mb-nof-24 px-nof-16\">Asian vahvistaa Ilta-Sanomille Birdlife Suomi ry -j\u00e4rjest\u00f6n suojelu- ja tutkimusjohtaja <a class=\"font-bold underline-offset-[0.12em] [text-decoration:var(--person-link-text-decoration)] ![text-decoration-color:var(--person-link-text-decoration-color)]\" href=\"https:\/\/www.is.fi\/haku\/?query=Teemu%20Lehtiniemi\" rel=\"nofollow noopener\" target=\"_blank\">Teemu Lehtiniemi<\/a>.<\/p>\n<p class=\"article-body mb-nof-24 px-nof-16\">Lehtiniemen mukaan kyseess\u00e4 on viime kes\u00e4n\u00e4 syntynyt, nuori kanahaukka. H\u00e4n arvioi kuvan perusteella linnun olevan noin puolen metrin pituinen ja painavan noin kilon.<\/p>\n<p class=\"article-body mb-nof-24 px-nof-16\">Lehtiniemen mukaan kanahaukkojen t\u00f6rm\u00e4\u00e4minen ikkunaan on yleist\u00e4.<\/p>\n<p class=\"article-body mb-nof-24 px-nof-16\">Kanahaukkoja on ymp\u00e4ri Suomen ja ne viihtyv\u00e4t vanhoissa metsiss\u00e4, mutta saalistavat ja pesiv\u00e4t my\u00f6s kaupunkien puistoissa.<\/p>\n","protected":false},"excerpt":{"rendered":"Ikaalisissa asuvan Sami Kairiston, 55, ikkunaan ilmestyi odottamaton vieras. Pirkanmaan Ikaalisissa asuva Sami Kairisto, 55, oli katselemassa televisiota,&hellip;\n","protected":false},"author":2,"featured_media":141407,"comment_status":"","ping_status":"","sticky":false,"template":"","format":"standard","meta":{"footnotes":""},"categories":[117],"tags":[33,31,30,34,72,476,118,32,119,477],"class_list":{"0":"post-141406","1":"post","2":"type-post","3":"status-publish","4":"format-standard","5":"has-post-thumbnail","7":"category-luonto","8":"tag-fi","9":"tag-finland","10":"tag-finnish","11":"tag-ilta-sanomat","12":"tag-luonto","13":"tag-nature","14":"tag-science","15":"tag-suomi","16":"tag-tiede","17":"tag-wildlife"},"share_on_mastodon":{"url":"https:\/\/pubeurope.com\/@fi\/115889315701745841","error":""},"_links":{"self":[{"href":"https:\/\/www.europesays.com\/fi\/wp-json\/wp\/v2\/posts\/141406","targetHints":{"allow":["GET"]}}],"collection":[{"href":"https:\/\/www.europesays.com\/fi\/wp-json\/wp\/v2\/posts"}],"about":[{"href":"https:\/\/www.europesays.com\/fi\/wp-json\/wp\/v2\/types\/post"}],"author":[{"embeddable":true,"href":"https:\/\/www.europesays.com\/fi\/wp-json\/wp\/v2\/users\/2"}],"replies":[{"embeddable":true,"href":"https:\/\/www.europesays.com\/fi\/wp-json\/wp\/v2\/comments?post=141406"}],"version-history":[{"count":0,"href":"https:\/\/www.europesays.com\/fi\/wp-json\/wp\/v2\/posts\/141406\/revisions"}],"wp:featuredmedia":[{"embeddable":true,"href":"https:\/\/www.europesays.com\/fi\/wp-json\/wp\/v2\/media\/141407"}],"wp:attachment":[{"href":"https:\/\/www.europesays.com\/fi\/wp-json\/wp\/v2\/media?parent=141406"}],"wp:term":[{"taxonomy":"category","embeddable":true,"href":"https:\/\/www.europesays.com\/fi\/wp-json\/wp\/v2\/categories?post=141406"},{"taxonomy":"post_tag","embeddable":true,"href":"https:\/\/www.europesays.com\/fi\/wp-json\/wp\/v2\/tags?post=141406"}],"curies":[{"name":"wp","href":"https:\/\/api.w.org\/{rel}","templated":true}]}}