{"id":141408,"date":"2026-01-13T19:06:08","date_gmt":"2026-01-13T19:06:08","guid":{"rendered":"https:\/\/www.europesays.com\/fi\/141408\/"},"modified":"2026-01-13T19:06:08","modified_gmt":"2026-01-13T19:06:08","slug":"pippa-laukka-myy-kotiaan-talta-siella-nayttaa","status":"publish","type":"post","link":"https:\/\/www.europesays.com\/fi\/141408\/","title":{"rendered":"Pippa Laukka myy kotiaan \u2013 t\u00e4lt\u00e4 siell\u00e4 n\u00e4ytt\u00e4\u00e4"},"content":{"rendered":"<p>Pippa Laukan myym\u00e4 koti on kolmikerroksinen kivitalo.<\/p>\n<p class=\"article-body mb-nof-24 px-nof-16\">Tv:st\u00e4 tuttu l\u00e4\u00e4k\u00e4ri <a class=\"font-bold underline-offset-[0.12em] [text-decoration:var(--person-link-text-decoration)] ![text-decoration-color:var(--person-link-text-decoration-color)]\" href=\"https:\/\/www.is.fi\/haku\/?query=Pippa%20Laukka\" rel=\"nofollow noopener\" target=\"_blank\">Pippa Laukka<\/a> myy kotiaan. H\u00e4n kertoo asiasta <a class=\"underline underline-offset-[0.12em] [text-decoration-thickness:var(--generic-link-underline-thickness)] [text-decoration-color:var(--generic-link-underline-color)] [text-decoration-skip-ink:var(--generic-link-underline-skip-ink)] break-words\" href=\"https:\/\/www.instagram.com\/stories\/pippalaukka\/?hl=fi\" rel=\"nofollow noopener\" target=\"_blank\">Instagram-tarinoissaan<\/a>.<\/p>\n<p class=\"article-body mb-nof-24 px-nof-16\">Talo sijaitsee L\u00e4nsi-Pakilassa Helsingiss\u00e4. Laukka perustelee julkaisussa, miksi koti on laitettu myyntiin.<\/p>\n<p class=\"article-body mb-nof-24 px-nof-16\">\u2013 Rakennettiin talo 2010-luvun alussa eri el\u00e4m\u00e4ntilanteeseen ja siksi talo etsii uusia asukkaita, Laukka kirjoittaa.<\/p>\n<p><img decoding=\"async\" src=\"https:\/\/www.europesays.com\/fi\/wp-content\/uploads\/2026\/01\/1768331167_195_468.jpg\" alt=\"\" class=\"_Img_1rerz_1\" style=\"aspect-ratio:1.5\" loading=\"eager\"\/><img decoding=\"async\" src=\"https:\/\/www.europesays.com\/fi\/wp-content\/uploads\/2026\/01\/1768331167_341_468.jpg\" alt=\"\" class=\"_Img_1rerz_1\" style=\"aspect-ratio:1.5\" loading=\"eager\"\/><img decoding=\"async\" src=\"https:\/\/www.europesays.com\/fi\/wp-content\/uploads\/2026\/01\/1768331168_195_468.jpg\" alt=\"\" class=\"_Img_1rerz_1\" style=\"aspect-ratio:1.5\" loading=\"eager\"\/><img decoding=\"async\" src=\"https:\/\/www.europesays.com\/fi\/wp-content\/uploads\/2026\/01\/1768331168_38_468.jpg\" alt=\"\" class=\"_Img_1rerz_1\" style=\"aspect-ratio:0.6661458333333333\" loading=\"eager\"\/><\/p>\n<p class=\"article-picture-caption\">Kuva:\u00a0Kiinteist\u00f6maailma<\/p>\n<p class=\"article-body mb-nof-24 px-nof-16\">Instagram-tarinat ovat n\u00e4ht\u00e4vill\u00e4 24 tuntia julkaisustaan.<\/p>\n<p class=\"article-body mb-nof-24 px-nof-16\">Myynti-ilmoituksesta paljastuu, ett\u00e4 talon myyntihinta on 925\u202f000euroa.<\/p>\n<p class=\"article-body mb-nof-24 px-nof-16\">Kolmikerroksisessa kivitalossa on muun muassa viisi huonetta, keitti\u00f6, kaksi kylpyhuonetta, kolme wc:t\u00e4 ja sauna. Neli\u00f6it\u00e4 on yhteens\u00e4 227, joista asuinpinta-alaa on 143 neli\u00f6t\u00e4.<\/p>\n<p class=\"article-body mb-nof-24 px-nof-16\">Pohjakerroksessa on myynti-ilmoituksen mukaan saunaosasto, kodinhoitohuone, varastotilaa ja makuuhuonek\u00e4yt\u00f6ss\u00e4 ollut askarteluhuone. Keskikerroksessa on puolestaan eteinen, olohuone, keitti\u00f6 sek\u00e4 kylpyhuone ja wc. Yl\u00e4kerrassa on makuuhuoneita, kylpyhuone ja parveke.<\/p>\n<p class=\"article-body mb-nof-24 px-nof-16\">Talo on rakennettu vuonna 2012.<\/p>\n<p><script async src=\"\/\/www.instagram.com\/embed.js\"><\/script><\/p>\n","protected":false},"excerpt":{"rendered":"Pippa Laukan myym\u00e4 koti on kolmikerroksinen kivitalo. Tv:st\u00e4 tuttu l\u00e4\u00e4k\u00e4ri Pippa Laukka myy kotiaan. H\u00e4n kertoo asiasta Instagram-tarinoissaan.&hellip;\n","protected":false},"author":2,"featured_media":141409,"comment_status":"","ping_status":"","sticky":false,"template":"","format":"standard","meta":{"footnotes":""},"categories":[136],"tags":[407,137,33,31,30,34,408,32,109],"class_list":{"0":"post-141408","1":"post","2":"type-post","3":"status-publish","4":"format-standard","5":"has-post-thumbnail","7":"category-julkkikset","8":"tag-celebrities","9":"tag-entertainment","10":"tag-fi","11":"tag-finland","12":"tag-finnish","13":"tag-ilta-sanomat","14":"tag-julkkikset","15":"tag-suomi","16":"tag-viihde"},"share_on_mastodon":{"url":"https:\/\/pubeurope.com\/@fi\/115889358950273894","error":""},"_links":{"self":[{"href":"https:\/\/www.europesays.com\/fi\/wp-json\/wp\/v2\/posts\/141408","targetHints":{"allow":["GET"]}}],"collection":[{"href":"https:\/\/www.europesays.com\/fi\/wp-json\/wp\/v2\/posts"}],"about":[{"href":"https:\/\/www.europesays.com\/fi\/wp-json\/wp\/v2\/types\/post"}],"author":[{"embeddable":true,"href":"https:\/\/www.europesays.com\/fi\/wp-json\/wp\/v2\/users\/2"}],"replies":[{"embeddable":true,"href":"https:\/\/www.europesays.com\/fi\/wp-json\/wp\/v2\/comments?post=141408"}],"version-history":[{"count":0,"href":"https:\/\/www.europesays.com\/fi\/wp-json\/wp\/v2\/posts\/141408\/revisions"}],"wp:featuredmedia":[{"embeddable":true,"href":"https:\/\/www.europesays.com\/fi\/wp-json\/wp\/v2\/media\/141409"}],"wp:attachment":[{"href":"https:\/\/www.europesays.com\/fi\/wp-json\/wp\/v2\/media?parent=141408"}],"wp:term":[{"taxonomy":"category","embeddable":true,"href":"https:\/\/www.europesays.com\/fi\/wp-json\/wp\/v2\/categories?post=141408"},{"taxonomy":"post_tag","embeddable":true,"href":"https:\/\/www.europesays.com\/fi\/wp-json\/wp\/v2\/tags?post=141408"}],"curies":[{"name":"wp","href":"https:\/\/api.w.org\/{rel}","templated":true}]}}