{"id":141410,"date":"2026-01-13T19:09:08","date_gmt":"2026-01-13T19:09:08","guid":{"rendered":"https:\/\/www.europesays.com\/fi\/141410\/"},"modified":"2026-01-13T19:09:08","modified_gmt":"2026-01-13T19:09:08","slug":"ylella-on-vielakin-liikaa-rahaa","status":"publish","type":"post","link":"https:\/\/www.europesays.com\/fi\/141410\/","title":{"rendered":"\u201dYlell\u00e4 on viel\u00e4kin liikaa rahaa\u201d"},"content":{"rendered":"<p>Borgin sisaruspari lent\u00e4\u00e4 uudessa sarjassaan etel\u00e4n l\u00e4mp\u00f6\u00f6n.<\/p>\n<p><img decoding=\"async\" class=\"image image-show image-preview\" src=\"https:\/\/www.europesays.com\/fi\/wp-content\/uploads\/2026\/01\/a65178b5848a2edc8cc1b7d53671da71d1b016fbbbfa73450c61bbd5b9b6abcb.jpg\" alt=\"\"\/><img decoding=\"async\" class=\"image image-show\" src=\"https:\/\/www.europesays.com\/fi\/wp-content\/uploads\/2026\/01\/1768331348_679_a65178b5848a2edc8cc1b7d53671da71d1b016fbbbfa73450c61bbd5b9b6abcb.jpg\" alt=\"\"\/><\/p>\n<p>Topi ja Sointu Borgin sarja on jo kokonaisuudessaan katsottavissa Areenassa. Pauliina Moisander, Yle<\/p>\n<p class=\"paragraph\">Sisaruspari <a href=\"https:\/\/www.iltalehti.fi\/henkilot\/Sointu Borg\" class=\"article-link-person-page\" rel=\"nofollow noopener\" target=\"_blank\">Sointu<\/a> ja <a href=\"https:\/\/www.iltalehti.fi\/henkilot\/Topi Borg\" class=\"article-link-person-page\" rel=\"nofollow noopener\" target=\"_blank\">Topi Borg<\/a> l\u00e4htev\u00e4t uudessa Topi ja Sointu lomalla -realityss\u00e4\u00e4n reissuun. Kohteena on monelle suomalaiselle tuttu Gran Canaria kyseenalaisine kamelikyyteineen ja nudistirantoineen.<\/p>\n<p class=\"paragraph\">Moni Iltalehden lukija on kyseenalaistanut koko ohjelman <a href=\"https:\/\/www.facebook.com\/Iltalehti.fi\" target=\"_blank\" rel=\"noopener nofollow\">Facebookissa<\/a>. Siin\u00e4 miss\u00e4 yhdet odottavat innolla, toisia ei nappaa sitten yht\u00e4\u00e4n.<\/p>\n<p class=\"paragraph\">\u2013\u2009Voihan turhuus. Eik\u00f6 n\u00e4it\u00e4 h\u00f6p\u00f6sarjoja ole tarpeeksi? <strong>Mauno<\/strong> kyselee ja on saanut ihmettelylleen satakunta peukutusta samanmielisyyden merkiksi.<\/p>\n<p class=\"paragraph\"><strong>Jukka<\/strong> muistuttaa, ett\u00e4 vaihtoehtoisia kanavia on, jos juuri t\u00e4m\u00e4 sarja ei kiinnosta. Se ei kuitenkaan riit\u00e4 <strong>Mikolle<\/strong>. H\u00e4n huomauttaa, ett\u00e4 vaikka juuri h\u00e4nen ei sarjaa tarvitsekaan katsoa, Yle-vero on silti maksettava.<\/p>\n<p class=\"paragraph\">\u2013\u2009Yle tuottaa n\u00e4it\u00e4 turhia realityohjelmia, kun samaan aikaan pannaan porukkaa pihalle ja johtajille annetaan bonuksia! Eih\u00e4n t\u00e4ss\u00e4 ole mit\u00e4\u00e4n j\u00e4rke\u00e4! Mikko protestoi.<\/p>\n<p>Topin ja Soinnun sarjassa puntaroidaan my\u00f6s turismiin liittyvi\u00e4 ongelmia. Yle<\/p>\n<p class=\"paragraph\">Mikon kanssa samalla linjalla on moni muukin.<\/p>\n<p class=\"paragraph\">\u2013\u2009Ylell\u00e4 on viel\u00e4kin liikaa rahaa, kun sit\u00e4 on tuhlattavaksi n\u00e4in joutavaan &#8221;ohjelmaan&#8221;! <strong>Tomppa<\/strong> kritisoi.<\/p>\n<p class=\"paragraph\">\u2013\u2009Voisiko Yle lopettaa n\u00e4iden sisarusten seikkailut veronmaksajien rahoilla? <strong>Mirjakin<\/strong> ehdottaa.<\/p>\n<p class=\"paragraph\">\u2013\u2009Nyt voi sanoa, ett\u00e4 ohjelmap\u00e4\u00e4llik\u00f6t r\u00e4mpiv\u00e4t syv\u00e4ll\u00e4 suossa. T\u00e4m\u00e4k\u00f6 on sit\u00e4, mit\u00e4 Yle-verolla kansa saa? <strong>Keijo<\/strong> puolestaan kommentoi.<\/p>\n<p class=\"paragraph\">\u2013\u2009Ei voi olla totta. T\u00e4h\u00e4nk\u00f6 pit\u00e4\u00e4 maksaa televeroa? <strong>Kauko<\/strong> ihmettelee.<\/p>\n<p class=\"paragraph\">\u2013\u2009En halua, ett\u00e4 Yle l\u00e4hett\u00e4\u00e4 turhia julkkiksia verorahoilla Kanarian-lomalle. Maksakoot itse lomansa niin kuin muutkin suomalaiset. Ylen saamaa rahoitusta pit\u00e4\u00e4 leikata rajusti, ett\u00e4 nuo pelleilyt loppuvat, <strong>Juha<\/strong> vaatii.<\/p>\n<p class=\"paragraph\">Viimeiselle on vastannut suoraan muuan <strong>Tomi<\/strong>.<\/p>\n<p class=\"paragraph\">\u2013\u2009Min\u00e4 haluan.<\/p>\n<p>\u2013\u2009Teemme tutkimusmatkan suomalaiseen lomaan, Topi kiteytt\u00e4\u00e4 h\u00e4nen ja Sointu-siskon sarjan. Pauliina Moisander, Yle<\/p>\n<p class=\"paragraph\">Tomin lis\u00e4ksi odottavalla kannalla ovat muun muassa <strong>Kirsti<\/strong>, <strong>Minna<\/strong>, <strong>Mia<\/strong>, <strong>Harri<\/strong>, <strong>Tiina<\/strong> ja <strong>Marja<\/strong>. <strong>Suvi<\/strong> taas ihmettelee ihmisten tarvetta mollata ohjelmaa ja sen t\u00e4hti\u00e4.<\/p>\n<p class=\"paragraph\">\u2013\u2009Miksi aina pit\u00e4\u00e4 ly\u00f6d\u00e4 ihmisi\u00e4 alas, kun voisi ennemmin auttaa yl\u00f6s? my\u00f6s <strong>Mikael<\/strong> kummeksuu.<\/p>\n<p class=\"paragraph\">\u2013\u2009Ai niin, on helpompaa haukkua kuin kehua. Sori, unohdin, h\u00e4n vastaa sarkastisesti omaan kysymykseens\u00e4.<\/p>\n<p class=\"paragraph\">Topi ja Sointu lomalla t\u00e4n\u00e4\u00e4n TV2:lla kello 20.00 &amp; Areenassa. <a href=\"https:\/\/www.iltalehti.fi\/telkku\/\" rel=\"nofollow noopener\" target=\"_blank\">Katso kaikki\u00a0TV-ohjelmat ja l\u00e4hetysajat Telkun TV-oppaasta<\/a>.<\/p>\n","protected":false},"excerpt":{"rendered":"Borgin sisaruspari lent\u00e4\u00e4 uudessa sarjassaan etel\u00e4n l\u00e4mp\u00f6\u00f6n. Topi ja Sointu Borgin sarja on jo kokonaisuudessaan katsottavissa Areenassa. Pauliina&hellip;\n","protected":false},"author":2,"featured_media":141411,"comment_status":"","ping_status":"","sticky":false,"template":"","format":"standard","meta":{"footnotes":""},"categories":[133],"tags":[35,2110,137,33,31,30,1511,923,979,32,206,139,156,109],"class_list":{"0":"post-141410","1":"post","2":"type-post","3":"status-publish","4":"format-standard","5":"has-post-thumbnail","7":"category-televisiot","8":"tag-24h","9":"tag-elamantapa-ja-vapaa-aika","10":"tag-entertainment","11":"tag-fi","12":"tag-finland","13":"tag-finnish","14":"tag-joukkoviestinta","15":"tag-matkustaminen","16":"tag-sahkoinen-media","17":"tag-suomi","18":"tag-televisiot","19":"tag-tv-ohjelmat","20":"tag-tv","21":"tag-viihde"},"share_on_mastodon":{"url":"https:\/\/pubeurope.com\/@fi\/115889370788692495","error":""},"_links":{"self":[{"href":"https:\/\/www.europesays.com\/fi\/wp-json\/wp\/v2\/posts\/141410","targetHints":{"allow":["GET"]}}],"collection":[{"href":"https:\/\/www.europesays.com\/fi\/wp-json\/wp\/v2\/posts"}],"about":[{"href":"https:\/\/www.europesays.com\/fi\/wp-json\/wp\/v2\/types\/post"}],"author":[{"embeddable":true,"href":"https:\/\/www.europesays.com\/fi\/wp-json\/wp\/v2\/users\/2"}],"replies":[{"embeddable":true,"href":"https:\/\/www.europesays.com\/fi\/wp-json\/wp\/v2\/comments?post=141410"}],"version-history":[{"count":0,"href":"https:\/\/www.europesays.com\/fi\/wp-json\/wp\/v2\/posts\/141410\/revisions"}],"wp:featuredmedia":[{"embeddable":true,"href":"https:\/\/www.europesays.com\/fi\/wp-json\/wp\/v2\/media\/141411"}],"wp:attachment":[{"href":"https:\/\/www.europesays.com\/fi\/wp-json\/wp\/v2\/media?parent=141410"}],"wp:term":[{"taxonomy":"category","embeddable":true,"href":"https:\/\/www.europesays.com\/fi\/wp-json\/wp\/v2\/categories?post=141410"},{"taxonomy":"post_tag","embeddable":true,"href":"https:\/\/www.europesays.com\/fi\/wp-json\/wp\/v2\/tags?post=141410"}],"curies":[{"name":"wp","href":"https:\/\/api.w.org\/{rel}","templated":true}]}}