{"id":141412,"date":"2026-01-13T19:13:07","date_gmt":"2026-01-13T19:13:07","guid":{"rendered":"https:\/\/www.europesays.com\/fi\/141412\/"},"modified":"2026-01-13T19:13:07","modified_gmt":"2026-01-13T19:13:07","slug":"yleisurheilu-nora-lindahlin-paatos-jarkyttaa-ruotsissa","status":"publish","type":"post","link":"https:\/\/www.europesays.com\/fi\/141412\/","title":{"rendered":"Yleisurheilu: Nora Lindahlin p\u00e4\u00e4t\u00f6s j\u00e4rkytt\u00e4\u00e4 Ruotsissa"},"content":{"rendered":"<p>Nora Lindahl haluaa edustaa Suomea.<\/p>\n<p class=\"article-body mb-nof-24 px-nof-16\">Ruotsin yleisradioyhti\u00f6 <a class=\"underline underline-offset-[0.12em] [text-decoration-thickness:var(--generic-link-underline-thickness)] [text-decoration-color:var(--generic-link-underline-color)] [text-decoration-skip-ink:var(--generic-link-underline-skip-ink)] break-words\" href=\"https:\/\/www.svt.se\/sport\/friidrott\/nora-lindahl-holl-allt-hemligt-ville-inte-ha-nagra-lackor\" rel=\"nofollow noopener\" target=\"_blank\">SVT<\/a> uutisoi tiistaina, ett\u00e4 yleisurheilija <a class=\"font-bold underline-offset-[0.12em] [text-decoration:var(--person-link-text-decoration)] ![text-decoration-color:var(--person-link-text-decoration-color)]\" href=\"https:\/\/www.is.fi\/haku\/?query=Nora%20Lindahlin\" rel=\"nofollow noopener\" target=\"_blank\">Nora Lindahlin <\/a>p\u00e4\u00e4t\u00f6s edustaa jatkossa Suomea \u201diski kuin pommi\u201d.<\/p>\n<p class=\"article-body mb-nof-24 px-nof-16\">Suomen urheiluliitto kertoi asiasta maanantaina.<\/p>\n<p class=\"article-body mb-nof-24 px-nof-16\">Lindahlilla on ruotsalainen \u00e4iti ja suomalainen is\u00e4. H\u00e4n kilpaili aiemmin Ruotsin v\u00e4reiss\u00e4, mutta haluaa nyt vaihtaa edustamaan Suomea.<\/p>\n<p class=\"article-body mb-nof-24 px-nof-16\">\u2013\u2009Minun suuri unelmani on aina ollut kilpailla olympialaisissa ja edustaa Suomea ja Ruotsia. Nyt, kun olen kilpaillut juniorivuoteni Ruotsin puolesta, tunnen ett\u00e4 on oikea aika tavoitella menestyst\u00e4 Suomen puolesta, Lindahl sanoi liiton tiedotteessa.<\/p>\n<p class=\"article-body mb-nof-24 px-nof-16\">Lindahl on pikajuoksun suurlahjakkuus. H\u00e4n on voittanut urallaan alle 20-vuotiaiden 200 metrin Euroopan mestaruuden Jerusalemissa 2023 ja alle 23-vuotiaiden EM-pronssin Bergeniss\u00e4 viime kes\u00e4n\u00e4.<\/p>\n<p class=\"article-body mb-nof-24 px-nof-16\">Lindahl on edustanut Ruotsia my\u00f6s aikuisten MM-kisoissa ja olympialaisissa.<\/p>\n<p class=\"article-body mb-nof-24 px-nof-16\">Is\u00e4 <a class=\"font-bold underline-offset-[0.12em] [text-decoration:var(--person-link-text-decoration)] ![text-decoration-color:var(--person-link-text-decoration-color)]\" href=\"https:\/\/www.is.fi\/haku\/?query=Markus%20Lindahl\" rel=\"nofollow noopener\" target=\"_blank\">Markus Lindahl<\/a> edusti Suomea vuoden 1994 EM-kotikisoissa.<\/p>\n<p class=\"article-body mb-nof-24 px-nof-16\">Lindahl, 21, kertoo SVT:lle, ett\u00e4 h\u00e4nen is\u00e4ns\u00e4 otti tiedon Suomen v\u00e4reihin siirtymisest\u00e4 hyvin. H\u00e4nen mukaansa is\u00e4 oli kuitenkin se, joka kertoi Noralle 16-vuotiaana, ett\u00e4 t\u00e4m\u00e4n kannattaisi edustaa Ruotsia ja valita mielens\u00e4 mukaan.<\/p>\n<p class=\"article-body mb-nof-24 px-nof-16\">H\u00e4nt\u00e4 valmentaa \u00e4iti <a class=\"font-bold underline-offset-[0.12em] [text-decoration:var(--person-link-text-decoration)] ![text-decoration-color:var(--person-link-text-decoration-color)]\" href=\"https:\/\/www.is.fi\/haku\/?query=Frida%20Lindahl\" rel=\"nofollow noopener\" target=\"_blank\">Frida Lindahl<\/a>.<\/p>\n<p class=\"article-body mb-nof-24 px-nof-16\">\u2013\u2009\u00c4iti on varmaan v\u00e4h\u00e4n surullinen, mutta h\u00e4n tiet\u00e4\u00e4, ett\u00e4 edustin Ruotsia hyvin juniorina, ja minusta on paljon kuvia Ruotsin maajoukkueen v\u00e4reiss\u00e4.<\/p>\n<p class=\"article-body mb-nof-24 px-nof-16\">Lindahl asuu Espoossa ja edustaa HIFK:ta. H\u00e4n ei puhu suomea \u2013 viel\u00e4.<\/p>\n<p class=\"article-body mb-nof-24 px-nof-16\">\u2013\u2009Alan varmaan nyt opetella, h\u00e4n sanoo.<\/p>\n<p class=\"article-body mb-nof-24 px-nof-16\">Ruotsin yleisurheilumaajoukkueen valmentaja <a class=\"font-bold underline-offset-[0.12em] [text-decoration:var(--person-link-text-decoration)] ![text-decoration-color:var(--person-link-text-decoration-color)]\" href=\"https:\/\/www.is.fi\/haku\/?query=Kajsa%20Bergqvist\" rel=\"nofollow noopener\" target=\"_blank\">Kajsa Bergqvist<\/a> kertoo <a class=\"underline underline-offset-[0.12em] [text-decoration-thickness:var(--generic-link-underline-thickness)] [text-decoration-color:var(--generic-link-underline-color)] [text-decoration-skip-ink:var(--generic-link-underline-skip-ink)] break-words\" href=\"https:\/\/www.expressen.se\/sport\/friidrott\/svenska-friidrottaren-nora-lindahl-vill-borja-tavla-for-finland\/\" rel=\"nofollow noopener\" target=\"_blank\">Expressenille<\/a> olevansa p\u00e4\u00e4 py\u00f6r\u00e4ll\u00e4 Lindahlin ratkaisusta.<\/p>\n<p class=\"article-body mb-nof-24 px-nof-16\">\u2013\u2009Olen todella yll\u00e4ttynyt ja h\u00e4mmentynyt. Puhuin Noran kanssa eik\u00e4 vaikuta silt\u00e4, ett\u00e4 t\u00e4ss\u00e4 taustalla olisi mit\u00e4\u00e4n muuta kuin ett\u00e4 t\u00e4m\u00e4 on h\u00e4nen tahtonsa. T\u00e4m\u00e4 on suuri menetys Ruotsin yleisurheilulle. Voimme ainoastaan kiitt\u00e4\u00e4 h\u00e4nt\u00e4 n\u00e4ist\u00e4 vuosista, jotka h\u00e4n on kilpaillut Ruotsin v\u00e4reiss\u00e4, h\u00e4n sanoi.<\/p>\n","protected":false},"excerpt":{"rendered":"Nora Lindahl haluaa edustaa Suomea. Ruotsin yleisradioyhti\u00f6 SVT uutisoi tiistaina, ett\u00e4 yleisurheilija Nora Lindahlin p\u00e4\u00e4t\u00f6s edustaa jatkossa Suomea&hellip;\n","protected":false},"author":2,"featured_media":141413,"comment_status":"","ping_status":"","sticky":false,"template":"","format":"standard","meta":{"footnotes":""},"categories":[158],"tags":[33,31,30,34,159,32,160],"class_list":{"0":"post-141412","1":"post","2":"type-post","3":"status-publish","4":"format-standard","5":"has-post-thumbnail","7":"category-urheilu","8":"tag-fi","9":"tag-finland","10":"tag-finnish","11":"tag-ilta-sanomat","12":"tag-sports","13":"tag-suomi","14":"tag-urheilu"},"share_on_mastodon":{"url":"https:\/\/pubeurope.com\/@fi\/115889386498227974","error":""},"_links":{"self":[{"href":"https:\/\/www.europesays.com\/fi\/wp-json\/wp\/v2\/posts\/141412","targetHints":{"allow":["GET"]}}],"collection":[{"href":"https:\/\/www.europesays.com\/fi\/wp-json\/wp\/v2\/posts"}],"about":[{"href":"https:\/\/www.europesays.com\/fi\/wp-json\/wp\/v2\/types\/post"}],"author":[{"embeddable":true,"href":"https:\/\/www.europesays.com\/fi\/wp-json\/wp\/v2\/users\/2"}],"replies":[{"embeddable":true,"href":"https:\/\/www.europesays.com\/fi\/wp-json\/wp\/v2\/comments?post=141412"}],"version-history":[{"count":0,"href":"https:\/\/www.europesays.com\/fi\/wp-json\/wp\/v2\/posts\/141412\/revisions"}],"wp:featuredmedia":[{"embeddable":true,"href":"https:\/\/www.europesays.com\/fi\/wp-json\/wp\/v2\/media\/141413"}],"wp:attachment":[{"href":"https:\/\/www.europesays.com\/fi\/wp-json\/wp\/v2\/media?parent=141412"}],"wp:term":[{"taxonomy":"category","embeddable":true,"href":"https:\/\/www.europesays.com\/fi\/wp-json\/wp\/v2\/categories?post=141412"},{"taxonomy":"post_tag","embeddable":true,"href":"https:\/\/www.europesays.com\/fi\/wp-json\/wp\/v2\/tags?post=141412"}],"curies":[{"name":"wp","href":"https:\/\/api.w.org\/{rel}","templated":true}]}}