{"id":141414,"date":"2026-01-13T19:14:06","date_gmt":"2026-01-13T19:14:06","guid":{"rendered":"https:\/\/www.europesays.com\/fi\/141414\/"},"modified":"2026-01-13T19:14:06","modified_gmt":"2026-01-13T19:14:06","slug":"lue-kattava-lista-tamperelaisen-teatterikevaan-uutuusesityksista","status":"publish","type":"post","link":"https:\/\/www.europesays.com\/fi\/141414\/","title":{"rendered":"Lue kattava lista tamperelaisen teatterikev\u00e4\u00e4n uutuusesityksist\u00e4"},"content":{"rendered":"<p>Tampereen teattereissa n\u00e4hd\u00e4\u00e4n kev\u00e4\u00e4ll\u00e4 2026 melkein 30 ensi-iltaa tai vierailuesityst\u00e4. Katso t\u00e4st\u00e4 jutusta, mitk\u00e4 Tampereen uutuusesityksist\u00e4 sinua t\u00e4n\u00e4 kev\u00e4\u00e4n\u00e4 kiinnostavat.<\/p>\n<p class=\"article-body mb-nof-24 px-nof-16\">Aamulehti<\/p>\n<p class=\"article-body mb-nof-24 px-nof-16\">Vaikka syksy on teatterissa usein vilkkainta ensi-ilta-aikaa, Tampereen teattereissa n\u00e4hd\u00e4\u00e4n monta kiinnostavaa uutuusesityst\u00e4 my\u00f6s kev\u00e4\u00e4ll\u00e4 2026.<\/p>\n<p class=\"article-body mb-nof-24 px-nof-16\">Teatterin omien ensi-iltojen lis\u00e4ksi luvassa on my\u00f6s kiinnostavia vierailuja, kuten valtavasti kehuja saanut Jumppatyt\u00f6t ja vuodesta 2013 asti eri puolilla Suomea ja Eurooppaa esitetty Nelj\u00e4 pient\u00e4 annosta.<\/p>\n","protected":false},"excerpt":{"rendered":"Tampereen teattereissa n\u00e4hd\u00e4\u00e4n kev\u00e4\u00e4ll\u00e4 2026 melkein 30 ensi-iltaa tai vierailuesityst\u00e4. Katso t\u00e4st\u00e4 jutusta, mitk\u00e4 Tampereen uutuusesityksist\u00e4 sinua t\u00e4n\u00e4&hellip;\n","protected":false},"author":2,"featured_media":141415,"comment_status":"","ping_status":"","sticky":false,"template":"","format":"standard","meta":{"footnotes":""},"categories":[130],"tags":[157,137,33,31,30,32,109],"class_list":{"0":"post-141414","1":"post","2":"type-post","3":"status-publish","4":"format-standard","5":"has-post-thumbnail","7":"category-viihde","8":"tag-aamulehti","9":"tag-entertainment","10":"tag-fi","11":"tag-finland","12":"tag-finnish","13":"tag-suomi","14":"tag-viihde"},"share_on_mastodon":{"url":"https:\/\/pubeurope.com\/@fi\/115889390403481805","error":""},"_links":{"self":[{"href":"https:\/\/www.europesays.com\/fi\/wp-json\/wp\/v2\/posts\/141414","targetHints":{"allow":["GET"]}}],"collection":[{"href":"https:\/\/www.europesays.com\/fi\/wp-json\/wp\/v2\/posts"}],"about":[{"href":"https:\/\/www.europesays.com\/fi\/wp-json\/wp\/v2\/types\/post"}],"author":[{"embeddable":true,"href":"https:\/\/www.europesays.com\/fi\/wp-json\/wp\/v2\/users\/2"}],"replies":[{"embeddable":true,"href":"https:\/\/www.europesays.com\/fi\/wp-json\/wp\/v2\/comments?post=141414"}],"version-history":[{"count":0,"href":"https:\/\/www.europesays.com\/fi\/wp-json\/wp\/v2\/posts\/141414\/revisions"}],"wp:featuredmedia":[{"embeddable":true,"href":"https:\/\/www.europesays.com\/fi\/wp-json\/wp\/v2\/media\/141415"}],"wp:attachment":[{"href":"https:\/\/www.europesays.com\/fi\/wp-json\/wp\/v2\/media?parent=141414"}],"wp:term":[{"taxonomy":"category","embeddable":true,"href":"https:\/\/www.europesays.com\/fi\/wp-json\/wp\/v2\/categories?post=141414"},{"taxonomy":"post_tag","embeddable":true,"href":"https:\/\/www.europesays.com\/fi\/wp-json\/wp\/v2\/tags?post=141414"}],"curies":[{"name":"wp","href":"https:\/\/api.w.org\/{rel}","templated":true}]}}