{"id":141416,"date":"2026-01-13T19:17:09","date_gmt":"2026-01-13T19:17:09","guid":{"rendered":"https:\/\/www.europesays.com\/fi\/141416\/"},"modified":"2026-01-13T19:17:09","modified_gmt":"2026-01-13T19:17:09","slug":"lenovo-esitteli-laajenevan-nayton-pelikannettavaan","status":"publish","type":"post","link":"https:\/\/www.europesays.com\/fi\/141416\/","title":{"rendered":"Lenovo esitteli laajenevan n\u00e4yt\u00f6n pelikannettavaan"},"content":{"rendered":"<p>Lenovon uusi prototyyppi on saanut ylistyst\u00e4, mutta my\u00f6s her\u00e4tt\u00e4nyt ep\u00e4ilyksi\u00e4.<\/p>\n<p class=\"article-body mb-nof-24 px-nof-16\">Lenovo esitteli CES-teknologiamessuilla uudenlaisen n\u00e4ytt\u00f6konseptin osana Legion-pelikannettaviaan.<\/p>\n<p class=\"article-body mb-nof-24 px-nof-16\">Laitevalmistajan uudessa prototyypiss\u00e4 16 tuuman oled-n\u00e4ytt\u00f6\u00e4 voi laajentaa sivuttaissuunnassa napin painalluksella jopa 24 tuumaan asti. N\u00e4ytt\u00f6tiloja on kolme: focus (16&#8243;), tactical (21,5&#8243;) ja arena (24&#8243;). N\u00e4yt\u00f6n kuvasuhde on 16:10.<\/p>\n<p class=\"article-body mb-nof-24 px-nof-16\">Lenovon mukaan uusi innovaatio on kehitetty muun muassa kilpapelaajia varten, jotta n\u00e4m\u00e4 voivat harjoitella my\u00f6s matkoilla normaalikokoisella n\u00e4yt\u00f6ll\u00e4.<\/p>\n<p class=\"article-body mb-nof-24 px-nof-16\">Netiss\u00e4 uudenlainen pelikannettava on saanut vaihtelevan vastaanoton. Moni on innostunut ajatuksesta, mutta mahdollinen hinta ja teknologian kest\u00e4vyys ovat her\u00e4tt\u00e4neet ep\u00e4ilyksi\u00e4. Moni uskoo, ett\u00e4 Lenovon esitys j\u00e4\u00e4 vain konseptiksi eik\u00e4 p\u00e4\u00e4dy tuotantoon asti.<\/p>\n<p class=\"article-body mb-nof-24 px-nof-16\">\u2013 Erinomainen idea paitsi pelaamista my\u00f6s ty\u00f6ntekoa ajatellen, iloitsee er\u00e4s kommentoija Lenovon YouTube-kanavalla.<\/p>\n<p class=\"article-body mb-nof-24 px-nof-16\">\u2013 Vihdoinkin jokin uusi, hy\u00f6dyllinen innovaatio!<\/p>\n<p class=\"article-body mb-nof-24 px-nof-16\">\u2013 Ei n\u00e4yt\u00e4 kovin kest\u00e4v\u00e4lt\u00e4. En tied\u00e4, uskaltaisinko vied\u00e4 tuota mihink\u00e4\u00e4n.<\/p>\n<p class=\"article-body mb-nof-24 px-nof-16\"><a class=\"underline underline-offset-[0.12em] [text-decoration-thickness:var(--generic-link-underline-thickness)] [text-decoration-color:var(--generic-link-underline-color)] [text-decoration-skip-ink:var(--generic-link-underline-skip-ink)] break-words\" href=\"https:\/\/www.theverge.com\/tech\/852352\/lenovo-legion-pro-rollable-gaming-laptop-concept-ces-2026\" rel=\"nofollow noopener\" target=\"_blank\">The Vergen<\/a> mukaan laajeneva n\u00e4ytt\u00f6 on viel\u00e4 kaukana valmiista kuluttajatuotteesta. CES-messuilla n\u00e4hdyn prototyypin n\u00e4ytt\u00f6\u00e4 laajentavat moottorit olivat \u00e4\u00e4nekk\u00e4\u00e4t, n\u00e4ytt\u00f6 ei laajentunut sulavasti eik\u00e4 resoluutio muuttunut automaattisesti n\u00e4ytt\u00f6koon mukana. Kannessa oli my\u00f6s huomattavasti ylim\u00e4\u00e4r\u00e4ist\u00e4 tilaa n\u00e4ytt\u00f6\u00e4 varten.<\/p>\n<p class=\"article-body mb-nof-24 px-nof-16\">Lenovo on aiemmin esitellyt kannettavan tietokoneen, jonka 14 tuuman n\u00e4ytt\u00f6 laajenee yl\u00f6sp\u00e4in aina 16 tuumaan asti. Kyseist\u00e4 tuotetta myyd\u00e4\u00e4n jo kuluttajille.<\/p>\n","protected":false},"excerpt":{"rendered":"Lenovon uusi prototyyppi on saanut ylistyst\u00e4, mutta my\u00f6s her\u00e4tt\u00e4nyt ep\u00e4ilyksi\u00e4. Lenovo esitteli CES-teknologiamessuilla uudenlaisen n\u00e4ytt\u00f6konseptin osana Legion-pelikannettaviaan. Laitevalmistajan&hellip;\n","protected":false},"author":2,"featured_media":141417,"comment_status":"","ping_status":"","sticky":false,"template":"","format":"standard","meta":{"footnotes":""},"categories":[76],"tags":[79,77,33,31,30,34,32,78],"class_list":{"0":"post-141416","1":"post","2":"type-post","3":"status-publish","4":"format-standard","5":"has-post-thumbnail","7":"category-talous","8":"tag-business","9":"tag-economy","10":"tag-fi","11":"tag-finland","12":"tag-finnish","13":"tag-ilta-sanomat","14":"tag-suomi","15":"tag-talous"},"share_on_mastodon":{"url":"https:\/\/pubeurope.com\/@fi\/115889402328996937","error":""},"_links":{"self":[{"href":"https:\/\/www.europesays.com\/fi\/wp-json\/wp\/v2\/posts\/141416","targetHints":{"allow":["GET"]}}],"collection":[{"href":"https:\/\/www.europesays.com\/fi\/wp-json\/wp\/v2\/posts"}],"about":[{"href":"https:\/\/www.europesays.com\/fi\/wp-json\/wp\/v2\/types\/post"}],"author":[{"embeddable":true,"href":"https:\/\/www.europesays.com\/fi\/wp-json\/wp\/v2\/users\/2"}],"replies":[{"embeddable":true,"href":"https:\/\/www.europesays.com\/fi\/wp-json\/wp\/v2\/comments?post=141416"}],"version-history":[{"count":0,"href":"https:\/\/www.europesays.com\/fi\/wp-json\/wp\/v2\/posts\/141416\/revisions"}],"wp:featuredmedia":[{"embeddable":true,"href":"https:\/\/www.europesays.com\/fi\/wp-json\/wp\/v2\/media\/141417"}],"wp:attachment":[{"href":"https:\/\/www.europesays.com\/fi\/wp-json\/wp\/v2\/media?parent=141416"}],"wp:term":[{"taxonomy":"category","embeddable":true,"href":"https:\/\/www.europesays.com\/fi\/wp-json\/wp\/v2\/categories?post=141416"},{"taxonomy":"post_tag","embeddable":true,"href":"https:\/\/www.europesays.com\/fi\/wp-json\/wp\/v2\/tags?post=141416"}],"curies":[{"name":"wp","href":"https:\/\/api.w.org\/{rel}","templated":true}]}}