{"id":141418,"date":"2026-01-13T19:18:06","date_gmt":"2026-01-13T19:18:06","guid":{"rendered":"https:\/\/www.europesays.com\/fi\/141418\/"},"modified":"2026-01-13T19:18:06","modified_gmt":"2026-01-13T19:18:06","slug":"trumpin-hallinto-lopettaa-tilapaisen-suojeluaseman-somalialaisilta","status":"publish","type":"post","link":"https:\/\/www.europesays.com\/fi\/141418\/","title":{"rendered":"Trumpin hallinto lopettaa tilap\u00e4isen suojeluaseman somalialaisilta"},"content":{"rendered":"<p>Yhdysvallat|Trumpin hallinto vaatii somalialaisia poistumaan maasta maaliskuun puoleenv\u00e4liin menness\u00e4. P\u00e4\u00e4t\u00f6s koskee noin 2\u202f500:aa ihmist\u00e4.<\/p>\n<p>Lue tiivistelm\u00e4<\/p>\n<p class=\"article-body mb-nof-24 px-nof-16 sndp-summary-bullet-point-font\">Presidentti Donald Trumpin hallinto lopettaa tilap\u00e4isen suojeluaseman noin 2 500:lta Yhdysvalloissa asuvalta somalialaiselta.<\/p>\n<p class=\"article-body mb-nof-24 px-nof-16 sndp-summary-bullet-point-font\">Somalialaisten on poistuttava maasta 17. maaliskuuta menness\u00e4.<\/p>\n<p class=\"article-body mb-nof-24 px-nof-16 sndp-summary-bullet-point-font\">Yhdysvaltain kansallisen turvallisuuden ministeri Kristi Noem perusteli p\u00e4\u00e4t\u00f6st\u00e4 sill\u00e4, ett\u00e4 tilanne Somaliassa on parantunut.<\/p>\n<p class=\"article-body mb-nof-24 px-nof-16 sndp-summary-bullet-point-font\">Somalia on ollut tilap\u00e4isen suojelun ohjelmassa vuodesta 1991 maan sis\u00e4llissodan ja ep\u00e4vakauden vuoksi.<\/p>\n<p class=\"article-body mb-nof-24 px-nof-16\">Presidentti <a class=\"font-bold underline-offset-[0.12em] [text-decoration:var(--person-link-text-decoration)] ![text-decoration-color:var(--person-link-text-decoration-color)]\" href=\"https:\/\/www.hs.fi\/haku\/?query=Donald%20Trumpin\" rel=\"nofollow noopener\" target=\"_blank\">Donald Trumpin<\/a> hallinto lopettaa tilap\u00e4isen suojeluaseman (TPS) tuhansilta Yhdysvalloissa asuvilta somalialaisilta. Asiasta kertoi Valkoisen talon lehdist\u00f6sihteeri <a class=\"font-bold underline-offset-[0.12em] [text-decoration:var(--person-link-text-decoration)] ![text-decoration-color:var(--person-link-text-decoration-color)]\" href=\"https:\/\/www.hs.fi\/haku\/?query=Karoline%20Leavitt\" rel=\"nofollow noopener\" target=\"_blank\">Karoline Leavitt<\/a> tiistaina <a class=\"underline underline-offset-[0.12em] [text-decoration-thickness:var(--generic-link-underline-thickness)] [text-decoration-color:var(--generic-link-underline-color)] [text-decoration-skip-ink:var(--generic-link-underline-skip-ink)] break-words\" href=\"https:\/\/x.com\/PressSec\/status\/2011067330651201682\" rel=\"nofollow\">viestipalvelu X:ss\u00e4<\/a>.<\/p>\n<p class=\"article-body mb-nof-24 px-nof-16\">Tilap\u00e4isen suojeluaseman piiriss\u00e4 olevien somalialaisten on poistuttava maasta 17. maaliskuuta menness\u00e4, kertovat uutistoimisto Reuters ja asiasta ensin uutisoinut <a class=\"underline underline-offset-[0.12em] [text-decoration-thickness:var(--generic-link-underline-thickness)] [text-decoration-color:var(--generic-link-underline-color)] [text-decoration-skip-ink:var(--generic-link-underline-skip-ink)] break-words\" href=\"https:\/\/www.foxnews.com\/politics\/trump-administration-ends-temporary-protected-status-thousands-somalis-us\" rel=\"nofollow noopener\" target=\"_blank\">Fox News<\/a>.<\/p>\n<p class=\"article-body mb-nof-24 px-nof-16\">Reutersin mukaan p\u00e4\u00e4t\u00f6s koskee noin 1\u202f100:aa Yhdysvalloissa asuvaa somalialaista, joilla on tilap\u00e4isen suojelun asema sek\u00e4 1\u202f400:aa ihmist\u00e4, joiden hakemus on viel\u00e4 k\u00e4sittelyss\u00e4.<\/p>\n<p class=\"article-body mb-nof-24 px-nof-16\">Yhdysvalloissa asuvien somalialaistaustaisten m\u00e4\u00e4r\u00e4 on kuitenkin huomattavasti t\u00e4t\u00e4 suurempi, eik\u00e4 p\u00e4\u00e4t\u00f6s koske esimerkiksi niit\u00e4 somalialaisia, joilla on Yhdysvaltojen kansalaisuus.<\/p>\n<p class=\"article-body mb-nof-24 px-nof-16\">Somalia on ollut Yhdysvaltojen tilap\u00e4isen suojelun ohjelmassa vuodesta 1991 maan pitk\u00e4n sis\u00e4llissodan ja ep\u00e4vakauden vuoksi. Laki sallii v\u00e4liaikaisen suojelun antamisen jonkin maan kansalaisille, jos heit\u00e4 ei ole turvallista palauttaa kotimaahansa.<\/p>\n<p class=\"article-body mb-nof-24 px-nof-16\">Reutersin mukaan Yhdysvaltain kansallisen turvallisuuden ministeri <a class=\"font-bold underline-offset-[0.12em] [text-decoration:var(--person-link-text-decoration)] ![text-decoration-color:var(--person-link-text-decoration-color)]\" href=\"https:\/\/www.hs.fi\/haku\/?query=Kristi%20Noem\" rel=\"nofollow noopener\" target=\"_blank\">Kristi Noem <\/a>perusteli p\u00e4\u00e4t\u00f6st\u00e4 sill\u00e4, ett\u00e4 tilanne Somaliassa on parantunut, vaikka maan asevoimien ja \u00e4\u00e4rij\u00e4rjest\u00f6 al-Shabaabin v\u00e4liset taistelut jatkuvat edelleen.<\/p>\n<p class=\"article-body mb-nof-24 px-nof-16\">Yhdysvaltain somaliv\u00e4est\u00f6 on ollut presidentti Trumpin hallinnon huomion kohteena jo pitk\u00e4\u00e4n. Erityisesti hallinto on <a class=\"underline underline-offset-[0.12em] [text-decoration-thickness:var(--generic-link-underline-thickness)] [text-decoration-color:var(--generic-link-underline-color)] [text-decoration-skip-ink:var(--generic-link-underline-skip-ink)] break-words\" href=\"https:\/\/www.hs.fi\/maailma\/art-2000011740227.html\" rel=\"nofollow noopener\" target=\"_blank\">kohdistanut toimia Minnesotaan<\/a>, jossa asuu suuri osa Yhdysvaltojen somaliv\u00e4est\u00f6st\u00e4.<\/p>\n<p class=\"article-body mb-nof-24 px-nof-16\">Trumpin hallinto on k\u00e4ytt\u00e4nyt muun muassa Minnesotan somalialaisten keskuudessa ilmennytt\u00e4 suurta petosvyyhti\u00e4 ja siit\u00e4 seuranneita uusia petosep\u00e4ilyit\u00e4 syyn\u00e4 l\u00e4hett\u00e4\u00e4 osavaltioon suuren m\u00e4\u00e4r\u00e4n maahanmuutto- ja tulliviraston (ICE) agentteja. Operaatiota ei virallisesti suunnattu somaleihin, mutta se keskittyi kaupungin somalivoittoisille alueille.<\/p>\n<p class=\"article-body mb-nof-24 px-nof-16\">Viime viikolla ICE:n agentti ampui Minneapolisissa 37-vuotiaan <a class=\"font-bold underline-offset-[0.12em] [text-decoration:var(--person-link-text-decoration)] ![text-decoration-color:var(--person-link-text-decoration-color)]\" href=\"https:\/\/www.hs.fi\/haku\/?query=Renee%20Goodin\" rel=\"nofollow noopener\" target=\"_blank\">Renee Goodin<\/a>, joka oli <a class=\"underline underline-offset-[0.12em] [text-decoration-thickness:var(--generic-link-underline-thickness)] [text-decoration-color:var(--generic-link-underline-color)] [text-decoration-skip-ink:var(--generic-link-underline-skip-ink)] break-words\" href=\"https:\/\/www.hs.fi\/maailma\/art-2000011738179.html\" rel=\"nofollow noopener\" target=\"_blank\">ollut tarkkailemassa<\/a> viranomaisten toimintaa kotinsa l\u00e4hettyvill\u00e4.<\/p>\n","protected":false},"excerpt":{"rendered":"Yhdysvallat|Trumpin hallinto vaatii somalialaisia poistumaan maasta maaliskuun puoleenv\u00e4liin menness\u00e4. P\u00e4\u00e4t\u00f6s koskee noin 2\u202f500:aa ihmist\u00e4. Lue tiivistelm\u00e4 Presidentti Donald&hellip;\n","protected":false},"author":2,"featured_media":141419,"comment_status":"","ping_status":"","sticky":false,"template":"","format":"standard","meta":{"footnotes":""},"categories":[14],"tags":[22,23,26,27,33,31,30,17,46,24,25,28,29,15,18,21,32,19,20,56,16,59,60,61],"class_list":{"0":"post-141418","1":"post","2":"type-post","3":"status-publish","4":"format-standard","5":"has-post-thumbnail","7":"category-ulkomaat","8":"tag-breaking-news","9":"tag-breakingnews","10":"tag-featured-news","11":"tag-featurednews","12":"tag-fi","13":"tag-finland","14":"tag-finnish","15":"tag-headlines","16":"tag-helsingin-sanomat","17":"tag-latest-news","18":"tag-latestnews","19":"tag-main-news","20":"tag-mainnews","21":"tag-news","22":"tag-otsikot","23":"tag-paauutiset","24":"tag-suomi","25":"tag-top-stories","26":"tag-topstories","27":"tag-ulkomaat","28":"tag-uutiset","29":"tag-world","30":"tag-world-news","31":"tag-worldnews"},"share_on_mastodon":{"url":"https:\/\/pubeurope.com\/@fi\/115889406178589250","error":""},"_links":{"self":[{"href":"https:\/\/www.europesays.com\/fi\/wp-json\/wp\/v2\/posts\/141418","targetHints":{"allow":["GET"]}}],"collection":[{"href":"https:\/\/www.europesays.com\/fi\/wp-json\/wp\/v2\/posts"}],"about":[{"href":"https:\/\/www.europesays.com\/fi\/wp-json\/wp\/v2\/types\/post"}],"author":[{"embeddable":true,"href":"https:\/\/www.europesays.com\/fi\/wp-json\/wp\/v2\/users\/2"}],"replies":[{"embeddable":true,"href":"https:\/\/www.europesays.com\/fi\/wp-json\/wp\/v2\/comments?post=141418"}],"version-history":[{"count":0,"href":"https:\/\/www.europesays.com\/fi\/wp-json\/wp\/v2\/posts\/141418\/revisions"}],"wp:featuredmedia":[{"embeddable":true,"href":"https:\/\/www.europesays.com\/fi\/wp-json\/wp\/v2\/media\/141419"}],"wp:attachment":[{"href":"https:\/\/www.europesays.com\/fi\/wp-json\/wp\/v2\/media?parent=141418"}],"wp:term":[{"taxonomy":"category","embeddable":true,"href":"https:\/\/www.europesays.com\/fi\/wp-json\/wp\/v2\/categories?post=141418"},{"taxonomy":"post_tag","embeddable":true,"href":"https:\/\/www.europesays.com\/fi\/wp-json\/wp\/v2\/tags?post=141418"}],"curies":[{"name":"wp","href":"https:\/\/api.w.org\/{rel}","templated":true}]}}