{"id":141420,"date":"2026-01-13T19:19:09","date_gmt":"2026-01-13T19:19:09","guid":{"rendered":"https:\/\/www.europesays.com\/fi\/141420\/"},"modified":"2026-01-13T19:19:09","modified_gmt":"2026-01-13T19:19:09","slug":"elisalta-tiukka-vaatimus-iltalehti","status":"publish","type":"post","link":"https:\/\/www.europesays.com\/fi\/141420\/","title":{"rendered":"Elisalta tiukka vaatimus &#8211; Iltalehti"},"content":{"rendered":"<ol>\n<li><a href=\"https:\/\/news.google.com\/rss\/articles\/CBMie0FVX3lxTE1aZGczYmZfVEhJUW83YnZzX3JQSS02UFcwcUdXVS11LUdWUTlHWm9nemphRTlQT2JLNkJ1Rmwtd3dxdDJaT1UwOXJrUE85LWdvd0dsWkJyNXdIbkszcmlzMnZmUERwSUZ4N3djYmVHVi00cGVuaVU5clBnMA?oc=5\" target=\"_blank\" rel=\"nofollow noopener\">Elisalta tiukka vaatimus<\/a>&nbsp;&nbsp;Iltalehti<\/li>\n<li><a href=\"https:\/\/news.google.com\/rss\/articles\/CBMiXEFVX3lxTFBrMmJibG5FNXdxT19pNmkwRkJhbVdHNDVtc2VINU94UVdtblp0ZGo0RWFMRkZmNFpkR0dEalpZVjAxQWkyT3pCbzhKUHA5MUh4c0lSeVFzUjlrWkhD?oc=5\" target=\"_blank\" rel=\"nofollow noopener\">IL: Uusi tieto Fitburg-aluksen miehist\u00f6n j\u00e4senest\u00e4<\/a>&nbsp;&nbsp;Ilta-Sanomat<\/li>\n<li><a href=\"https:\/\/news.google.com\/rss\/articles\/CBMiWkFVX3lxTE1GODE2dDJmMHVHenhKdzJaYVFIdkdWQ0lpNXRDbW9salVSMUlMcE0xTURkR3Q2b1doT205RDBMNnBULTl2U3NzVVA5cmVOV0VycTBLckstU21UZw?oc=5\" target=\"_blank\" rel=\"nofollow noopener\">Kaapelirikko | Fitburg-alus poistui Suomesta muun muassa vartiolaiva Turvan saattamana<\/a>&nbsp;&nbsp;HS.fi<\/li>\n<li><a href=\"https:\/\/news.google.com\/rss\/articles\/CBMiZkFVX3lxTE1Tb1E4aGdvX2lPdWZXVGh2RDVkSldyQkE3UVI4SENCU0pJQjdzc3IydUdPby1QaGh5ZkZNdVpQeUlFOVBKUmpEUGJSX0d4X3ZkeHlvelZ2YzFSaGVaOGp3V0pIN0lEZw?oc=5\" target=\"_blank\" rel=\"nofollow noopener\">Elisa aikoo vaatia vahingonkorvauksia It\u00e4meren kaapelirikosta<\/a>&nbsp;&nbsp;Aamulehti<\/li>\n<li><a href=\"https:\/\/news.google.com\/rss\/articles\/CBMiQkFVX3lxTE9iWktBREMyNWlXT1ExWXB4VU85SVM5Sk04VV9rY05pbXQxUHU2c2ljdXYwdldwWlE1VTZLMF9yMFpPUQ?oc=5\" target=\"_blank\" rel=\"nofollow noopener\">Fitburg-alus on poistunut Suomesta<\/a>&nbsp;&nbsp;Yle<\/li>\n<\/ol>\n","protected":false},"excerpt":{"rendered":"Elisalta tiukka vaatimus&nbsp;&nbsp;Iltalehti IL: Uusi tieto Fitburg-aluksen miehist\u00f6n j\u00e4senest\u00e4&nbsp;&nbsp;Ilta-Sanomat Kaapelirikko | Fitburg-alus poistui Suomesta muun muassa vartiolaiva Turvan&hellip;\n","protected":false},"author":2,"featured_media":141421,"comment_status":"","ping_status":"","sticky":false,"template":"","format":"standard","meta":{"footnotes":""},"categories":[12],"tags":[35,22,23,26,27,33,31,30,17,24,25,121,28,29,631,3036,15,18,21,32,19,20,16,2569,2568],"class_list":{"0":"post-141420","1":"post","2":"type-post","3":"status-publish","4":"format-standard","5":"has-post-thumbnail","7":"category-suomi","8":"tag-24h","9":"tag-breaking-news","10":"tag-breakingnews","11":"tag-featured-news","12":"tag-featurednews","13":"tag-fi","14":"tag-finland","15":"tag-finnish","16":"tag-headlines","17":"tag-latest-news","18":"tag-latestnews","19":"tag-liikenne-ja-kuljetus","20":"tag-main-news","21":"tag-mainnews","22":"tag-matkapuhelimet-ja-mobiililaitteet","23":"tag-meri-ja-rannikkoliikenne","24":"tag-news","25":"tag-otsikot","26":"tag-paauutiset","27":"tag-suomi","28":"tag-top-stories","29":"tag-topstories","30":"tag-uutiset","31":"tag-vesikulkuneuvot","32":"tag-vesiliikenne"},"share_on_mastodon":{"url":"https:\/\/pubeurope.com\/@fi\/115889410103042606","error":""},"_links":{"self":[{"href":"https:\/\/www.europesays.com\/fi\/wp-json\/wp\/v2\/posts\/141420","targetHints":{"allow":["GET"]}}],"collection":[{"href":"https:\/\/www.europesays.com\/fi\/wp-json\/wp\/v2\/posts"}],"about":[{"href":"https:\/\/www.europesays.com\/fi\/wp-json\/wp\/v2\/types\/post"}],"author":[{"embeddable":true,"href":"https:\/\/www.europesays.com\/fi\/wp-json\/wp\/v2\/users\/2"}],"replies":[{"embeddable":true,"href":"https:\/\/www.europesays.com\/fi\/wp-json\/wp\/v2\/comments?post=141420"}],"version-history":[{"count":0,"href":"https:\/\/www.europesays.com\/fi\/wp-json\/wp\/v2\/posts\/141420\/revisions"}],"wp:featuredmedia":[{"embeddable":true,"href":"https:\/\/www.europesays.com\/fi\/wp-json\/wp\/v2\/media\/141421"}],"wp:attachment":[{"href":"https:\/\/www.europesays.com\/fi\/wp-json\/wp\/v2\/media?parent=141420"}],"wp:term":[{"taxonomy":"category","embeddable":true,"href":"https:\/\/www.europesays.com\/fi\/wp-json\/wp\/v2\/categories?post=141420"},{"taxonomy":"post_tag","embeddable":true,"href":"https:\/\/www.europesays.com\/fi\/wp-json\/wp\/v2\/tags?post=141420"}],"curies":[{"name":"wp","href":"https:\/\/api.w.org\/{rel}","templated":true}]}}