{"id":141422,"date":"2026-01-13T19:20:07","date_gmt":"2026-01-13T19:20:07","guid":{"rendered":"https:\/\/www.europesays.com\/fi\/141422\/"},"modified":"2026-01-13T19:20:07","modified_gmt":"2026-01-13T19:20:07","slug":"outo-moly-valtaa-kiovan-iltaisin-se-on-huolestuttava-merkki-voi-muuttua-nopeasti-katastrofiksi","status":"publish","type":"post","link":"https:\/\/www.europesays.com\/fi\/141422\/","title":{"rendered":"Outo m\u00f6ly valtaa Kiovan iltaisin \u2013 Se on huolestuttava merkki: &#8221;Voi muuttua nopeasti katastrofiksi&#8221;"},"content":{"rendered":"<p>Kiovan kyky selviyty\u00e4 kaupunkina riippuu p\u00e4\u00e4kaupungissa asuvan Lucan mielest\u00e4 etenkin kahdesta asiasta.<\/p>\n<p class=\"paragraph\">Talvi on iskenyt rymin\u00e4ll\u00e4 my\u00f6s Ukrainaan. <a href=\"https:\/\/kyivindependent.com\/about\/?utm_source=press-coverage&amp;utm_medium=press\" target=\"_blank\" rel=\"noopener nofollow\">The Kyiv Independentin<\/a> toimittaja <strong>Luca Moffat<\/strong> istuu tammikuisena iltana ty\u00f6paikallaan p\u00e4\u00e4kaupunki Kiovassa. Toimituksessa on viile\u00e4\u00e4 ja pime\u00e4\u00e4, sill\u00e4 generaattori ei ole viikonloppuisin p\u00e4\u00e4ll\u00e4. H\u00e4nell\u00e4 on valaisimena taskulamppu ja yll\u00e4\u00e4n viltti sek\u00e4 huivi l\u00e4mmikkeen\u00e4.<\/p>\n<p class=\"paragraph\">Suomen tavoin Ukrainassakin elet\u00e4\u00e4n t\u00e4ll\u00e4 hetkell\u00e4 hyvin kylmiss\u00e4 olosuhteissa. Pakkasta on Kiovassakin toistakymment\u00e4 astetta ja viimeksi perjantain vastaisena y\u00f6n\u00e4 Ven\u00e4j\u00e4 iski sinne voimakkaasti, per\u00e4ti 35 ohjuksen voimin. Kaikkiaan se kohdisti Ukrainaan kyseisen\u00e4 y\u00f6n\u00e4 kymmenien ohjusten lis\u00e4ksi per\u00e4ti 242 droonia.<\/p>\n<p class=\"paragraph\">Iskun kohteena oli my\u00f6s L\u00e4nsi-Ukrainan Lviv. Ven\u00e4j\u00e4n asevoimat k\u00e4ytti siell\u00e4 ohjusta, jota se oli vain kerran aiemmin k\u00e4ytt\u00e4nyt Ukrainan sodassa. Kyseess\u00e4 oli keskipitk\u00e4n kantaman Ore\u0161nik-ohjus, jonka toimintas\u00e4de on noin 3\u00a0000\u20135\u00a0500 kilometri\u00e4.<\/p>\n<p class=\"paragraph\">Asiantuntijoiden mukaan Ore\u0161nikissa uutta on se, ett\u00e4 siin\u00e4 on <a href=\"https:\/\/www.iltalehti.fi\/ulkomaat\/8ec73061-41d3-4759-b094-6e940aaba4eb\" rel=\"nofollow noopener\" target=\"_blank\">useita<\/a> taisteluk\u00e4rki\u00e4, joilla pystyt\u00e4\u00e4n iskem\u00e4\u00e4n samanaikaisesti eri kohteisiin. Kyseinen ominaisuus on tavallisesti liitetty ydink\u00e4rki\u00e4 kuljettamaan tarkoitettuihin pitk\u00e4n kantaman mannertenv\u00e4lisiin ballistisiin ohjuksiin.<\/p>\n<p class=\"paragraph\">Perjantain vastaisen y\u00f6n iskuissa kuoli nelj\u00e4 ihmist\u00e4 ja loukkaantui ainakin 25. Paljon energiainfrastruktuuria vaurioitui my\u00f6s.<\/p>\n<p>Perjantaina otetussa kuvassa yksi vaurioituneista asuinrakennuksista. Olena Zashko\/The Kyiv Independent<\/p>\n<p class=\"paragraph\">Kiovassa n\u00e4kyy nyky\u00e4\u00e4n generaattoreita kaikkialla. Niist\u00e4 on suuri apu, kun Ven\u00e4j\u00e4 iskee voimalla vaurioittaen muun muassa s\u00e4hk\u00f6n- ja l\u00e4mm\u00f6ntuotantolaitoksia.<\/p>\n<p class=\"paragraph\">\u2013 Jos k\u00e4velet sellaisen kaupunginosan l\u00e4pi, jossa on ollut s\u00e4hk\u00f6katkos, siell\u00e4 on eritt\u00e4in \u00e4\u00e4nek\u00e4st\u00e4, koska kaikki generaattorit ovat k\u00e4ynniss\u00e4. Kaikki katuvalot ovat sammuneet, joten kaduilla on melkoisen pime\u00e4\u00e4. Kaupat ovat kuitenkin valaistuja, koska niill\u00e4 on generaattorit k\u00e4yt\u00f6ss\u00e4, brittitaustainen Moffat kertoo Iltalehdelle puhelimitse Kiovasta.<\/p>\n<p class=\"paragraph\">H\u00e4n on asunut ja ty\u00f6skennellyt Ukrainassa viime maaliskuusta l\u00e4htien. Vaikka Ven\u00e4j\u00e4 tietoisesti pyrkii tukaloittamaan siviilien el\u00e4m\u00e4\u00e4 iskuillaan, ei Moffat usko sen lannistavan ukrainalaisten taistelutahtoa. Tilanne on kuitenkin pelottava.<\/p>\n<p class=\"paragraph\">\u2013 Iskut ovat todella pelottavia. On paljon ihmisi\u00e4, jotka kokevat kamalaa k\u00e4rsimyst\u00e4. Suurten iskujen aikaan nukkuminenkin on vaikeaa. Pahin tilanne on tietysti rintamalinjan l\u00e4heisyydess\u00e4.<\/p>\n<p>N\u00e4kym\u00e4 vaurioituneen asuinrakennuksen sis\u00e4lt\u00e4. Olena Zashko\/The Kyiv Independent<\/p>\n<p>J\u00e4re\u00e4 ohjus<\/p>\n<p class=\"paragraph\">Ven\u00e4j\u00e4 on koko laajamittaisen sodan aikana kohdistanut iskuja Ukrainan energiainfrastruktuuriin. Moffat muistuttaa, ett\u00e4 kaasuntuotantoon Ven\u00e4j\u00e4 ei kuitenkaan ollut iskenyt ennen viime vuotta. Sinne iskut kohdistuivat ensimm\u00e4isen kerran vasta alkuvuodesta 2025 alkaen. Lokakuuhun menness\u00e4 jopa 60 prosenttia Ukrainan kaasuntuotantokapasiteetista oli vaurioitunut hy\u00f6kk\u00e4ysten vuoksi.<\/p>\n<p class=\"paragraph\">\u2013 Pohjimmiltaan Ven\u00e4j\u00e4 yritt\u00e4\u00e4 pakottaa Ukrainan antautumaan. Mielest\u00e4ni se jos mik\u00e4 vahvistaa monien ihmisten tahtoa taistella Ven\u00e4j\u00e4n hy\u00f6kk\u00e4yst\u00e4 vastaan.<\/p>\n<p class=\"paragraph\">Moffatin mielest\u00e4 se, ett\u00e4 Ven\u00e4j\u00e4 iski niin j\u00e4re\u00e4ll\u00e4 ohjuksella nimenomaan Lvivin alueelle l\u00e4hell\u00e4 Puolan vastaista rajaa, osoitti selke\u00e4\u00e4 halua n\u00e4ytt\u00e4\u00e4 voimaa. Samalla se toimii keinona pelotella Ukrainan v\u00e4est\u00f6\u00e4.<\/p>\n<p class=\"paragraph\">\u2013 Yhden ballistisen ohjuksen pys\u00e4ytt\u00e4minen on jo vaikeaa. Ore\u0161nik jakautuu kuuteen eri taisteluk\u00e4rkeen laskeutuessaan maahan, mik\u00e4 tekee sen torjunnasta eritt\u00e4in vaikean.<\/p>\n<p>Luca Moffat muutti Ukrainaan viime vuonna. Nyt h\u00e4n ty\u00f6skentelee toimittajana. The Kyiv Independent<\/p>\n<p class=\"paragraph\">Ven\u00e4j\u00e4n presidentti <strong>Vladimir Putin<\/strong> v\u00e4itti marraskuussa 2024 Ore\u0161nikin olevan niin kehittynyt, ett\u00e4 nykyaikaiset ilmapuolustusj\u00e4rjestelm\u00e4t eiv\u00e4t pysty torjumaan niit\u00e4. Ohjuksen on aiemmin <a href=\"https:\/\/www.iltalehti.fi\/ulkomaat\/7e9467e1-3c41-41c5-9d0d-3732c858d8af\" rel=\"nofollow noopener\" target=\"_blank\">v\u00e4itetty<\/a> my\u00f6s olevan Ven\u00e4j\u00e4n uusi huippumoderni superase, jota vastaan ei ole torjuntakeinoja sen kymmenkertaisen \u00e4\u00e4nennopeuden takia.<\/p>\n<p class=\"paragraph\">Iltalehden sota-asiantuntija <strong>Emil Kastehelmen<\/strong> arvion mukaan Putinin ja Ven\u00e4j\u00e4n v\u00e4itteet ovat todenn\u00e4k\u00f6isesti liioiteltuja. Ohjuksen paisuttelu &#8221;superaseeksi&#8221; on my\u00f6s jotain, mit\u00e4 Ven\u00e4j\u00e4 haluaa n\u00e4hd\u00e4 tapahtuvan.<\/p>\n<p class=\"paragraph\">\u2013 Superase on t\u00e4m\u00e4n sodan viitekehyksess\u00e4 superase silloin, kun niit\u00e4 pystyt\u00e4\u00e4n valmistamaan sek\u00e4 k\u00e4ytt\u00e4m\u00e4\u00e4n jatkuvasti riitt\u00e4vi\u00e4 m\u00e4\u00e4ri\u00e4 ja kun ne osoittautuvat tehokkaiksi, Kastehelmi sanoo.<\/p>\n<p class=\"paragraph\">Toistaiseksi Ven\u00e4j\u00e4 ei ole kyseisell\u00e4 aseella kyennyt saavuttamaan mit\u00e4\u00e4n suuria l\u00e4pimurtoja, vaikka kyseess\u00e4 onkin kiistatta tulivoimainen ohjus.<\/p>\n<p class=\"paragraph\">Perjantain vastaisen y\u00f6n iskun osalta Kastehelmi sanoo sen olevan ep\u00e4todenn\u00e4k\u00f6ist\u00e4, ett\u00e4 iskuun k\u00e4ytetyss\u00e4 Ore\u0161nikiss\u00e4 olisi ollut mukana varsinaista taisteluk\u00e4rke\u00e4. On my\u00f6s mahdollista, ett\u00e4 se oli vioittunut. Ydink\u00e4rke\u00e4 ohjuksessa ei luonnollisestikaan ollut.<\/p>\n<p>Hyyt\u00e4vi\u00e4 p\u00e4ivi\u00e4 luvassa<\/p>\n<p class=\"paragraph\">Riippumatta ohjuksen laadullisista ominaisuuksista, onnistuu Ven\u00e4j\u00e4 takuulla aiheuttamaan huolta ja pelkoa joka kerta, kun se l\u00e4hett\u00e4\u00e4 ohjuksiaan kohti Ukrainaa.<\/p>\n<p class=\"paragraph\">El\u00e4m\u00e4 Ukrainassa ja p\u00e4\u00e4kaupunki Kiovassa kuitenkin jatkuu sodasta huolimatta. Ihmiset yritt\u00e4v\u00e4t el\u00e4\u00e4 el\u00e4m\u00e4\u00e4ns\u00e4 mahdollisimman normaalisti. Kun h\u00e4iri\u00f6tiloja tulee, kaupunki pyrkii tarjoamaan asukkaille paikkoja, joista saa muun muassa l\u00e4mp\u00f6\u00e4, suojaa ja mahdollisuuden ladata s\u00e4hk\u00f6laitteita.<\/p>\n<p class=\"paragraph\">\u2013 Kaikesta huolimatta kaupunki on elossa eik\u00e4 osoita mit\u00e4\u00e4n hiipumisen merkkej\u00e4, Moffat sanoo.<\/p>\n<p class=\"paragraph\">P\u00e4\u00e4kaupunkiin on luvattu alkaneelle viikolle l\u00e4hes 20 asteen pakkasia. Kiovan kyky selviyty\u00e4 kaupunkina riippuu Moffatin mielest\u00e4 etenkin kahdesta asiasta: Ven\u00e4j\u00e4n hy\u00f6kk\u00e4yksist\u00e4 ja Ukrainan ilmapuolustuskyvyst\u00e4.<\/p>\n<p class=\"paragraph\">\u2013 Jos Ven\u00e4j\u00e4 hy\u00f6kk\u00e4\u00e4 energialaitoksiin y\u00f6t\u00e4 p\u00e4iv\u00e4\u00e4 eik\u00e4 Ukrainalla ole tarpeeksi ilmatorjuntakyky\u00e4, Kiovakin voi muuttua nopeasti humanit\u00e4\u00e4riseksi katastrofiksi.<\/p>\n<p>Kuvassa v\u00e4itetysti Shahed-lennokin osia vaurioituneen asuinrakennuksen l\u00e4hist\u00f6ll\u00e4. Olena Zashko\/The Kyiv Independent<\/p>\n<p class=\"paragraph\">Alueella asuu miljoonia ihmisi\u00e4, jotka jouduttaisiin pahimmassa tapauksessa evakuoimaan.<\/p>\n<p class=\"paragraph\">\u2013 Se on tarkoin varjeltu salaisuus, kuinka paljon ilmapuolustuskyky\u00e4 Ukrainalla on. Ja se, mit\u00e4 Ven\u00e4j\u00e4 aikoo tehd\u00e4, montako kertaa se aikoo hy\u00f6k\u00e4t\u00e4, on vain Putinin ja h\u00e4nen l\u00e4hipiirins\u00e4 tiedossa. N\u00e4m\u00e4 ovat kaksi merkityksellisint\u00e4 tekij\u00e4\u00e4.<\/p>\n<p class=\"paragraph\">Vajaan vuoden Kiovassa asunut mies kuvailee paikallisia ihmisi\u00e4 sitkeiksi. He kest\u00e4v\u00e4t tunteja ilman s\u00e4hk\u00f6\u00e4 ja l\u00e4mmityst\u00e4, jopa vett\u00e4.<\/p>\n<p class=\"paragraph\">\u2013 Vaikeuksienkin keskell\u00e4 l\u00f6yd\u00e4mme keinon jatkaa el\u00e4m\u00e4\u00e4 kaupungissa, jossa haluamme el\u00e4\u00e4. Mutta jokainen p\u00e4iv\u00e4 sotaa on ukrainalaisille \u00e4\u00e4rimm\u00e4isen raskas. Ihmiset ovat sitkeit\u00e4, koska vaihtoehtoa ei ole.<\/p>\n","protected":false},"excerpt":{"rendered":"Kiovan kyky selviyty\u00e4 kaupunkina riippuu p\u00e4\u00e4kaupungissa asuvan Lucan mielest\u00e4 etenkin kahdesta asiasta. Talvi on iskenyt rymin\u00e4ll\u00e4 my\u00f6s Ukrainaan.&hellip;\n","protected":false},"author":2,"featured_media":141423,"comment_status":"","ping_status":"","sticky":false,"template":"","format":"standard","meta":{"footnotes":""},"categories":[5],"tags":[35,820,22,23,26,27,33,31,30,17,24,25,803,28,29,1171,15,18,21,32,19,20,16,1262,1665],"class_list":{"0":"post-141422","1":"post","2":"type-post","3":"status-publish","4":"format-standard","5":"has-post-thumbnail","7":"category-otsikot","8":"tag-24h","9":"tag-aseet","10":"tag-breaking-news","11":"tag-breakingnews","12":"tag-featured-news","13":"tag-featurednews","14":"tag-fi","15":"tag-finland","16":"tag-finnish","17":"tag-headlines","18":"tag-latest-news","19":"tag-latestnews","20":"tag-levottomuudet-ja-sodat","21":"tag-main-news","22":"tag-mainnews","23":"tag-neuvostoliitto","24":"tag-news","25":"tag-otsikot","26":"tag-paauutiset","27":"tag-suomi","28":"tag-top-stories","29":"tag-topstories","30":"tag-uutiset","31":"tag-venajan-politiikka","32":"tag-venalaiset-poliitikot"},"share_on_mastodon":{"url":"https:\/\/pubeurope.com\/@fi\/115889414011961807","error":""},"_links":{"self":[{"href":"https:\/\/www.europesays.com\/fi\/wp-json\/wp\/v2\/posts\/141422","targetHints":{"allow":["GET"]}}],"collection":[{"href":"https:\/\/www.europesays.com\/fi\/wp-json\/wp\/v2\/posts"}],"about":[{"href":"https:\/\/www.europesays.com\/fi\/wp-json\/wp\/v2\/types\/post"}],"author":[{"embeddable":true,"href":"https:\/\/www.europesays.com\/fi\/wp-json\/wp\/v2\/users\/2"}],"replies":[{"embeddable":true,"href":"https:\/\/www.europesays.com\/fi\/wp-json\/wp\/v2\/comments?post=141422"}],"version-history":[{"count":0,"href":"https:\/\/www.europesays.com\/fi\/wp-json\/wp\/v2\/posts\/141422\/revisions"}],"wp:featuredmedia":[{"embeddable":true,"href":"https:\/\/www.europesays.com\/fi\/wp-json\/wp\/v2\/media\/141423"}],"wp:attachment":[{"href":"https:\/\/www.europesays.com\/fi\/wp-json\/wp\/v2\/media?parent=141422"}],"wp:term":[{"taxonomy":"category","embeddable":true,"href":"https:\/\/www.europesays.com\/fi\/wp-json\/wp\/v2\/categories?post=141422"},{"taxonomy":"post_tag","embeddable":true,"href":"https:\/\/www.europesays.com\/fi\/wp-json\/wp\/v2\/tags?post=141422"}],"curies":[{"name":"wp","href":"https:\/\/api.w.org\/{rel}","templated":true}]}}