{"id":141424,"date":"2026-01-13T19:24:06","date_gmt":"2026-01-13T19:24:06","guid":{"rendered":"https:\/\/www.europesays.com\/fi\/141424\/"},"modified":"2026-01-13T19:24:06","modified_gmt":"2026-01-13T19:24:06","slug":"osa-avaruusaseman-miehistosta-palaa-maanpinnalle-laaketieteellisesta-syysta","status":"publish","type":"post","link":"https:\/\/www.europesays.com\/fi\/141424\/","title":{"rendered":"Osa avaruusaseman miehist\u00f6st\u00e4 palaa maanpinnalle l\u00e4\u00e4ketieteellisest\u00e4 syyst\u00e4"},"content":{"rendered":"<p>Ensimm\u00e4ist\u00e4 kertaa Kansainv\u00e4lisen avaruusaseman historiassa miehist\u00f6n j\u00e4senen sairastuminen muuttaa aikatauluja. Nelihenkinen Dragon-aluksen miehist\u00f6 palaa maanpinnalle ennenaikaisesti t\u00e4ll\u00e4 viikolla.&#13;<\/p>\n<p class=\"bodytext\">Nasa kertoi l\u00e4\u00e4ketieteellisest\u00e4 poikkeustilanteesta avaruusasemalla 7. tammikuuta ja ilmoitti samalla suunnitellun avaruusk\u00e4velyn perumisesta.\n<\/p>\n<p>Avaruusj\u00e4rjest\u00f6 salasi visusti, kuka nelihenkisest\u00e4 Dragon-aluksella matkanneesta miehist\u00f6st\u00e4 on sairastunut.\n<\/p>\n<p>\u201cAstronauttiemme terveys ja hyvinvointi on aina ollut korkein prioriteettimme. 7. tammikuuta yksi miehist\u00f6n j\u00e4senist\u00e4 koki sairauskohtauksen, mutta h\u00e4nen tilansa on nyt vakaa. Keskusteltuani tiimien kanssa olen tullut siihen tulokseen, ett\u00e4 miehist\u00f6n on paras palata ennenaikaisesti\u201d, tiedotti Nasan p\u00e4\u00e4johtaja <strong>Jared Isaacman<\/strong> <a href=\"https:\/\/www.youtube.com\/live\/ffcV3jCwwPk\" target=\"_blank\" rel=\"noreferrer nofollow noopener\">seuraavana p\u00e4iv\u00e4n\u00e4<\/a>.\n<\/p>\n<p>SpaceX Dragon 11 -miehist\u00f6\u00f6n kuuluvat Nasan <strong>Mike Fincke<\/strong> ja <strong>Zena Cardman<\/strong>, Ven\u00e4j\u00e4n <strong>Oleg Platonov<\/strong> ja Japanin <strong>Kimiya Yui<\/strong>. Japanin avaruusj\u00e4rjest\u00f6 Jaxa on tiedottanut, ett\u00e4 sairastunut ei ole Yui.\n<\/p>\n<p>Alkujaan Dragon-aluksen kuljettamien miehist\u00f6n j\u00e4senten oli m\u00e4\u00e4r\u00e4 palata helmikuun puoliv\u00e4liss\u00e4. Muutoksen my\u00f6t\u00e4 kaikki nelj\u00e4 palaavat aluksella nopeutetusti kuukautta aiemmin.\n<\/p>\n<p>Nasan suunnitelman mukaan Dragon irrottautuu avaruusasemasta keskiviikkoiltana Suomen aikaa ja laskeutuu torstaiaamuna.\n<\/p>\n<p>Osana poikkeusj\u00e4rjestelyj\u00e4 Nasan astronautti <strong>Mike Fincke<\/strong> luovutti ISS:n komentajuuden Ven\u00e4j\u00e4n <strong>Sergey Kud-Sverchkoville<\/strong> maanantaina. ISS:lle j\u00e4\u00e4 ennenaikaisen paluun j\u00e4lkeen kolmihenkinen miehist\u00f6 eli Sojuzin kyydiss\u00e4 avaruusasemalle <a href=\"https:\/\/www.avaruus.fi\/uutiset\/miehitetyt-avaruuslennot\/venaejae-ei-toistaiseksi-kykene-laehettaemaeaen-kosmonautteja-avaruuteen.html\" target=\"_blank\" rel=\"nofollow noopener\">marraskuun lopussa matkanneet<\/a> yksi amerikkalainen ja kaksi ven\u00e4l\u00e4ist\u00e4 miehist\u00f6n j\u00e4sent\u00e4.\n<\/p>\n<p>Seuraavalla Dragon-aluksella laukaistavan miehist\u00f6n on m\u00e4\u00e4r\u00e4 lent\u00e4\u00e4 avaruusasemalle helmikuun puoliv\u00e4liss\u00e4. Nasa tutkii mahdollisuuksia aikaistaa lentoa, mutta se saattaa olla vaikeaa etenkin, kun Kuun kiert\u00e4v\u00e4 Artemis II -lento on n\u00e4ill\u00e4 n\u00e4kymin suunnitteilla laukaistavaksi helmikuun alkupuolella.\n<\/p>\n<p><a href=\"https:\/\/www.nasa.gov\/blogs\/spacestation\/2026\/01\/12\/fincke-hands-over-station-command-crew-preps-for-wednesday-departure\/\" target=\"_blank\" rel=\"noreferrer nofollow noopener\">Aiheesta lis\u00e4\u00e4 Nasa<\/a> (englanniksi)<\/p>\n","protected":false},"excerpt":{"rendered":"Ensimm\u00e4ist\u00e4 kertaa Kansainv\u00e4lisen avaruusaseman historiassa miehist\u00f6n j\u00e4senen sairastuminen muuttaa aikatauluja. Nelihenkinen Dragon-aluksen miehist\u00f6 palaa maanpinnalle ennenaikaisesti t\u00e4ll\u00e4 viikolla.&#13;&hellip;\n","protected":false},"author":2,"featured_media":141425,"comment_status":"","ping_status":"","sticky":false,"template":"","format":"standard","meta":{"footnotes":""},"categories":[114],"tags":[453,33,31,30,118,452,32,119],"class_list":{"0":"post-141424","1":"post","2":"type-post","3":"status-publish","4":"format-standard","5":"has-post-thumbnail","7":"category-avaruus","8":"tag-avaruus","9":"tag-fi","10":"tag-finland","11":"tag-finnish","12":"tag-science","13":"tag-space","14":"tag-suomi","15":"tag-tiede"},"share_on_mastodon":{"url":"https:\/\/pubeurope.com\/@fi\/115889429719463976","error":""},"_links":{"self":[{"href":"https:\/\/www.europesays.com\/fi\/wp-json\/wp\/v2\/posts\/141424","targetHints":{"allow":["GET"]}}],"collection":[{"href":"https:\/\/www.europesays.com\/fi\/wp-json\/wp\/v2\/posts"}],"about":[{"href":"https:\/\/www.europesays.com\/fi\/wp-json\/wp\/v2\/types\/post"}],"author":[{"embeddable":true,"href":"https:\/\/www.europesays.com\/fi\/wp-json\/wp\/v2\/users\/2"}],"replies":[{"embeddable":true,"href":"https:\/\/www.europesays.com\/fi\/wp-json\/wp\/v2\/comments?post=141424"}],"version-history":[{"count":0,"href":"https:\/\/www.europesays.com\/fi\/wp-json\/wp\/v2\/posts\/141424\/revisions"}],"wp:featuredmedia":[{"embeddable":true,"href":"https:\/\/www.europesays.com\/fi\/wp-json\/wp\/v2\/media\/141425"}],"wp:attachment":[{"href":"https:\/\/www.europesays.com\/fi\/wp-json\/wp\/v2\/media?parent=141424"}],"wp:term":[{"taxonomy":"category","embeddable":true,"href":"https:\/\/www.europesays.com\/fi\/wp-json\/wp\/v2\/categories?post=141424"},{"taxonomy":"post_tag","embeddable":true,"href":"https:\/\/www.europesays.com\/fi\/wp-json\/wp\/v2\/tags?post=141424"}],"curies":[{"name":"wp","href":"https:\/\/api.w.org\/{rel}","templated":true}]}}