{"id":141430,"date":"2026-01-13T19:39:07","date_gmt":"2026-01-13T19:39:07","guid":{"rendered":"https:\/\/www.europesays.com\/fi\/141430\/"},"modified":"2026-01-13T19:39:07","modified_gmt":"2026-01-13T19:39:07","slug":"tommi-makiselta-huonoja-uutisia-rallikansalle-todella-harmillinen-homma","status":"publish","type":"post","link":"https:\/\/www.europesays.com\/fi\/141430\/","title":{"rendered":"Tommi M\u00e4kiselt\u00e4 huonoja uutisia rallikansalle: &#8221;Todella harmillinen homma&#8221;"},"content":{"rendered":"<p>Joulukuun puolella paljastui, ett\u00e4 M\u00e4kisen suunnitelmissa oli startata niin sanottuna nolla-autona Mikkelin SM-rallin erikoiskokeille. Kisaj\u00e4rjest\u00e4j\u00e4t tiedottivat kuitenkin tiistai-iltana, ett\u00e4 M\u00e4kinen on nyt joutunut perumaan ajokeikkansa.<\/p>\n<p>\u2013 Auto ei ollutkaan siin\u00e4 kunnossa, ett\u00e4 olisin voinut l\u00e4hte\u00e4 ajamaan. Jousitus piti l\u00e4hett\u00e4\u00e4 Ranskaan huoltoon, enk\u00e4 olisi ehtinyt testata autoa uudella jousituksella, M\u00e4kinen selvitti.<\/p>\n<p>M\u00e4kisen oli tarkoitus vet\u00e4\u00e4 p\u00e4tk\u00e4t l\u00e4pi Puuppolassa rakennetulla Toyota Yaris WRC:ll\u00e4, joka oli aikoinaan h\u00e4nen johtamansa Toyotan WRC-tiimin testiauto. M\u00e4kinen oli k\u00e4ynyt viime talvena ajamassa autolla j\u00e4\u00e4radalla, ja v\u00e4hitellen h\u00e4nelle syntyi idea kilpurin ulkoiluttamisesta SM-rallissa.<\/p>\n<p>Nyt M\u00e4kinen ei kuitenkaan p\u00e4\u00e4se viihdytt\u00e4m\u00e4\u00e4n suomalaista rallikansaa tehokkaalla menopelill\u00e4\u00e4n.<\/p>\n<p>M\u00e4kinen my\u00f6nt\u00e4\u00e4, ett\u00e4 h\u00e4nen olisi pit\u00e4nyt ottaa aiemmin selv\u00e4\u00e4 auton kunnosta.<\/p>\n<p>\u2013 Aikataulun suhteen oli omaa huolimattomuutta, ett\u00e4 en ehtinyt hoitaa kaikkea kuntoon. T\u00e4m\u00e4 on todella harmillinen homma, M\u00e4kinen pahoitteli.<\/p>\n<p>Mikkelin SM-rallissa ajetaan kaikkiaan seitsem\u00e4n erikoiskoetta lauantaina. Kilpailun ykk\u00f6ssuosikki on viime vuonna mestaruuden voittanut <strong>Esapekka Lappi<\/strong>, joka saa haastajakseen muun muassa <strong>Lauri Joonan<\/strong>.<\/p>\n","protected":false},"excerpt":{"rendered":"Joulukuun puolella paljastui, ett\u00e4 M\u00e4kisen suunnitelmissa oli startata niin sanottuna nolla-autona Mikkelin SM-rallin erikoiskokeille. Kisaj\u00e4rjest\u00e4j\u00e4t tiedottivat kuitenkin tiistai-iltana,&hellip;\n","protected":false},"author":2,"featured_media":141431,"comment_status":"","ping_status":"","sticky":false,"template":"","format":"standard","meta":{"footnotes":""},"categories":[158],"tags":[33,31,30,24350,3606,159,32,24351,160],"class_list":{"0":"post-141430","1":"post","2":"type-post","3":"status-publish","4":"format-standard","5":"has-post-thumbnail","7":"category-urheilu","8":"tag-fi","9":"tag-finland","10":"tag-finnish","11":"tag-mikkelin-sm-ralli","12":"tag-rallin-sm-sarja","13":"tag-sports","14":"tag-suomi","15":"tag-tommi-makinen","16":"tag-urheilu"},"share_on_mastodon":{"url":"https:\/\/pubeurope.com\/@fi\/115889488745615218","error":""},"_links":{"self":[{"href":"https:\/\/www.europesays.com\/fi\/wp-json\/wp\/v2\/posts\/141430","targetHints":{"allow":["GET"]}}],"collection":[{"href":"https:\/\/www.europesays.com\/fi\/wp-json\/wp\/v2\/posts"}],"about":[{"href":"https:\/\/www.europesays.com\/fi\/wp-json\/wp\/v2\/types\/post"}],"author":[{"embeddable":true,"href":"https:\/\/www.europesays.com\/fi\/wp-json\/wp\/v2\/users\/2"}],"replies":[{"embeddable":true,"href":"https:\/\/www.europesays.com\/fi\/wp-json\/wp\/v2\/comments?post=141430"}],"version-history":[{"count":0,"href":"https:\/\/www.europesays.com\/fi\/wp-json\/wp\/v2\/posts\/141430\/revisions"}],"wp:featuredmedia":[{"embeddable":true,"href":"https:\/\/www.europesays.com\/fi\/wp-json\/wp\/v2\/media\/141431"}],"wp:attachment":[{"href":"https:\/\/www.europesays.com\/fi\/wp-json\/wp\/v2\/media?parent=141430"}],"wp:term":[{"taxonomy":"category","embeddable":true,"href":"https:\/\/www.europesays.com\/fi\/wp-json\/wp\/v2\/categories?post=141430"},{"taxonomy":"post_tag","embeddable":true,"href":"https:\/\/www.europesays.com\/fi\/wp-json\/wp\/v2\/tags?post=141430"}],"curies":[{"name":"wp","href":"https:\/\/api.w.org\/{rel}","templated":true}]}}