{"id":141436,"date":"2026-01-13T19:44:07","date_gmt":"2026-01-13T19:44:07","guid":{"rendered":"https:\/\/www.europesays.com\/fi\/141436\/"},"modified":"2026-01-13T19:44:07","modified_gmt":"2026-01-13T19:44:07","slug":"joulu-on-ohi-ruotsin-hovilta-paljonpuhuva-video","status":"publish","type":"post","link":"https:\/\/www.europesays.com\/fi\/141436\/","title":{"rendered":"Joulu on ohi \u2013 Ruotsin hovilta paljonpuhuva video"},"content":{"rendered":"<p>Ruotsin hovi julkaisi Instagramissa videon, jossa hyv\u00e4stell\u00e4\u00e4n joulu.<\/p>\n<p><img decoding=\"async\" class=\"image image-show image-preview\" src=\"https:\/\/www.europesays.com\/fi\/wp-content\/uploads\/2026\/01\/2d08fa2f2a4ffa01c33e01f7c5114849731b4c3d0ada1ec91a59eb08e9bccdf2.jpg\" alt=\"\"\/><img decoding=\"async\" class=\"image image-show\" src=\"https:\/\/www.europesays.com\/fi\/wp-content\/uploads\/2026\/01\/1768333447_524_2d08fa2f2a4ffa01c33e01f7c5114849731b4c3d0ada1ec91a59eb08e9bccdf2.jpg\" alt=\"\"\/><\/p>\n<p>Ruotsin hovissa on vietetty joulua runsain menoin. HENRIC WAUGE<\/p>\n<p class=\"paragraph\">T\u00e4n\u00e4\u00e4n vietet\u00e4\u00e4n nuutinp\u00e4iv\u00e4\u00e4, mik\u00e4 tarkoittaa vanhan kansanperinteen mukaan joulun p\u00e4\u00e4ttymist\u00e4.<\/p>\n<p class=\"paragraph\">Juhlakausi on ohi my\u00f6s Ruotsin hovissa. Kuningashuone jakoi tiistaina Instagram-tilill\u00e4\u00e4n videon, jossa kuninkaanlinnan parvekkeelta tiputetaan joulukuusi. Videoon on liitetty ruotsalaista alkuper\u00e4\u00e4 olevan Reippahasti k\u00e4ypi askeleet -joululaulun instrumentaaliversio.<\/p>\n<p class=\"paragraph\">\u2013T\u00e4n\u00e4\u00e4n, nuutinp\u00e4iv\u00e4n\u00e4, joulu siivotaan pois monissa ruotsalaisissa kodeissa \u2013 my\u00f6s kuninkaallisessa linnassa, julkaisussa kirjoitetaan.<\/p>\n<p class=\"paragraph\">Jos julkaisu ei n\u00e4y, voit katsoa sen <a href=\"https:\/\/www.instagram.com\/p\/DTcY-x1jE6t\/\" rel=\"noopener nofollow\" target=\"_blank\">t\u00e4st\u00e4 linkist\u00e4<\/a>.<\/p>\n<p class=\"paragraph\">Ruotsin hovi on julkaissut joulun aikaan monia kuvia ja videoita joulun vietostaan. Jo ennen joulua hovi julkaisi videon, jossa kuusenkoristeluun osallistuivat kruununprinsessa <a href=\"https:\/\/www.iltalehti.fi\/henkilot\/Victoria\" class=\"article-link-person-page\" rel=\"nofollow noopener\" target=\"_blank\">Victorian<\/a>, prinssi <a href=\"https:\/\/www.iltalehti.fi\/henkilot\/Carl Philip\" class=\"article-link-person-page\" rel=\"nofollow noopener\" target=\"_blank\">Carl Philipin<\/a> ja prinsessa <a href=\"https:\/\/www.iltalehti.fi\/henkilot\/Sofia\" class=\"article-link-person-page\" rel=\"nofollow noopener\" target=\"_blank\">Sofian<\/a> sek\u00e4 prinsessa <a href=\"https:\/\/www.iltalehti.fi\/henkilot\/Madeleine\" class=\"article-link-person-page\" rel=\"nofollow noopener\" target=\"_blank\">Madeleinen<\/a> ja <a href=\"https:\/\/www.iltalehti.fi\/henkilot\/Christopher O\u2019Neill\" class=\"article-link-person-page\" rel=\"nofollow noopener\" target=\"_blank\">Chris O&#8217;Neillin<\/a> j\u00e4lkikasvu. Apuna kuusenkoristelussa toimi lasten iso\u00e4iti, kuningatar <a href=\"https:\/\/www.iltalehti.fi\/henkilot\/Silvia\" class=\"article-link-person-page\" rel=\"nofollow noopener\" target=\"_blank\">Silvia<\/a>.<\/p>\n<p class=\"paragraph\">Hovi julkaisi Instagram-tilill\u00e4\u00e4n my\u00f6s suloisen videon, jossa kruununprinsessa Victorian ja prinssi Danielin lapset prinsessa <a href=\"https:\/\/www.iltalehti.fi\/henkilot\/Estelle\" class=\"article-link-person-page\" rel=\"nofollow noopener\" target=\"_blank\">Estelle<\/a> ja prinssi <a href=\"https:\/\/www.iltalehti.fi\/henkilot\/Oscar\" class=\"article-link-person-page\" rel=\"nofollow noopener\" target=\"_blank\">Oscar<\/a> auttoivat jouluruokien valmistuksessa.<\/p>\n<p class=\"paragraph\">Ruotsin kuninkaalliset ovat esiintyneet joulun aikaan my\u00f6s televisiossa. Kuningas <a href=\"https:\/\/www.iltalehti.fi\/henkilot\/Kaarle Kustaa\" class=\"article-link-person-page\" rel=\"nofollow noopener\" target=\"_blank\">Kaarle Kustaa<\/a> piti perinteisen joulupuheensa. Kruununprinsessa Victoria puolestaan luki jouluaattona jouluevankeliumin STV:ll\u00e4.<\/p>\n<p><script async src=\"\/\/www.instagram.com\/embed.js\"><\/script><\/p>\n","protected":false},"excerpt":{"rendered":"Ruotsin hovi julkaisi Instagramissa videon, jossa hyv\u00e4stell\u00e4\u00e4n joulu. Ruotsin hovissa on vietetty joulua runsain menoin. HENRIC WAUGE T\u00e4n\u00e4\u00e4n&hellip;\n","protected":false},"author":2,"featured_media":141437,"comment_status":"","ping_status":"","sticky":false,"template":"","format":"standard","meta":{"footnotes":""},"categories":[14],"tags":[35,22,23,26,27,33,31,30,17,3674,14442,652,99,24,25,28,29,15,18,21,98,32,19,20,56,16,59,60,61],"class_list":{"0":"post-141436","1":"post","2":"type-post","3":"status-publish","4":"format-standard","5":"has-post-thumbnail","7":"category-ulkomaat","8":"tag-24h","9":"tag-breaking-news","10":"tag-breakingnews","11":"tag-featured-news","12":"tag-featurednews","13":"tag-fi","14":"tag-finland","15":"tag-finnish","16":"tag-headlines","17":"tag-juhla-ja-vapaapaivat","18":"tag-kansalliset-ja-kansainvaliset-juhlapaivat","19":"tag-kuninkaalliset","20":"tag-lapset","21":"tag-latest-news","22":"tag-latestnews","23":"tag-main-news","24":"tag-mainnews","25":"tag-news","26":"tag-otsikot","27":"tag-paauutiset","28":"tag-perhe","29":"tag-suomi","30":"tag-top-stories","31":"tag-topstories","32":"tag-ulkomaat","33":"tag-uutiset","34":"tag-world","35":"tag-world-news","36":"tag-worldnews"},"share_on_mastodon":{"url":"https:\/\/pubeurope.com\/@fi\/115889508453635230","error":""},"_links":{"self":[{"href":"https:\/\/www.europesays.com\/fi\/wp-json\/wp\/v2\/posts\/141436","targetHints":{"allow":["GET"]}}],"collection":[{"href":"https:\/\/www.europesays.com\/fi\/wp-json\/wp\/v2\/posts"}],"about":[{"href":"https:\/\/www.europesays.com\/fi\/wp-json\/wp\/v2\/types\/post"}],"author":[{"embeddable":true,"href":"https:\/\/www.europesays.com\/fi\/wp-json\/wp\/v2\/users\/2"}],"replies":[{"embeddable":true,"href":"https:\/\/www.europesays.com\/fi\/wp-json\/wp\/v2\/comments?post=141436"}],"version-history":[{"count":0,"href":"https:\/\/www.europesays.com\/fi\/wp-json\/wp\/v2\/posts\/141436\/revisions"}],"wp:featuredmedia":[{"embeddable":true,"href":"https:\/\/www.europesays.com\/fi\/wp-json\/wp\/v2\/media\/141437"}],"wp:attachment":[{"href":"https:\/\/www.europesays.com\/fi\/wp-json\/wp\/v2\/media?parent=141436"}],"wp:term":[{"taxonomy":"category","embeddable":true,"href":"https:\/\/www.europesays.com\/fi\/wp-json\/wp\/v2\/categories?post=141436"},{"taxonomy":"post_tag","embeddable":true,"href":"https:\/\/www.europesays.com\/fi\/wp-json\/wp\/v2\/tags?post=141436"}],"curies":[{"name":"wp","href":"https:\/\/api.w.org\/{rel}","templated":true}]}}