{"id":141444,"date":"2026-01-13T19:58:07","date_gmt":"2026-01-13T19:58:07","guid":{"rendered":"https:\/\/www.europesays.com\/fi\/141444\/"},"modified":"2026-01-13T19:58:07","modified_gmt":"2026-01-13T19:58:07","slug":"chris-pratt-paljastaa-arnold-schwarzeneggerin-uskomaton-joululahja","status":"publish","type":"post","link":"https:\/\/www.europesays.com\/fi\/141444\/","title":{"rendered":"Chris Pratt paljastaa: Arnold Schwarzeneggerin uskomaton joululahja"},"content":{"rendered":"<p>            All Over Press\n        <\/p>\n<p class=\"subtitle \">Chris Pratt on naimisissa Arnold Schwarzeneggerin vanhimman tytt\u00e4ren kanssa.<\/p>\n<p class=\"article-content article-content-width !bg-background\">Esimerkiksi Guardians of the Galaxysta tuttu n\u00e4yttelij\u00e4 , 46, sai appiukoltaan , 78, melkoisen joululahjan.<\/p>\n<p class=\"font-weight-bold m-font-weight-bold article-content article-content-width !bg-background\">Katso video: Hollywood-t\u00e4htien erikoiset taidot<\/p>\n<p class=\"article-content article-content-width !bg-background\">Chris esiintyi\u00a0<a href=\"https:\/\/www.youtube.com\/watch?v=s4_7etFfZtI&amp;embeds_referring_euri=https%3A%2F%2Fpeople.com%2F&amp;source_ve_path=MjM4NTE\" target=\"_blank\" rel=\"nofollow noopener\">The Graham Norton Show\u2019ssa<\/a>\u00a0perjantaina 9. tammikuuta. Vierailunsa aikana Graham Norton kysyi, millaista oli viett\u00e4\u00e4 joulu ikonisen toimintat\u00e4hden kanssa. Chris kertoi, ett\u00e4 Iso-Arska antoi h\u00e4nelle ja h\u00e4nen vaimolleen Katherine Schwarzeneggerille mittatilausty\u00f6n\u00e4 tehdyn, jouluaiheisen maalauksen.<\/p>\n<p class=\"article-content article-content-width !bg-background\"> \u2013 H\u00e4nen rakkauden kielens\u00e4 on lahjojen antaminen, se on varmaa. H\u00e4n todella panostaa lahjoihinsa, Chris sanoi.\u00a0<\/p>\n<p class=\"article-content article-content-width !bg-background\"> \u2013 T\u00e4n\u00e4 vuonna yksi lahjoista oli noin 180 x 240 senttimetrin kokoinen muotokuva, jossa ovat kaikki kolme lastani ja h\u00e4n itse joulupukkina. Se on todella el\u00e4v\u00e4n n\u00e4k\u00f6inen ja valtava \u2013 h\u00e4n on siin\u00e4 joulupukkina, ja kolme lasta kurkistelevat kuusen takaa katsellen, kun h\u00e4n sy\u00f6 piparia.<\/p>\n<p>        <a itemprop=\"url\" href=\"https:\/\/www.seiska.fi\/ulkomaat\/iso-arskan-karmeat-kasvatusmetodit-poltti-lapsensa-kengat-heitti-patjan-ikkunasta\/1150756\" rel=\"nofollow noopener\" target=\"_blank\"><\/p>\n<p class=\"section-date\">\n        <strong class=\"article-section\" data-section=\"ulkomaat\"><br \/>\n            ulkomaat<br \/>\n        <\/strong><br \/>\n        1.10.2023 19:30\n    <\/p>\n<p>Iso-Arskan karmeat kasvatusmetodit &#8211; poltti lapsensa keng\u00e4t, heitti patjan ikkunasta&#8230;\n    <\/p>\n<p itemprop=\"description\" class=\"subtitle \">\n    N\u00e4yttelij\u00e4 kertoo kyseenalaisista metodeistaan avoimesti ja ylpe\u00e4n\u00e4.\n<\/p>\n<p>        <\/a><\/p>\n<p class=\"article-content article-content-width !bg-background\">Graham huomautti, ettei jouluaiheinen maalaus v\u00e4ltt\u00e4m\u00e4tt\u00e4 sovi kodin ymp\u00e4rivuotiseen sisustukseen.<\/p>\n<p class=\"article-content article-content-width !bg-background\"> \u2013 En ole ihan varma, mit\u00e4 meid\u00e4n pit\u00e4isi tehd\u00e4 sill\u00e4 muulloin kuin jouluna, Chris my\u00f6nsi.<\/p>\n<p class=\"article-content article-content-width !bg-background\"> \u2013 Luulen, ett\u00e4 otamme sen esiin marraskuussa. Se on iso, kehystetty ja todella massiivinen.<\/p>\n<p>Arska antoi krokosaappaat<\/p>\n<p class=\"article-content article-content-width !bg-background\">Joulutaulu ei kuitenkaan ollut ainut lahja, jonka Chris vastaanotti leffat\u00e4htiappiukoltaan.<\/p>\n<p class=\"article-content article-content-width !bg-background\"> \u2013 H\u00e4n antoi minulle my\u00f6s parin krokotiilinnahkaisia saappaita, joita h\u00e4n k\u00e4ytti yhdess\u00e4 elokuvassaan. Meill\u00e4 on saman kokoiset jalat. <\/p>\n<p>        <a itemprop=\"url\" href=\"https:\/\/www.seiska.fi\/ulkomaat\/huhhuh-tata-saa-32-miljoonalla-nayttelija-chris-prattin-okytalo-on-myynnissa\/1113336\" rel=\"nofollow noopener\" target=\"_blank\"><\/p>\n<p class=\"section-date\">\n        <strong class=\"article-section\" data-section=\"ulkomaat\"><br \/>\n            ulkomaat<br \/>\n        <\/strong><br \/>\n        16.8.2023 23:00\n    <\/p>\n<p>Huhhuh! T\u00e4t\u00e4 saa 32 miljoonalla &#8211; n\u00e4yttelij\u00e4 Chris Prattin \u00f6kytalo on myynniss\u00e4\n    <\/p>\n<p itemprop=\"description\" class=\"subtitle \">\n    T\u00e4t\u00e4 lukaalia ei kuka tahansa lunasta.\n<\/p>\n<p>        <\/a><\/p>\n<p class=\"article-content article-content-width !bg-background\">Chris Pratt on ollut naimisissa Arnold Schwarzeneggerin vanhimman tytt\u00e4ren, 36-vuotiaan Katherinen, kanssa vuodesta 2019. Parilla on kolme lasta, tytt\u00e4ret , 5, ja , 3, sek\u00e4 poika , joka syntyi marraskuussa 2024. Chrisill\u00e4 on my\u00f6s 13-vuotias poika  ex-vaimonsa  kanssa.<\/p>\n<p>Paketista paljastui Jeesus-muki<\/p>\n<p class=\"article-content article-content-width !bg-background\">Chris julkaisi aiemmin Instagramissa kuvia joistakin joululahjoista, jotka h\u00e4n sai joulup\u00e4iv\u00e4n\u00e4 25. joulukuuta.<\/p>\n<p class=\"article-content article-content-width !bg-background\"> \u2013 Hyv\u00e4\u00e4 joulua! Muistakaa: l\u00e4sn\u00e4olo on t\u00e4rke\u00e4mp\u00e4\u00e4 kuin lahjat. Paitsi n\u00e4m\u00e4. N\u00e4m\u00e4 saavat j\u00e4\u00e4d\u00e4, h\u00e4n kirjoitti kuvatekstiss\u00e4,<\/p>\n<p class=\"article-content article-content-width !bg-background\">Julkaisussa on otokset esimerkiksi Jeesuksen kuvalla varustetusta kahvimukista, jossa on teksti \u201dI saw that\u201d, sek\u00e4 kuva Yhdysvaltain entisen presidentin  kirjasta\u00a0Outdoor Pastimes of an American Hunter.<\/p>\n<p>        <a itemprop=\"url\" href=\"https:\/\/www.seiska.fi\/ulkomaat\/arnold-schwarzeneggerista-isoisa-jo-toista-kertaa-katherine-tytar-synnytti-tyttovauvan-hollywood-tahdelle\/279882\" rel=\"nofollow noopener\" target=\"_blank\"><\/p>\n<p class=\"section-date\">\n        <strong class=\"article-section\" data-section=\"ulkomaat\"><br \/>\n            ulkomaat<br \/>\n        <\/strong><br \/>\n        23.5.2022 16:42\n    <\/p>\n<p>Arnold Schwarzeneggerist\u00e4 isois\u00e4 jo toista kertaa! Katherine-tyt\u00e4r synnytti tytt\u00f6vauvan Hollywood-t\u00e4hdelle\n    <\/p>\n<p>        <\/a><\/p>\n<p class=\"article-content article-content-width !bg-background\">Katherine puolestaan julkaisi Instagramissa sarjan kuvia, joissa Schwarzeneggerien perhe viett\u00e4\u00e4 joulua 24. joulukuuta. Kuvissa h\u00e4n hymyilee yhdess\u00e4 Arnoldin ja \u00e4itins\u00e4  kanssa sek\u00e4 nauraa yhdess\u00e4 Chrisin kanssa.<\/p>\n","protected":false},"excerpt":{"rendered":"All Over Press Chris Pratt on naimisissa Arnold Schwarzeneggerin vanhimman tytt\u00e4ren kanssa. Esimerkiksi Guardians of the Galaxysta tuttu&hellip;\n","protected":false},"author":2,"featured_media":141445,"comment_status":"","ping_status":"","sticky":false,"template":"","format":"standard","meta":{"footnotes":""},"categories":[136],"tags":[11220,526,407,6751,137,33,31,30,4169,5856,19574,408,24355,1381,212,22440,98,32,24356,109],"class_list":{"0":"post-141444","1":"post","2":"type-post","3":"status-publish","4":"format-standard","5":"has-post-thumbnail","7":"category-julkkikset","8":"tag-appiukko","9":"tag-arnold-schwarzenegger","10":"tag-celebrities","11":"tag-chris-pratt","12":"tag-entertainment","13":"tag-fi","14":"tag-finland","15":"tag-finnish","16":"tag-hollywood","17":"tag-joulu","18":"tag-joululahja","19":"tag-julkkikset","20":"tag-katherine-schwarzenegger","21":"tag-lahja","22":"tag-lifestyle","23":"tag-maalaus","24":"tag-perhe","25":"tag-suomi","26":"tag-the-graham-norton-show","27":"tag-viihde"},"share_on_mastodon":{"url":"https:\/\/pubeurope.com\/@fi\/115889563444431772","error":""},"_links":{"self":[{"href":"https:\/\/www.europesays.com\/fi\/wp-json\/wp\/v2\/posts\/141444","targetHints":{"allow":["GET"]}}],"collection":[{"href":"https:\/\/www.europesays.com\/fi\/wp-json\/wp\/v2\/posts"}],"about":[{"href":"https:\/\/www.europesays.com\/fi\/wp-json\/wp\/v2\/types\/post"}],"author":[{"embeddable":true,"href":"https:\/\/www.europesays.com\/fi\/wp-json\/wp\/v2\/users\/2"}],"replies":[{"embeddable":true,"href":"https:\/\/www.europesays.com\/fi\/wp-json\/wp\/v2\/comments?post=141444"}],"version-history":[{"count":0,"href":"https:\/\/www.europesays.com\/fi\/wp-json\/wp\/v2\/posts\/141444\/revisions"}],"wp:featuredmedia":[{"embeddable":true,"href":"https:\/\/www.europesays.com\/fi\/wp-json\/wp\/v2\/media\/141445"}],"wp:attachment":[{"href":"https:\/\/www.europesays.com\/fi\/wp-json\/wp\/v2\/media?parent=141444"}],"wp:term":[{"taxonomy":"category","embeddable":true,"href":"https:\/\/www.europesays.com\/fi\/wp-json\/wp\/v2\/categories?post=141444"},{"taxonomy":"post_tag","embeddable":true,"href":"https:\/\/www.europesays.com\/fi\/wp-json\/wp\/v2\/tags?post=141444"}],"curies":[{"name":"wp","href":"https:\/\/api.w.org\/{rel}","templated":true}]}}