{"id":141448,"date":"2026-01-13T20:03:07","date_gmt":"2026-01-13T20:03:07","guid":{"rendered":"https:\/\/www.europesays.com\/fi\/141448\/"},"modified":"2026-01-13T20:03:07","modified_gmt":"2026-01-13T20:03:07","slug":"neljas-avengers-doomsdayn-traileri-on-nyt-ulkona-mukana-wakandalaisia-seka-tuttu-hahmo-vieraasta-universumista","status":"publish","type":"post","link":"https:\/\/www.europesays.com\/fi\/141448\/","title":{"rendered":"Nelj\u00e4s Avengers: Doomsdayn traileri on nyt ulkona \u2013 mukana wakandalaisia sek\u00e4 tuttu hahmo vieraasta universumista"},"content":{"rendered":"<p>Black Panther, M\u00f6ykky, M\u2019Baku, Namor ja Namora. Siin\u00e4h\u00e4n niit\u00e4 taas on, kaikenlaisia Marvel-sankareita.<\/p>\n<p>M\u2019Baku on nyt Wakandan kuningas ja Shuri virallisesti Black Panther. Ben Grimm tapaa wakandalaisten delegaation, mutta miss\u00e4 ovat muut Ihmeneloset?<\/p>\n<p>Lue my\u00f6s: <a href=\"https:\/\/www.episodi.fi\/uutiset\/rikoin-pedron-alan-cumming-hehkuttaa-avengers-doomsday-kohtausta-pedro-pascalin-kanssa\/\" title=\"\u201dRikoin Pedron\u201d \u2013 Alan Cumming hehkuttaa Avengers: Doomsday -kohtausta Pedro Pascalin kanssa\" class=\"underline-custom !font-montserrat !font-bold !underline-offset-4 !decoration-4 !decoration-episodi-blue !text-md\" rel=\"nofollow noopener\" target=\"_blank\">\u201dRikoin Pedron\u201d \u2013 Alan Cumming hehkuttaa Avengers: Doomsday -kohtausta Pedro Pascalin kanssa<\/a><\/p>\n<p>Lue my\u00f6s: <a href=\"https:\/\/www.episodi.fi\/uutiset\/kat-dennings-marvel-skannasi-minut-olen-heidan-jarjestelmassaan\/\" title=\"Kat Dennings: \u201dMarvel skannasi minut \u2013 olen heid\u00e4n j\u00e4rjestelm\u00e4ss\u00e4\u00e4n\u201d\" class=\"underline-custom !font-montserrat !font-bold !underline-offset-4 !decoration-4 !decoration-episodi-blue !text-md\" rel=\"nofollow noopener\" target=\"_blank\">Kat Dennings: \u201dMarvel skannasi minut \u2013 olen heid\u00e4n j\u00e4rjestelm\u00e4ss\u00e4\u00e4n\u201d<\/a><\/p>\n<p>Miksi ihmeess\u00e4 Namor k\u00e4ytt\u00e4ytyy niin oudosti? Ly\u00f6k\u00f6 h\u00e4n hynttyyt yhteen Doctor Doomin kanssa? Saako Doom rinnalleen my\u00f6s t\u00e4m\u00e4n merten siniverisen?<\/p>\n<p>N\u00e4ihin kysymyksiin vastataan 16. joulukuuta, kun Avengers: Doomsday saa ensi-iltansa.<\/p>\n<p>Alla traileri.<\/p>\n<p><img loading=\"lazy\" decoding=\"async\" alt=\"YouTube video\" width=\"480\" height=\"360\" data-pin-nopin=\"true\" nopin=\"nopin\" class=\"perfmatters-lazy\" src=\"https:\/\/www.europesays.com\/fi\/wp-content\/uploads\/2026\/01\/1768334587_968_hqdefault.jpg\"\/><\/p>\n<p>Lue my\u00f6s: <a href=\"https:\/\/www.episodi.fi\/uutiskirje\/?uutiskirjemainos=tekstilinkkimainos\" title=\"Tilaa Episodin uutiskirje ja voit voittaa leffalippuja! Nappaa tv-vinkit suoraan s\u00e4hk\u00f6postiin t\u00e4st\u00e4.\" class=\"underline-custom !font-montserrat !font-bold !underline-offset-4 !decoration-4 !decoration-episodi-blue !text-md\" rel=\"nofollow noopener\" target=\"_blank\">Tilaa Episodin uutiskirje ja voit voittaa leffalippuja! Nappaa katseluvinkit suoraan s\u00e4hk\u00f6postiin t\u00e4st\u00e4.<\/a><\/p>\n","protected":false},"excerpt":{"rendered":"Black Panther, M\u00f6ykky, M\u2019Baku, Namor ja Namora. Siin\u00e4h\u00e4n niit\u00e4 taas on, kaikenlaisia Marvel-sankareita. M\u2019Baku on nyt Wakandan kuningas&hellip;\n","protected":false},"author":2,"featured_media":141449,"comment_status":"","ping_status":"","sticky":false,"template":"","format":"standard","meta":{"footnotes":""},"categories":[131],"tags":[809,155,137,33,173,31,30,3282,172,32,5403,109],"class_list":{"0":"post-141448","1":"post","2":"type-post","3":"status-publish","4":"format-standard","5":"has-post-thumbnail","7":"category-elokuvat","8":"tag-avengers-doomsday","9":"tag-elokuvat","10":"tag-entertainment","11":"tag-fi","12":"tag-film","13":"tag-finland","14":"tag-finnish","15":"tag-marvel","16":"tag-movies","17":"tag-suomi","18":"tag-supersankarit","19":"tag-viihde"},"share_on_mastodon":{"url":"https:\/\/pubeurope.com\/@fi\/115889583049233683","error":""},"_links":{"self":[{"href":"https:\/\/www.europesays.com\/fi\/wp-json\/wp\/v2\/posts\/141448","targetHints":{"allow":["GET"]}}],"collection":[{"href":"https:\/\/www.europesays.com\/fi\/wp-json\/wp\/v2\/posts"}],"about":[{"href":"https:\/\/www.europesays.com\/fi\/wp-json\/wp\/v2\/types\/post"}],"author":[{"embeddable":true,"href":"https:\/\/www.europesays.com\/fi\/wp-json\/wp\/v2\/users\/2"}],"replies":[{"embeddable":true,"href":"https:\/\/www.europesays.com\/fi\/wp-json\/wp\/v2\/comments?post=141448"}],"version-history":[{"count":0,"href":"https:\/\/www.europesays.com\/fi\/wp-json\/wp\/v2\/posts\/141448\/revisions"}],"wp:featuredmedia":[{"embeddable":true,"href":"https:\/\/www.europesays.com\/fi\/wp-json\/wp\/v2\/media\/141449"}],"wp:attachment":[{"href":"https:\/\/www.europesays.com\/fi\/wp-json\/wp\/v2\/media?parent=141448"}],"wp:term":[{"taxonomy":"category","embeddable":true,"href":"https:\/\/www.europesays.com\/fi\/wp-json\/wp\/v2\/categories?post=141448"},{"taxonomy":"post_tag","embeddable":true,"href":"https:\/\/www.europesays.com\/fi\/wp-json\/wp\/v2\/tags?post=141448"}],"curies":[{"name":"wp","href":"https:\/\/api.w.org\/{rel}","templated":true}]}}