{"id":141450,"date":"2026-01-13T20:05:07","date_gmt":"2026-01-13T20:05:07","guid":{"rendered":"https:\/\/www.europesays.com\/fi\/141450\/"},"modified":"2026-01-13T20:05:07","modified_gmt":"2026-01-13T20:05:07","slug":"erik-karlsson-loukkaantui-ilta-sanomat","status":"publish","type":"post","link":"https:\/\/www.europesays.com\/fi\/141450\/","title":{"rendered":"Erik Karlsson loukkaantui &#8211; Ilta-Sanomat"},"content":{"rendered":"<p>Erik Karlsson loukkaantui.<\/p>\n<p class=\"article-body mb-nof-24 px-nof-16\">Ruotsin j\u00e4\u00e4kiekon miesten olympiajoukkueen johtohahmoihin kuuluva <a class=\"font-bold underline-offset-[0.12em] [text-decoration:var(--person-link-text-decoration)] ![text-decoration-color:var(--person-link-text-decoration-color)]\" href=\"https:\/\/www.is.fi\/haku\/?query=Erik%20Karlsson\" rel=\"nofollow noopener\" target=\"_blank\">Erik Karlsson<\/a> on useamman viikon sivussa. Karlssonin NHL-seura Pittsburgh Penguins on asettanut ruotsalaisen loukkaantuneiden listalle, kertoo <a class=\"underline underline-offset-[0.12em] [text-decoration-thickness:var(--generic-link-underline-thickness)] [text-decoration-color:var(--generic-link-underline-color)] [text-decoration-skip-ink:var(--generic-link-underline-skip-ink)] break-words\" href=\"https:\/\/www.dailyfaceoff.com\/news\/pittsburgh-penguins-place-erik-karlsson-injured-reserve-nhl-news\" rel=\"nofollow noopener\" target=\"_blank\">Daily Faceoff<\/a>.<\/p>\n<p class=\"article-body mb-nof-24 px-nof-16\">Tarkkaa tietoa Karlssonin vammasta ei ole, vaan h\u00e4nell\u00e4 on NHL:n loukkaantumisjargonin mukaisesti \u201dalaraajavamma\u201d.<\/p>\n<p class=\"article-body mb-nof-24 px-nof-16\">Penguinsin mukaan Karlssonin terveydentilaa tarkastellaan uudelleen kahden viikon kuluttua. T\u00e4m\u00e4 ei tarkoita, ett\u00e4 Karlsson olisi tuolloin v\u00e4ltt\u00e4m\u00e4tt\u00e4 viel\u00e4 valmis palaamaan.<\/p>\n<p class=\"article-body mb-nof-24 px-nof-16\">Kuuntele podcast: <a class=\"underline underline-offset-[0.12em] [text-decoration-thickness:var(--generic-link-underline-thickness)] [text-decoration-color:var(--generic-link-underline-color)] [text-decoration-skip-ink:var(--generic-link-underline-skip-ink)] break-words\" href=\"https:\/\/www.is.fi\/artikkeli\/art-2000011747370.html\" rel=\"nofollow noopener\" target=\"_blank\">NHL:ss\u00e4 loistaa uusi suomalaist\u00e4hti \u2013 \u201dSensaatiomaisen hyv\u00e4!\u201d<\/a><\/p>\n<p class=\"article-body mb-nof-24 px-nof-16\">Uutinen on kova takaisku Ruotsin maajoukkueelle, sill\u00e4 olympiakiekko alkaa kuukauden kuluttua. Ei ole tiedossa, kuntoutuuko Karlsson olympialaisiin menness\u00e4.<\/p>\n<p class=\"article-body mb-nof-24 px-nof-16\">Hy\u00f6kk\u00e4ystehoistaan tunnettu puolustaja on ollut t\u00e4ll\u00e4 kaudella kelpo vireess\u00e4. H\u00e4n on tehnyt 44 ottelussa tehot 4+29. 35-vuotias puolustaja on ollut t\u00e4rke\u00e4 lenkki Penguinsin joukkueessa, joka on toistaiseksi onnistunut t\u00e4ll\u00e4 kaudella yli ennakko-odotusten.<\/p>\n<p class=\"article-body mb-nof-24 px-nof-16\">It\u00e4isen konferenssin h\u00e4nt\u00e4p\u00e4\u00e4h\u00e4n povattu Penguins taistelee pudotuspelipaikasta.<\/p>\n","protected":false},"excerpt":{"rendered":"Erik Karlsson loukkaantui. Ruotsin j\u00e4\u00e4kiekon miesten olympiajoukkueen johtohahmoihin kuuluva Erik Karlsson on useamman viikon sivussa. Karlssonin NHL-seura Pittsburgh&hellip;\n","protected":false},"author":2,"featured_media":141451,"comment_status":"","ping_status":"","sticky":false,"template":"","format":"standard","meta":{"footnotes":""},"categories":[158],"tags":[33,31,30,34,159,32,160],"class_list":{"0":"post-141450","1":"post","2":"type-post","3":"status-publish","4":"format-standard","5":"has-post-thumbnail","7":"category-urheilu","8":"tag-fi","9":"tag-finland","10":"tag-finnish","11":"tag-ilta-sanomat","12":"tag-sports","13":"tag-suomi","14":"tag-urheilu"},"share_on_mastodon":{"url":"https:\/\/pubeurope.com\/@fi\/115889591018848253","error":""},"_links":{"self":[{"href":"https:\/\/www.europesays.com\/fi\/wp-json\/wp\/v2\/posts\/141450","targetHints":{"allow":["GET"]}}],"collection":[{"href":"https:\/\/www.europesays.com\/fi\/wp-json\/wp\/v2\/posts"}],"about":[{"href":"https:\/\/www.europesays.com\/fi\/wp-json\/wp\/v2\/types\/post"}],"author":[{"embeddable":true,"href":"https:\/\/www.europesays.com\/fi\/wp-json\/wp\/v2\/users\/2"}],"replies":[{"embeddable":true,"href":"https:\/\/www.europesays.com\/fi\/wp-json\/wp\/v2\/comments?post=141450"}],"version-history":[{"count":0,"href":"https:\/\/www.europesays.com\/fi\/wp-json\/wp\/v2\/posts\/141450\/revisions"}],"wp:featuredmedia":[{"embeddable":true,"href":"https:\/\/www.europesays.com\/fi\/wp-json\/wp\/v2\/media\/141451"}],"wp:attachment":[{"href":"https:\/\/www.europesays.com\/fi\/wp-json\/wp\/v2\/media?parent=141450"}],"wp:term":[{"taxonomy":"category","embeddable":true,"href":"https:\/\/www.europesays.com\/fi\/wp-json\/wp\/v2\/categories?post=141450"},{"taxonomy":"post_tag","embeddable":true,"href":"https:\/\/www.europesays.com\/fi\/wp-json\/wp\/v2\/tags?post=141450"}],"curies":[{"name":"wp","href":"https:\/\/api.w.org\/{rel}","templated":true}]}}