{"id":141456,"date":"2026-01-13T20:10:07","date_gmt":"2026-01-13T20:10:07","guid":{"rendered":"https:\/\/www.europesays.com\/fi\/141456\/"},"modified":"2026-01-13T20:10:07","modified_gmt":"2026-01-13T20:10:07","slug":"axios-witkoff-tapasi-salaa-iranin-ex-prinssin-uutisia-lyhyesti","status":"publish","type":"post","link":"https:\/\/www.europesays.com\/fi\/141456\/","title":{"rendered":"Axios: Witkoff tapasi salaa Iranin ex-prinssin | Uutisia lyhyesti"},"content":{"rendered":"<p><img decoding=\"async\" alt=\"Reza Pahlavi puhuu ja elehtii k\u00e4sill\u00e4\u00e4n.\" src=\"https:\/\/www.europesays.com\/fi\/wp-content\/uploads\/2026\/01\/39-157883269607d16aa71f.jpeg\" class=\"aw-1l9m598 hKVVvP\"\/><\/p>\n<p>Avaa kuvien katselu<\/p>\n<p>Reza Pahlavi Genevess\u00e4 helmikuussa 2025. Kuva: Salvatore di Nolfi \/ EPA<\/p>\n<p>20:54\u2022P\u00e4ivitetty 21:28<\/p>\n<p class=\"aw-1gybjub aw-1p7kakr kEtdKx cEmitX yle__article__paragraph\">Yhdysvaltojen erityisl\u00e4hettil\u00e4s <strong class=\"aw-ak79eh KyCXm yle__article__strong\">Steve Witkoff<\/strong> tapasi viikonloppuna Iranin ex-prinssin, kertoo korkeatasoinen amerikkalainen viranomainen yhdysvaltalaiselle verkkojulkaisu Axiosille.<\/p>\n<p class=\"aw-1gybjub aw-1p7kakr kEtdKx cEmitX yle__article__paragraph\">Tapaamisen kerrotaan tapahtuneen salassa.<\/p>\n<p class=\"aw-1gybjub aw-1p7kakr kEtdKx cEmitX yle__article__paragraph\">Witkoff tapasi iranilaisen ex-prinssi <strong class=\"aw-ak79eh KyCXm yle__article__strong\">Reza Pahlavin<\/strong>. Pahlavi on Iranin viimeisen shaahin vanhin poika.<\/p>\n<p class=\"aw-1gybjub aw-1p7kakr kEtdKx cEmitX yle__article__paragraph\">H\u00e4n on osoittanut sosiaalisessa mediassa tukensa maassa pari viikkoa jatkuneille mielenosoituksille.<\/p>\n<p class=\"aw-1gybjub aw-1p7kakr kEtdKx cEmitX yle__article__paragraph\">H\u00e4nen uskotaan pyrkiv\u00e4n asemoimaan itsens\u00e4 mahdolliseksi siirtym\u00e4kauden johtajaksi, jos hallinto kaatuisi.<\/p>\n<p class=\"aw-1gybjub aw-1p7kakr kEtdKx cEmitX yle__article__paragraph\">L\u00e4hde: Reuters<\/p>\n","protected":false},"excerpt":{"rendered":"Avaa kuvien katselu Reza Pahlavi Genevess\u00e4 helmikuussa 2025. Kuva: Salvatore di Nolfi \/ EPA 20:54\u2022P\u00e4ivitetty 21:28 Yhdysvaltojen erityisl\u00e4hettil\u00e4s&hellip;\n","protected":false},"author":2,"featured_media":141457,"comment_status":"","ping_status":"","sticky":false,"template":"","format":"standard","meta":{"footnotes":""},"categories":[14],"tags":[22,23,26,27,33,31,30,17,3648,24,25,996,28,29,15,18,21,32,19,20,56,16,59,60,61,619],"class_list":{"0":"post-141456","1":"post","2":"type-post","3":"status-publish","4":"format-standard","5":"has-post-thumbnail","7":"category-ulkomaat","8":"tag-breaking-news","9":"tag-breakingnews","10":"tag-featured-news","11":"tag-featurednews","12":"tag-fi","13":"tag-finland","14":"tag-finnish","15":"tag-headlines","16":"tag-iran","17":"tag-latest-news","18":"tag-latestnews","19":"tag-levottomuudet","20":"tag-main-news","21":"tag-mainnews","22":"tag-news","23":"tag-otsikot","24":"tag-paauutiset","25":"tag-suomi","26":"tag-top-stories","27":"tag-topstories","28":"tag-ulkomaat","29":"tag-uutiset","30":"tag-world","31":"tag-world-news","32":"tag-worldnews","33":"tag-yhdysvallat"},"share_on_mastodon":{"url":"https:\/\/pubeurope.com\/@fi\/115889610744479897","error":""},"_links":{"self":[{"href":"https:\/\/www.europesays.com\/fi\/wp-json\/wp\/v2\/posts\/141456","targetHints":{"allow":["GET"]}}],"collection":[{"href":"https:\/\/www.europesays.com\/fi\/wp-json\/wp\/v2\/posts"}],"about":[{"href":"https:\/\/www.europesays.com\/fi\/wp-json\/wp\/v2\/types\/post"}],"author":[{"embeddable":true,"href":"https:\/\/www.europesays.com\/fi\/wp-json\/wp\/v2\/users\/2"}],"replies":[{"embeddable":true,"href":"https:\/\/www.europesays.com\/fi\/wp-json\/wp\/v2\/comments?post=141456"}],"version-history":[{"count":0,"href":"https:\/\/www.europesays.com\/fi\/wp-json\/wp\/v2\/posts\/141456\/revisions"}],"wp:featuredmedia":[{"embeddable":true,"href":"https:\/\/www.europesays.com\/fi\/wp-json\/wp\/v2\/media\/141457"}],"wp:attachment":[{"href":"https:\/\/www.europesays.com\/fi\/wp-json\/wp\/v2\/media?parent=141456"}],"wp:term":[{"taxonomy":"category","embeddable":true,"href":"https:\/\/www.europesays.com\/fi\/wp-json\/wp\/v2\/categories?post=141456"},{"taxonomy":"post_tag","embeddable":true,"href":"https:\/\/www.europesays.com\/fi\/wp-json\/wp\/v2\/tags?post=141456"}],"curies":[{"name":"wp","href":"https:\/\/api.w.org\/{rel}","templated":true}]}}