{"id":141458,"date":"2026-01-13T20:11:10","date_gmt":"2026-01-13T20:11:10","guid":{"rendered":"https:\/\/www.europesays.com\/fi\/141458\/"},"modified":"2026-01-13T20:11:10","modified_gmt":"2026-01-13T20:11:10","slug":"mielenosoittajat-heiluttavat-iranin-lippua-jossa-on-leijona-tata-se-tarkoittaa-ulkomaat","status":"publish","type":"post","link":"https:\/\/www.europesays.com\/fi\/141458\/","title":{"rendered":"Mielenosoittajat heiluttavat Iranin lippua, jossa on leijona \u2013 t\u00e4t\u00e4 se tarkoittaa | Ulkomaat"},"content":{"rendered":"<p class=\"aw-1gybjub aw-5vja16 kEtdKx kmuxyA yle__article__paragraph\">Iranin nykyhallinto ei halua k\u00e4ytt\u00e4\u00e4 leijonaa lipussa, koska se symboloi vallasta sy\u00f6sty\u00e4 monarkkia.<\/p>\n<p><img decoding=\"async\" alt=\"Free Iran -mielenosoitus Los Angelesissa.\" src=\"https:\/\/www.europesays.com\/fi\/wp-content\/uploads\/2026\/01\/39-158039169661128461d1.jpeg\" class=\"aw-1l9m598 hKVVvP\"\/><\/p>\n<p>Avaa kuvien katselu<\/p>\n<p>Leijonalla varustettuja iranin lippuja n\u00e4htiin my\u00f6s Los Angelesin mielenosoituksessa tiistaina Yhdysvalloissa. Kuva: Jonathan Alcorn \/ AFP<\/p>\n<p class=\"aw-1gybjub aw-1p7kakr kEtdKx cEmitX yle__article__paragraph\">Suomessa asuvat <a class=\"aw-iao6s4 iHOxEa yle__article__link\" href=\"https:\/\/yle.fi\/a\/74-20203975\" role=\"link\" rel=\"nofollow noopener\" target=\"_blank\">iranilaiset heiluttivat tiistaina Helsingiss\u00e4 mielenosoituksessa lippuja<\/a>, joiden keskell\u00e4 on leijona miekka k\u00e4dess\u00e4.<\/p>\n<p class=\"aw-1gybjub aw-1p7kakr kEtdKx cEmitX yle__article__paragraph\">Sama lippu on n\u00e4hty Iranin hallituksen vastaisissa mielenosoituksissa ymp\u00e4ri maailmaa. Iranin virallisessa lipussa ei ole leijonaa.<\/p>\n<p class=\"aw-1gybjub aw-1p7kakr kEtdKx cEmitX yle__article__paragraph\">Lauantaina Elon Muskin <a class=\"aw-iao6s4 iHOxEa yle__article__link\" href=\"https:\/\/www.aljazeera.com\/features\/2026\/1\/11\/will-elon-musks-x-changing-the-iranian-flag-have-any-impact-on-the-ground\" role=\"link\" rel=\"nofollow noopener\" target=\"_blank\">viestipalvelu X vaihtoi Iranin lippu<\/a> -emojiksi mielenosoittajien k\u00e4ytt\u00e4m\u00e4n leijonalipun.<\/p>\n<p>Mielenosoittajien k\u00e4ytt\u00e4m\u00e4 Iranin vanha lippu<img decoding=\"async\" alt=\"Iranin protesteja tukevia mielenosoittajia Lontoossa.\" src=\"https:\/\/www.europesays.com\/fi\/wp-content\/uploads\/2026\/01\/39-15803286965fd2687ff6.jpeg\" loading=\"lazy\" class=\"aw-1l9m598 hKVVvP\"\/><\/p>\n<p>Avaa kuvien katselu<\/p>\n<p>Kuva: Neil Hall \/ EPA<\/p>\n<ul class=\"aw-1jjocuh iJTSwP yle__article__list yle__article__list--ul\">\n<li class=\"aw-1j7gwms gNYKfi\">Iranin valtion lippu vuosina 1964\u20131979<\/li>\n<li class=\"aw-1j7gwms gNYKfi\">Leijona ja aurinko ovat vuosisatoja vanha persialainen symboli<\/li>\n<li class=\"aw-1j7gwms gNYKfi\">Leijona ja aurinko symboloivat kuningasta<\/li>\n<li class=\"aw-1j7gwms gNYKfi\">Iranin viimeinen \u0161aahi (monarkki) l\u00e4hti maanpakoon vuonna 1979<\/li>\n<\/ul>\n<p class=\"aw-1gybjub aw-1p7kakr kEtdKx cEmitX yle__article__paragraph\">Vuoden 1979 vallankumous johti Iranin islamilaisen tasavallan perustamiseen. Sen seurauksena otettiin k\u00e4ytt\u00f6\u00f6n my\u00f6s uutta hallintoa paremmin kuvaava lippu.<\/p>\n<p>Hallinnon k\u00e4ytt\u00e4m\u00e4 Iranin virallinen lippu<img decoding=\"async\" alt=\"Nainen kantaa Iranin lippua.\" src=\"https:\/\/www.europesays.com\/fi\/wp-content\/uploads\/2026\/01\/39-15803276965fd267cf16.jpeg\" loading=\"lazy\" class=\"aw-1l9m598 hKVVvP\"\/><\/p>\n<p>Avaa kuvien katselu<\/p>\n<p>Kuva: Abedin Taherkenareh \/ EPA<\/p>\n<ul class=\"aw-1jjocuh iJTSwP yle__article__list yle__article__list--ul\">\n<li class=\"aw-1j7gwms gNYKfi\">Lippu otettiin k\u00e4ytt\u00f6\u00f6n 1980<\/li>\n<li class=\"aw-1j7gwms gNYKfi\">Aiemman lipun leijona korvattiin nelj\u00e4ll\u00e4 puolikuulla ja niiden keskell\u00e4 olevalla miekalla<\/li>\n<li class=\"aw-1j7gwms gNYKfi\">Kuvion osat symboloivat islamin viitt\u00e4 peruspilaria, jotka ovat uskontunnustus, rukous, paasto, almut ja pyhiinvaellus<\/li>\n<li class=\"aw-1j7gwms gNYKfi\">Lipussa lukee 22 kertaa Allahu Akbar, Jumala on suurin<\/li>\n<\/ul>\n<p class=\"aw-1gybjub aw-1p7kakr kEtdKx cEmitX yle__article__paragraph\">Vuonna 1980 k\u00e4ytt\u00f6\u00f6n otettu lippu her\u00e4tt\u00e4\u00e4 voimakkaita tunteita Iranin hallinnon vastustajissa.<\/p>\n<p class=\"aw-1gybjub aw-1p7kakr kEtdKx cEmitX yle__article__paragraph\">Helsingiss\u00e4 kahta henkil\u00f6\u00e4 ep\u00e4ill\u00e4\u00e4n Iranin suurl\u00e4hetyst\u00f6n lipputangon katkaisemista ja lipun repimisest\u00e4 maanantaina, <a class=\"aw-iao6s4 iHOxEa yle__article__link\" href=\"https:\/\/yle.fi\/a\/74-20203941\" role=\"link\" rel=\"nofollow noopener\" target=\"_blank\">poliisi kertoo<\/a>.<\/p>\n<p class=\"aw-1gybjub aw-1p7kakr kEtdKx cEmitX yle__article__paragraph\">Lontoossa puolestaan yksi <a class=\"aw-iao6s4 iHOxEa yle__article__link\" href=\"https:\/\/www.youtube.com\/shorts\/EQz20U9fPKI\" role=\"link\" rel=\"nofollow noopener\" target=\"_blank\">mielenosoittaja kiipesi Iranin Lontoon-l\u00e4hetyst\u00f6n parvekkeelle<\/a> repim\u00e4\u00e4n alas Iranin lipun. Sen j\u00e4lkeen h\u00e4n heilutti vuoden 1979 vallankumousta edelt\u00e4nytt\u00e4 lippua, jossa on aurinko ja leijona. Siit\u00e4 on tullut Iranin nykyhallintoa vastustavien symboli.<\/p>\n","protected":false},"excerpt":{"rendered":"Iranin nykyhallinto ei halua k\u00e4ytt\u00e4\u00e4 leijonaa lipussa, koska se symboloi vallasta sy\u00f6sty\u00e4 monarkkia. Avaa kuvien katselu Leijonalla varustettuja&hellip;\n","protected":false},"author":2,"featured_media":141459,"comment_status":"","ping_status":"","sticky":false,"template":"","format":"standard","meta":{"footnotes":""},"categories":[12],"tags":[22,23,26,27,33,31,30,17,3648,24358,24357,992,24,25,14062,28,29,2571,15,18,21,32,19,20,56,16],"class_list":{"0":"post-141458","1":"post","2":"type-post","3":"status-publish","4":"format-standard","5":"has-post-thumbnail","7":"category-suomi","8":"tag-breaking-news","9":"tag-breakingnews","10":"tag-featured-news","11":"tag-featurednews","12":"tag-fi","13":"tag-finland","14":"tag-finnish","15":"tag-headlines","16":"tag-iran","17":"tag-iranin-lippu","18":"tag-iranin-vallankumous","19":"tag-lahi-ita","20":"tag-latest-news","21":"tag-latestnews","22":"tag-linnan-juhlat","23":"tag-main-news","24":"tag-mainnews","25":"tag-mielenosoitukset","26":"tag-news","27":"tag-otsikot","28":"tag-paauutiset","29":"tag-suomi","30":"tag-top-stories","31":"tag-topstories","32":"tag-ulkomaat","33":"tag-uutiset"},"share_on_mastodon":{"url":"https:\/\/pubeurope.com\/@fi\/115889614686314883","error":""},"_links":{"self":[{"href":"https:\/\/www.europesays.com\/fi\/wp-json\/wp\/v2\/posts\/141458","targetHints":{"allow":["GET"]}}],"collection":[{"href":"https:\/\/www.europesays.com\/fi\/wp-json\/wp\/v2\/posts"}],"about":[{"href":"https:\/\/www.europesays.com\/fi\/wp-json\/wp\/v2\/types\/post"}],"author":[{"embeddable":true,"href":"https:\/\/www.europesays.com\/fi\/wp-json\/wp\/v2\/users\/2"}],"replies":[{"embeddable":true,"href":"https:\/\/www.europesays.com\/fi\/wp-json\/wp\/v2\/comments?post=141458"}],"version-history":[{"count":0,"href":"https:\/\/www.europesays.com\/fi\/wp-json\/wp\/v2\/posts\/141458\/revisions"}],"wp:featuredmedia":[{"embeddable":true,"href":"https:\/\/www.europesays.com\/fi\/wp-json\/wp\/v2\/media\/141459"}],"wp:attachment":[{"href":"https:\/\/www.europesays.com\/fi\/wp-json\/wp\/v2\/media?parent=141458"}],"wp:term":[{"taxonomy":"category","embeddable":true,"href":"https:\/\/www.europesays.com\/fi\/wp-json\/wp\/v2\/categories?post=141458"},{"taxonomy":"post_tag","embeddable":true,"href":"https:\/\/www.europesays.com\/fi\/wp-json\/wp\/v2\/tags?post=141458"}],"curies":[{"name":"wp","href":"https:\/\/api.w.org\/{rel}","templated":true}]}}