{"id":141460,"date":"2026-01-13T20:12:09","date_gmt":"2026-01-13T20:12:09","guid":{"rendered":"https:\/\/www.europesays.com\/fi\/141460\/"},"modified":"2026-01-13T20:12:09","modified_gmt":"2026-01-13T20:12:09","slug":"ruotsissa-tyrmistyttiin-nora-lindahlin-suomi-paatoksesta","status":"publish","type":"post","link":"https:\/\/www.europesays.com\/fi\/141460\/","title":{"rendered":"Ruotsissa tyrmistyttiin Nora Lindahlin Suomi-p\u00e4\u00e4t\u00f6ksest\u00e4"},"content":{"rendered":"<p>Kun juridinen prosessi on suoritettu, Nora Lindahl on Suomen maajoukkueurheilija.<\/p>\n<p><img decoding=\"async\" class=\"image image-show image-preview\" src=\"https:\/\/www.europesays.com\/fi\/wp-content\/uploads\/2026\/01\/408ac80d4c1599f57f7597c2de3c0a60d3f3c3aca327690ae6d1529615876062.jpg\" alt=\"\"\/><img decoding=\"async\" class=\"image image-show\" src=\"https:\/\/www.europesays.com\/fi\/wp-content\/uploads\/2026\/01\/1768335129_204_408ac80d4c1599f57f7597c2de3c0a60d3f3c3aca327690ae6d1529615876062.jpg\" alt=\"\"\/><\/p>\n<p>Nora Lindahl haluaa edustaa Suomea. Tomi Natri  \/AOP<\/p>\n<p class=\"paragraph\">Ruotsalaisen yleisurheilulahjakkuuden <strong>Nora Lindahlin<\/strong> halu edustaa Suomea on otettu Ruotsissa tyrmistyneen\u00e4 vastaan.<\/p>\n<p class=\"paragraph\">Suomen urheiluliitto tiedotti t\u00e4n\u00e4\u00e4n tiistaina Lindahlin esitt\u00e4neen Suomen urheiluliitolle (Sul) pyynn\u00f6n siirty\u00e4 edustamaan Suomea. Lindahl on Suomen ja Ruotsin kaksoiskansalainen, h\u00e4nen is\u00e4ns\u00e4 on entinen juoksija <strong>Markus Lindahl<\/strong>.<\/p>\n<p class=\"paragraph\">Sul on j\u00e4tt\u00e4nyt Kansainv\u00e4liselle yleisurheiluliitolle WA:lle hakemuksen Lindahlin edustusoikeuden saamisesta.<\/p>\n<p class=\"paragraph\">21-vuotias juoksijalahjakkuus on voittanut alle 20-vuotiaiden 200 metrin Euroopan mestaruuden vuonna 2023 ja alle 23-vuotiaiden EM-pronssin Bergeniss\u00e4 viime kes\u00e4n\u00e4. H\u00e4n edusti Ruotsia Pariisin vuoden 2024 olympialaisissa 200 metrill\u00e4. Viime kes\u00e4n EM-kisoissa h\u00e4n juoksi 200 metrin v\u00e4lieriin.<\/p>\n<p class=\"paragraph\">Ruotsissa Lindahlin halu vaihtaa edustusmaataan tuli t\u00e4yten\u00e4 yll\u00e4tyksen\u00e4.<\/p>\n<p class=\"paragraph\">\u2013 Olen h\u00e4mm\u00e4stynyt ja hieman py\u00f6r\u00e4ll\u00e4 p\u00e4\u00e4st\u00e4ni t\u00e4m \u00e4n takia, Ruotsin yleisurheilumaajoukkueen johtohahmo <strong>Kajsa Berqvist<\/strong> <a href=\"https:\/\/www.expressen.se\/sport\/friidrott\/svenska-friidrottaren-nora-lindahl-vill-borja-tavla-for-finland\/\" target=\"_blank\" rel=\"noopener nofollow\">sanoo Expressenille<\/a>.<\/p>\n<p class=\"paragraph\">\u2013 Puhuin asiasta Noran kanssa, eik\u00e4 t\u00e4m\u00e4n p\u00e4\u00e4t\u00f6ksen takana n\u00e4ytt\u00e4isi olevan mit\u00e4\u00e4n muuta kuin h\u00e4nen unelmansa edustaa is\u00e4ns\u00e4 synnyinmaata. T\u00e4m\u00e4 on suuri menetys ruotsalaiselle yleisurheilulle, Berqvist sanoo.<\/p>\n<p class=\"paragraph\">Ruotsin yleisradioyhti\u00f6 SVT maalailee jutussaan Lindahlin p\u00e4\u00e4t\u00f6ksen \u201diskeneen kuin pommi\u201d ruotsalaisten yleisurheilijoiden keskuudessa. Lindahl ei kertonut p\u00e4\u00e4t\u00f6ksest\u00e4\u00e4n vaihtaa edustusmaataan kenellek\u00e4\u00e4n ennen kuin asiasta tuli virallista.<\/p>\n<p class=\"paragraph\">Lindahlin vaihdos Ruotsin v\u00e4reist\u00e4 Suomeen on harvinaista, ellei jopa poikkeuksellista.<\/p>\n<p class=\"paragraph\">\u2013 En itse tied\u00e4 ket\u00e4\u00e4n muuta, joka olisi tehnyt n\u00e4in, Lindahl itse sanoo SVT:lle.<\/p>\n<p class=\"paragraph\">Viel\u00e4 ei ole varmuutta, milloin Lindahl voisi kilpailla Suomen lipun alla. Sul kertoo, ett\u00e4 jokaisen edustusmaan vaihdon yhteydess\u00e4 m\u00e4\u00e4ritet\u00e4\u00e4n karenssijakso, joka on l\u00e4ht\u00f6kohtaisesti kolmen vuoden pituinen. Karenssin lyhent\u00e4mist\u00e4 voi vaatia erityisill\u00e4 perusteilla. Jokainen hakemus arvioidaan m\u00e4\u00e4ritettyjen lyhennysperusteiden ja asiaa koskevien kokonaisolosuhteiden mukaan.<\/p>\n<p class=\"paragraph\">Sul on toimittanut WA:lle poikkeuslupahakemuksen, jotta karenssiaikaa saataisiin lyhyemm\u00e4ksi. Prosessin aikana Lindahl ei voi edustaa Suomea eik\u00e4 Ruotsia.<\/p>\n","protected":false},"excerpt":{"rendered":"Kun juridinen prosessi on suoritettu, Nora Lindahl on Suomen maajoukkueurheilija. Nora Lindahl haluaa edustaa Suomea. Tomi Natri \/AOP&hellip;\n","protected":false},"author":2,"featured_media":141461,"comment_status":"","ping_status":"","sticky":false,"template":"","format":"standard","meta":{"footnotes":""},"categories":[5],"tags":[35,22,23,26,27,33,31,30,17,99,100,24,25,41,28,29,15,18,21,98,103,32,19,20,16],"class_list":{"0":"post-141460","1":"post","2":"type-post","3":"status-publish","4":"format-standard","5":"has-post-thumbnail","7":"category-otsikot","8":"tag-24h","9":"tag-breaking-news","10":"tag-breakingnews","11":"tag-featured-news","12":"tag-featurednews","13":"tag-fi","14":"tag-finland","15":"tag-finnish","16":"tag-headlines","17":"tag-lapset","18":"tag-lapset-ja-nuoret","19":"tag-latest-news","20":"tag-latestnews","21":"tag-liikunta-ja-urheilu","22":"tag-main-news","23":"tag-mainnews","24":"tag-news","25":"tag-otsikot","26":"tag-paauutiset","27":"tag-perhe","28":"tag-sosiaalikysymykset","29":"tag-suomi","30":"tag-top-stories","31":"tag-topstories","32":"tag-uutiset"},"share_on_mastodon":{"url":"https:\/\/pubeurope.com\/@fi\/115889618504144130","error":""},"_links":{"self":[{"href":"https:\/\/www.europesays.com\/fi\/wp-json\/wp\/v2\/posts\/141460","targetHints":{"allow":["GET"]}}],"collection":[{"href":"https:\/\/www.europesays.com\/fi\/wp-json\/wp\/v2\/posts"}],"about":[{"href":"https:\/\/www.europesays.com\/fi\/wp-json\/wp\/v2\/types\/post"}],"author":[{"embeddable":true,"href":"https:\/\/www.europesays.com\/fi\/wp-json\/wp\/v2\/users\/2"}],"replies":[{"embeddable":true,"href":"https:\/\/www.europesays.com\/fi\/wp-json\/wp\/v2\/comments?post=141460"}],"version-history":[{"count":0,"href":"https:\/\/www.europesays.com\/fi\/wp-json\/wp\/v2\/posts\/141460\/revisions"}],"wp:featuredmedia":[{"embeddable":true,"href":"https:\/\/www.europesays.com\/fi\/wp-json\/wp\/v2\/media\/141461"}],"wp:attachment":[{"href":"https:\/\/www.europesays.com\/fi\/wp-json\/wp\/v2\/media?parent=141460"}],"wp:term":[{"taxonomy":"category","embeddable":true,"href":"https:\/\/www.europesays.com\/fi\/wp-json\/wp\/v2\/categories?post=141460"},{"taxonomy":"post_tag","embeddable":true,"href":"https:\/\/www.europesays.com\/fi\/wp-json\/wp\/v2\/tags?post=141460"}],"curies":[{"name":"wp","href":"https:\/\/api.w.org\/{rel}","templated":true}]}}