{"id":141462,"date":"2026-01-13T20:24:07","date_gmt":"2026-01-13T20:24:07","guid":{"rendered":"https:\/\/www.europesays.com\/fi\/141462\/"},"modified":"2026-01-13T20:24:07","modified_gmt":"2026-01-13T20:24:07","slug":"elon-musk-vaatii-nuorimman-lapsensa-yksinhuoltajuutta-syyna-aidin-somekommentti","status":"publish","type":"post","link":"https:\/\/www.europesays.com\/fi\/141462\/","title":{"rendered":"Elon Musk vaatii nuorimman lapsensa yksinhuoltajuutta \u2013 syyn\u00e4 \u00e4idin somekommentti"},"content":{"rendered":"<p>Elon Muskin nuorimmainen lapsi syntyi loppuvuodesta 2024.<\/p>\n<p class=\"article-body mb-nof-24 px-nof-16\">Miljard\u00f6\u00f6ri <a class=\"font-bold underline-offset-[0.12em] [text-decoration:var(--person-link-text-decoration)] ![text-decoration-color:var(--person-link-text-decoration-color)]\" href=\"https:\/\/www.is.fi\/haku\/?query=Elon%20Musk\" rel=\"nofollow noopener\" target=\"_blank\">Elon Musk<\/a> ilmoitti vaativansa reilun vuoden ik\u00e4isen poikansa yksinhuoltajuutta.<\/p>\n<p class=\"article-body mb-nof-24 px-nof-16\">People-lehden mukaan syyn\u00e4 on lapsen \u00e4idin, kirjailija <a class=\"font-bold underline-offset-[0.12em] [text-decoration:var(--person-link-text-decoration)] ![text-decoration-color:var(--person-link-text-decoration-color)]\" href=\"https:\/\/www.is.fi\/haku\/?query=Ashley%20St.%20Clairin\" rel=\"nofollow noopener\" target=\"_blank\">Ashley St. Clairin<\/a> julkaisema <a class=\"underline underline-offset-[0.12em] [text-decoration-thickness:var(--generic-link-underline-thickness)] [text-decoration-color:var(--generic-link-underline-color)] [text-decoration-skip-ink:var(--generic-link-underline-skip-ink)] break-words\" href=\"https:\/\/x.com\/stclairashley\/status\/2010328765503586572\" rel=\"nofollow\">somekommentti<\/a>. Siin\u00e4 h\u00e4n pyysi anteeksi aikaisemmin lausumiaan transfobisia kommentteja.<\/p>\n<p class=\"article-body mb-nof-24 px-nof-16\">\u2013 Tunnen suurta katumusta omasta osuudestani. Viel\u00e4 enemm\u00e4n kadun sit\u00e4, miten minun sanomiseni ovat saattaneet satuttaa oman poikani sisarta, h\u00e4n kirjoittaa.<\/p>\n<p class=\"article-body mb-nof-24 px-nof-16\">St. Clair viittaa poikansa sisarella todenn\u00e4k\u00f6isesti Elon Muskin 21-vuotiaaseen tytt\u00e4reen <a class=\"font-bold underline-offset-[0.12em] [text-decoration:var(--person-link-text-decoration)] ![text-decoration-color:var(--person-link-text-decoration-color)]\" href=\"https:\/\/www.is.fi\/haku\/?query=Vivian%20Jenna%20Wilsoniin\" rel=\"nofollow noopener\" target=\"_blank\">Vivian Jenna Wilsoniin<\/a>, joka on transnainen.<\/p>\n<p class=\"article-body mb-nof-24 px-nof-16\">\u2013 En tied\u00e4, miten korjata asia, mutta olen yritt\u00e4nyt kovasti oppia aiheesta ja osoittaa kannatusta transyhteis\u00f6\u00f6n kuuluville, joita olen satuttanut.<\/p>\n<p class=\"article-body mb-nof-24 px-nof-16\">\u2013 En ole puhunut asiasta juurikaan, sill\u00e4 olen pohtinut, voinko omalla \u00e4\u00e4nell\u00e4ni auttaa, koska t\u00e4m\u00e4 kommentti saatetaan tulkita tekopyh\u00e4n\u00e4.<\/p>\n<p class=\"article-body mb-nof-24 px-nof-16\">Pian St. Clairin julkaisun j\u00e4lkeen Musk ilmoitti <a class=\"underline underline-offset-[0.12em] [text-decoration-thickness:var(--generic-link-underline-thickness)] [text-decoration-color:var(--generic-link-underline-color)] [text-decoration-skip-ink:var(--generic-link-underline-skip-ink)] break-words\" href=\"https:\/\/x.com\/elonmusk\/status\/2010692217510236618\" rel=\"nofollow\">X-julkaisulla<\/a> haluavansa hakea yksinhuoltajuutta.<\/p>\n<p class=\"article-body mb-nof-24 px-nof-16\">\u2013 Aion hakea yksinhuoltajuutta t\u00e4n\u00e4\u00e4n, koska h\u00e4n antaa julkaisussaan ymm\u00e4rt\u00e4\u00e4, ett\u00e4 saattaisi korjata yksivuotiaan pojan sukupuolen, Musk kirjoitti.<\/p>\n<p class=\"article-body mb-nof-24 px-nof-16\">St. Clair ei maininnut julkaisussaan, ett\u00e4 aikoo korjata vuoden ik\u00e4isen poikansa sukupuolta.<\/p>\n<p class=\"article-body mb-nof-24 px-nof-16\">Musk on julkisuudessa esitt\u00e4nyt aikaisemminkin transfobisia kommentteja. H\u00e4n on esimerkiksi kirjoittanut X:ss\u00e4, ett\u00e4 h\u00e4nen mielest\u00e4\u00e4n Vivian Wilson on \u201dkuollut woke-virukseen\u201d.<\/p>\n<p class=\"article-body mb-nof-24 px-nof-16\">Wilson on kertonut julkisuuteen, ettei h\u00e4n halua tulla yhdistetyksi is\u00e4\u00e4ns\u00e4. Vuonna 2022 h\u00e4n t\u00e4ytti 18 ja j\u00e4tti virallisen hakemuksen nimens\u00e4 vaihtamiseksi. Samalla kertaa vaihtuivat sek\u00e4 etu- ett\u00e4 sukunimi.<\/p>\n<p class=\"article-body mb-nof-24 px-nof-16\">Wilson kertoi vanhemmilleen sukupuoli-identiteetist\u00e4\u00e4n vuonna 2020, kun oli viel\u00e4 alaik\u00e4inen. H\u00e4n kertoi, ett\u00e4 \u00e4iti tuki h\u00e4nt\u00e4 alusta asti, mutta Musk ei niink\u00e4\u00e4n.<\/p>\n<p class=\"article-body mb-nof-24 px-nof-16\">\u2013 H\u00e4n ei tukenut minua niin kuin \u00e4itini tuki, h\u00e4n kertoi haastattelussa <a class=\"underline underline-offset-[0.12em] [text-decoration-thickness:var(--generic-link-underline-thickness)] [text-decoration-color:var(--generic-link-underline-color)] [text-decoration-skip-ink:var(--generic-link-underline-skip-ink)] break-words\" href=\"https:\/\/people.com\/elon-musk-estranged-daughter-recalls-parents-differing-reactions-to-trans-reveal-11700661\" rel=\"nofollow noopener\" target=\"_blank\">People<\/a>-lehden mukaan.<\/p>\n<p class=\"article-body mb-nof-24 px-nof-16\">\u2013 Ensinn\u00e4kin, en ollut puhunut h\u00e4nelle tuolloin kuukausiin, siis kuukausiin, ja minun piti pyyt\u00e4\u00e4 h\u00e4nelt\u00e4 vanhemman lupa, jotta p\u00e4\u00e4sen hormonihoitoihin, h\u00e4n on kertonut.<\/p>\n","protected":false},"excerpt":{"rendered":"Elon Muskin nuorimmainen lapsi syntyi loppuvuodesta 2024. Miljard\u00f6\u00f6ri Elon Musk ilmoitti vaativansa reilun vuoden ik\u00e4isen poikansa yksinhuoltajuutta. People-lehden&hellip;\n","protected":false},"author":2,"featured_media":141463,"comment_status":"","ping_status":"","sticky":false,"template":"","format":"standard","meta":{"footnotes":""},"categories":[136],"tags":[407,137,33,31,30,34,408,32,109],"class_list":{"0":"post-141462","1":"post","2":"type-post","3":"status-publish","4":"format-standard","5":"has-post-thumbnail","7":"category-julkkikset","8":"tag-celebrities","9":"tag-entertainment","10":"tag-fi","11":"tag-finland","12":"tag-finnish","13":"tag-ilta-sanomat","14":"tag-julkkikset","15":"tag-suomi","16":"tag-viihde"},"share_on_mastodon":{"url":"https:\/\/pubeurope.com\/@fi\/115889665637827577","error":""},"_links":{"self":[{"href":"https:\/\/www.europesays.com\/fi\/wp-json\/wp\/v2\/posts\/141462","targetHints":{"allow":["GET"]}}],"collection":[{"href":"https:\/\/www.europesays.com\/fi\/wp-json\/wp\/v2\/posts"}],"about":[{"href":"https:\/\/www.europesays.com\/fi\/wp-json\/wp\/v2\/types\/post"}],"author":[{"embeddable":true,"href":"https:\/\/www.europesays.com\/fi\/wp-json\/wp\/v2\/users\/2"}],"replies":[{"embeddable":true,"href":"https:\/\/www.europesays.com\/fi\/wp-json\/wp\/v2\/comments?post=141462"}],"version-history":[{"count":0,"href":"https:\/\/www.europesays.com\/fi\/wp-json\/wp\/v2\/posts\/141462\/revisions"}],"wp:featuredmedia":[{"embeddable":true,"href":"https:\/\/www.europesays.com\/fi\/wp-json\/wp\/v2\/media\/141463"}],"wp:attachment":[{"href":"https:\/\/www.europesays.com\/fi\/wp-json\/wp\/v2\/media?parent=141462"}],"wp:term":[{"taxonomy":"category","embeddable":true,"href":"https:\/\/www.europesays.com\/fi\/wp-json\/wp\/v2\/categories?post=141462"},{"taxonomy":"post_tag","embeddable":true,"href":"https:\/\/www.europesays.com\/fi\/wp-json\/wp\/v2\/tags?post=141462"}],"curies":[{"name":"wp","href":"https:\/\/api.w.org\/{rel}","templated":true}]}}