{"id":141466,"date":"2026-01-13T20:28:06","date_gmt":"2026-01-13T20:28:06","guid":{"rendered":"https:\/\/www.europesays.com\/fi\/141466\/"},"modified":"2026-01-13T20:28:06","modified_gmt":"2026-01-13T20:28:06","slug":"viime-vuoden-soitetuin-radiokappale-on-selvilla-jokainen-radion-ohi-kavellyt-on-luultavasti-kuullut-sen","status":"publish","type":"post","link":"https:\/\/www.europesays.com\/fi\/141466\/","title":{"rendered":"Viime vuoden soitetuin radiokappale on selvill\u00e4 \u2013 jokainen radion ohi k\u00e4vellyt on luultavasti kuullut sen"},"content":{"rendered":"<p>Vuoden 2025 soitetuin radiokappale on nyt selvill\u00e4.<\/p>\n<p>Ykk\u00f6ssijalle ylsi <strong>Nelli Matulan<\/strong> Hitaammin hautaan.<\/p>\n<p>Lue my\u00f6s: <a href=\"https:\/\/www.voice.fi\/ilmiot\/a-235881\" title=\"Erika Vikman julkaisi Instagramissa ajatuksia her\u00e4tt\u00e4v\u00e4n postauksen \u2013 asetettiin 18 vuoden alaik\u00e4raja\" class=\"underline-custom !font-montserrat !font-bold !underline-offset-4 !decoration-4 !decoration-tilt-light !text-md\" rel=\"nofollow noopener\" target=\"_blank\">Erika Vikman julkaisi Instagramissa ajatuksia her\u00e4tt\u00e4v\u00e4n postauksen \u2013 asetettiin 18 vuoden alaik\u00e4raja<\/a><\/p>\n<p>Lue my\u00f6s: <a href=\"https:\/\/www.voice.fi\/ilmiot\/a-202822\" title=\"Tied\u00e4tk\u00f6, mink\u00e4 ik\u00e4isi\u00e4 suomalaist\u00e4hdet ovat? Ota haaste vastaan ja testaa!\" class=\"underline-custom !font-montserrat !font-bold !underline-offset-4 !decoration-4 !decoration-tilt-light !text-md\" rel=\"nofollow noopener\" target=\"_blank\">Tied\u00e4tk\u00f6, mink\u00e4 ik\u00e4isi\u00e4 suomalaist\u00e4hdet ovat? Ota haaste vastaan ja testaa!<\/a><\/p>\n<p>Matula sijoittui biisill\u00e4\u00e4n Uuden musiikin kilpailussa jaetulle kolmannelle sijalle yhdess\u00e4 <strong>Viivin<\/strong> Aina-kappaleen kanssa.<\/p>\n<p>Lopulta Aina sai enemm\u00e4n ratkaisevia yleis\u00f6pisteit\u00e4, ja Hitaammin hautaan sijoittui kokonaistuloksessa nelj\u00e4nneksi.<\/p>\n<p>Universal Musicin mukaan Hitaammin hautaan oli radiolistan soitetuin kappale 14 viikkoa yht\u00e4 soittoa, ja se tavoitti viime vuoden aikana yli 170 miljoonaa kuulijaa.<\/p>\n<p>Lue my\u00f6s: <a href=\"https:\/\/www.voice.fi\/ilmiot\/a-235737\" title=\"UMK-artistien esiintymisasut paljastettu \u2013 n\u00e4m\u00e4 tyylit valloittavat t\u00e4n\u00e4\u00e4n lavan\" class=\"underline-custom !font-montserrat !font-bold !underline-offset-4 !decoration-4 !decoration-tilt-light !text-md\" rel=\"nofollow noopener\" target=\"_blank\">UMK-artistien esiintymisasut paljastettu \u2013 n\u00e4m\u00e4 tyylit valloittavat t\u00e4n\u00e4\u00e4n lavan<\/a><\/p>\n<p>Lue my\u00f6s: <a href=\"https:\/\/www.voice.fi\/ilmiot\/a-179689\" title=\"Ihmiset raivostuivat Instagram-kaunottarelle t\u00e4m\u00e4n miehen kohtelusta: &quot;Tuo ei kerro rakkaudesta&quot;\" class=\"underline-custom !font-montserrat !font-bold !underline-offset-4 !decoration-4 !decoration-tilt-light !text-md\" rel=\"nofollow noopener\" target=\"_blank\">Ihmiset raivostuivat Instagram-kaunottarelle t\u00e4m\u00e4n miehen kohtelusta: &#8221;Tuo ei kerro rakkaudesta&#8221;<\/a><\/p>\n<p>Kappale on syntynyt Matulan, <strong>Antti Riihim\u00e4en, Kaisa Korhosen<\/strong> ja tuottajakaksikko <strong>Los Rollosin<\/strong> yhteisty\u00f6n\u00e4.<\/p>\n<p>Los Rollosin muodostavat <strong>Iiro Paakkari<\/strong> ja <strong>Arttu Istala<\/strong>. Samat miehet tuottivat my\u00f6s Matulan toisen studioalbumin Kiltti tytt\u00f6, joka ilmestyi vuonna 2022.<\/p>\n<p>Hitaammin hautaan on my\u00f6s ehdolla Emma-gaalassa Vuoden biisiksi.<\/p>\n","protected":false},"excerpt":{"rendered":"Vuoden 2025 soitetuin radiokappale on nyt selvill\u00e4. Ykk\u00f6ssijalle ylsi Nelli Matulan Hitaammin hautaan. Lue my\u00f6s: Erika Vikman julkaisi&hellip;\n","protected":false},"author":2,"featured_media":141467,"comment_status":"","ping_status":"","sticky":false,"template":"","format":"standard","meta":{"footnotes":""},"categories":[132],"tags":[137,33,31,30,195,47,24359,32,109,24360],"class_list":{"0":"post-141466","1":"post","2":"type-post","3":"status-publish","4":"format-standard","5":"has-post-thumbnail","7":"category-musiikki","8":"tag-entertainment","9":"tag-fi","10":"tag-finland","11":"tag-finnish","12":"tag-music","13":"tag-musiikki","14":"tag-radiokappale","15":"tag-suomi","16":"tag-viihde","17":"tag-viime-vuoden-soitetuin"},"share_on_mastodon":{"url":"https:\/\/pubeurope.com\/@fi\/115889681721945334","error":""},"_links":{"self":[{"href":"https:\/\/www.europesays.com\/fi\/wp-json\/wp\/v2\/posts\/141466","targetHints":{"allow":["GET"]}}],"collection":[{"href":"https:\/\/www.europesays.com\/fi\/wp-json\/wp\/v2\/posts"}],"about":[{"href":"https:\/\/www.europesays.com\/fi\/wp-json\/wp\/v2\/types\/post"}],"author":[{"embeddable":true,"href":"https:\/\/www.europesays.com\/fi\/wp-json\/wp\/v2\/users\/2"}],"replies":[{"embeddable":true,"href":"https:\/\/www.europesays.com\/fi\/wp-json\/wp\/v2\/comments?post=141466"}],"version-history":[{"count":0,"href":"https:\/\/www.europesays.com\/fi\/wp-json\/wp\/v2\/posts\/141466\/revisions"}],"wp:featuredmedia":[{"embeddable":true,"href":"https:\/\/www.europesays.com\/fi\/wp-json\/wp\/v2\/media\/141467"}],"wp:attachment":[{"href":"https:\/\/www.europesays.com\/fi\/wp-json\/wp\/v2\/media?parent=141466"}],"wp:term":[{"taxonomy":"category","embeddable":true,"href":"https:\/\/www.europesays.com\/fi\/wp-json\/wp\/v2\/categories?post=141466"},{"taxonomy":"post_tag","embeddable":true,"href":"https:\/\/www.europesays.com\/fi\/wp-json\/wp\/v2\/tags?post=141466"}],"curies":[{"name":"wp","href":"https:\/\/api.w.org\/{rel}","templated":true}]}}